{"id":128007,"date":"2025-09-20T19:16:48","date_gmt":"2025-09-20T19:16:48","guid":{"rendered":"https:\/\/www.europesays.com\/es\/128007\/"},"modified":"2025-09-20T19:16:48","modified_gmt":"2025-09-20T19:16:48","slug":"hoy-es-el-dia-de-batman-y-puedes-celebrarlo-viendo-su-pelicula-mas-audaz-de-los-ultimos-anos-de-manera-gratuita-y-por-tiempo-limitado","status":"publish","type":"post","link":"https:\/\/www.europesays.com\/es\/128007\/","title":{"rendered":"Hoy es el D\u00eda de Batman, y puedes celebrarlo viendo su pel\u00edcula \u201cm\u00e1s audaz de los \u00faltimos a\u00f1os\u201d de manera gratuita y por tiempo limitado"},"content":{"rendered":"<p>Batman celebra su d\u00eda este 20 de septiembre, y para conmemorarlo puedes ver una de sus pel\u00edculas m\u00e1s divertidas y mejor realizadas sin moverte de casa.<\/p>\n<p>Hoy,<strong> s\u00e1bado 20 de septiembre<\/strong>, se celebra un a\u00f1o m\u00e1s el <strong>D\u00eda de Batman<\/strong>, siguiendo la tradici\u00f3n de conmemorar al superh\u00e9roe m\u00e1s famoso de <a href=\"https:\/\/www.hobbyconsolas.com\/reportajes\/10-mejores-momentos-peliculas-universo-dc-268807\" title=\"Los 10 mejores momentos de las pel\u00edculas del Universo DC\" rel=\"nofollow noopener\" target=\"_blank\">DC<\/a> de manera oficial el tercer s\u00e1bado de cada mes de septiembre.\u00a0<\/p>\n<p>Si bien es cierto que hoy se celebra el D\u00eda de <a href=\"https:\/\/www.hobbyconsolas.com\/reportajes\/batman-burton-como-cineasta-ayudo-edificar-cine-superheroes-1403693\" title=\"Batman por Burton: c\u00f3mo el cineasta ayud\u00f3 a edificar el cine de superh\u00e9roes actual\" rel=\"nofollow noopener\" target=\"_blank\">Batman<\/a>, hay otra fecha habitual en la que se rinde homenaje al personaje, el 23 de julio, y quiz\u00e1 por eso no se le est\u00e9 dando tanta importancia al personaje en la televisi\u00f3n como esperaba.\u00a0<\/p>\n<p><a href=\"https:\/\/www.hobbyconsolas.com\/reportajes\/que-paso-fue-val-kilmer-1194608\" data-gacat=\"relacionado-manual\" rel=\"nofollow noopener\" target=\"_blank\"><img alt=\"Val Kilmer\" loading=\"lazy\" width=\"124\" height=\"83\" decoding=\"async\" data-nimg=\"1\" style=\"color:transparent\"  src=\"https:\/\/www.europesays.com\/es\/wp-content\/uploads\/2025\/09\/val-kilmer-2954190.jpg\"\/><\/a><\/p>\n<p>Despu\u00e9s de revisar la programaci\u00f3n de este s\u00e1bado, tan s\u00f3lo una cadena le cede algunas horas a <strong>Batman<\/strong>: <strong>Boing <\/strong>emitir\u00e1 esta noche <a href=\"https:\/\/www.hobbyconsolas.com\/reviews\/batman-lego-pelicula-critica-spin-bloques-ambientado-gotham-89180\" title=\"Batman: La LEGO pel\u00edcula - Cr\u00edtica del spin-off de bloques ambientado en Gotham\" rel=\"nofollow noopener\" target=\"_blank\">Batman: La LEGO pel\u00edcula<\/a> (2017), una comedia familiar perfecta para fans del personaje pero tambi\u00e9n<strong> para fans del humor de<\/strong> <strong>LEGO<\/strong>.<\/p>\n<p>Adem\u00e1s, siendo una cinta de animaci\u00f3n que se podr\u00e1 ver desde un canal infantil, tendremos la suerte de que no terminar\u00e1 demasiado tarde. <strong>Batman: La LEGO pel\u00edcula<\/strong> comenzar\u00e1 su emisi\u00f3n a las 21:27 en Boing, y finalizar\u00e1 a las 23:35. La pel\u00edcula cuenta con una duraci\u00f3n total de 104 minutos, aunque hay que tener en cuenta que en la cadena nos encontraremos con anuncios.<\/p>\n<p>\u00bfCu\u00e1l es el origen de Batman: La LEGO pel\u00edcula?<img alt=\"Batman: La LEGO pel\u00edcula\" loading=\"lazy\" width=\"1920\" height=\"1080\" decoding=\"async\" data-nimg=\"1\" class=\"embed-image_image__UfA0I\" style=\"color:transparent\"   src=\"https:\/\/www.europesays.com\/es\/wp-content\/uploads\/2025\/09\/batman-lego-pelicula-4364617.jpg\"\/><\/p>\n<p>Batman: La LEGO pel\u00edcula se estren\u00f3 como respuesta al \u00e9xito que tuvo <a href=\"https:\/\/www.hobbyconsolas.com\/reviews\/critica-lego-pelicula-63134\" title=\"Cr\u00edtica de La LEGO pel\u00edcula\" rel=\"nofollow noopener\" target=\"_blank\">La LEGO pel\u00edcula<\/a> en 2014, una cinta original de <strong>LEGO <\/strong>que logr\u00f3 enamorar a las audiencias de todas las edades. Su spin-off, decidi\u00f3 rescatar a un personaje memorable del mundo de los c\u00f3mics de <strong>DC <\/strong>y del cine para aportarle ese toque caracter\u00edstico.<\/p>\n<p><strong>La adaptaci\u00f3n de LEGO de <\/strong><strong>Batman<\/strong> result\u00f3 ser casi igual de popular que su predecesora, gracias a la combinaci\u00f3n de elementos como: una buena animaci\u00f3n, la introducci\u00f3n de easter eggs y lo divertida que era. En HobbyCine se llev\u00f3 una nota de 80, y se destac\u00f3 de ella que era la pel\u00edcula \u201cm\u00e1s audaz de Batman de los \u00faltimos a\u00f1os\u201d.<\/p>\n<p>Conoce <a href=\"https:\/\/www.hobbyconsolas.com\/como-trabajamos\" title=\"&quot;C\u00f3mo trabajamos en HobbyConsolas&quot;\" target=\"_blank\" rel=\"nofollow noopener\">c\u00f3mo trabajamos<\/a> en HobbyConsolas.<\/p>\n","protected":false},"excerpt":{"rendered":"Batman celebra su d\u00eda este 20 de septiembre, y para conmemorarlo puedes ver una de sus pel\u00edculas m\u00e1s&hellip;\n","protected":false},"author":2,"featured_media":128008,"comment_status":"","ping_status":"","sticky":false,"template":"","format":"standard","meta":{"footnotes":""},"categories":[169],"tags":[177,146,147,25,24,176,175,23],"class_list":{"0":"post-128007","1":"post","2":"type-post","3":"status-publish","4":"format-standard","5":"has-post-thumbnail","7":"category-cine","8":"tag-cine","9":"tag-entertainment","10":"tag-entretenimiento","11":"tag-es","12":"tag-espana","13":"tag-film","14":"tag-movies","15":"tag-spain"},"share_on_mastodon":{"url":"","error":""},"_links":{"self":[{"href":"https:\/\/www.europesays.com\/es\/wp-json\/wp\/v2\/posts\/128007","targetHints":{"allow":["GET"]}}],"collection":[{"href":"https:\/\/www.europesays.com\/es\/wp-json\/wp\/v2\/posts"}],"about":[{"href":"https:\/\/www.europesays.com\/es\/wp-json\/wp\/v2\/types\/post"}],"author":[{"embeddable":true,"href":"https:\/\/www.europesays.com\/es\/wp-json\/wp\/v2\/users\/2"}],"replies":[{"embeddable":true,"href":"https:\/\/www.europesays.com\/es\/wp-json\/wp\/v2\/comments?post=128007"}],"version-history":[{"count":0,"href":"https:\/\/www.europesays.com\/es\/wp-json\/wp\/v2\/posts\/128007\/revisions"}],"wp:featuredmedia":[{"embeddable":true,"href":"https:\/\/www.europesays.com\/es\/wp-json\/wp\/v2\/media\/128008"}],"wp:attachment":[{"href":"https:\/\/www.europesays.com\/es\/wp-json\/wp\/v2\/media?parent=128007"}],"wp:term":[{"taxonomy":"category","embeddable":true,"href":"https:\/\/www.europesays.com\/es\/wp-json\/wp\/v2\/categories?post=128007"},{"taxonomy":"post_tag","embeddable":true,"href":"https:\/\/www.europesays.com\/es\/wp-json\/wp\/v2\/tags?post=128007"}],"curies":[{"name":"wp","href":"https:\/\/api.w.org\/{rel}","templated":true}]}}