{"id":128021,"date":"2025-09-20T19:24:10","date_gmt":"2025-09-20T19:24:10","guid":{"rendered":"https:\/\/www.europesays.com\/es\/128021\/"},"modified":"2025-09-20T19:24:10","modified_gmt":"2025-09-20T19:24:10","slug":"mbappe-y-militao-anotan-y-real-madrid-propina-primera-derrota-al-espanyol","status":"publish","type":"post","link":"https:\/\/www.europesays.com\/es\/128021\/","title":{"rendered":"Mbapp\u00e9 y Milit\u00e3o anotan y Real Madrid propina primera derrota al Espanyol"},"content":{"rendered":"\n<p>BARCELONA\u00a0\u2014\u00a0Kylian Mbapp\u00e9 y \u00c9der Milit\u00e3o anotaron desde fuera del \u00e1rea para ayudar al Real Madrid a superar el s\u00e1bado 2-0 al Espanyol en La Liga, infligiendo al equipo de Barcelona su primera derrota.<\/p>\n<p>El Espanyol le dio a Milit\u00e3o un peque\u00f1o espacio y el defensor brasile\u00f1o dispar\u00f3 de potente de derecha al \u00e1ngulo a los 22 minutos. Marko Dmitrovic se estir\u00f3 yalcanz\u00f3 a tocar el bal\u00f3n con los dedos, pero no pudo detener el potente tiro.<\/p>\n<p>Fue el turno de Mbapp\u00e9 a los 47 minutos, y con tiempo escogi\u00f3 a donde enviar su disparo que Dmitrovic solo pudo ver c\u00f3mo se anidaba en la red.<\/p>\n<p>Mbapp\u00e9 lleva siete goles en seis partidos para el Madrid esta temporada, incluyendo un doblete en su victoria 2-1 sobre el Marsella para comenzar el martes la Liga de Campeones.<\/p>\n<p>El Madrid se coloc\u00f3 cinco puntos por delante del Espanyol y del Barcelona, que el domingo recibe al Getafe, quinto clasificado, en el Estadi Johan Cruyff de 6.000 asientos.<\/p>\n<p>El centrocampista ingl\u00e9s Jude Bellingham entr\u00f3 como suplente en los minutos finales en su primera aparici\u00f3n desde que se someti\u00f3 a una operaci\u00f3n en su hombro izquierdo el 16 de julio.<\/p>\n<p>___<\/p>\n<p>Deportes AP: <a class=\"link\" href=\"https:\/\/apnews.com\/hub\/deportes\" target=\"_blank\" rel=\"nofollow noopener\">https:\/\/apnews.com\/hub\/deportes<\/a><\/p>\n","protected":false},"excerpt":{"rendered":"BARCELONA\u00a0\u2014\u00a0Kylian Mbapp\u00e9 y \u00c9der Milit\u00e3o anotaron desde fuera del \u00e1rea para ayudar al Real Madrid a superar el&hellip;\n","protected":false},"author":2,"featured_media":128022,"comment_status":"","ping_status":"","sticky":false,"template":"","format":"standard","meta":{"footnotes":""},"categories":[5],"tags":[5098,210,10912,17,18,17415,25,24,16789,13,14,11,14924,19,20,1044,41371,24904,41370,14499,9,10,15,16,14765,2354,6076,3048,23,12,21,22],"class_list":{"0":"post-128021","1":"post","2":"type-post","3":"status-publish","4":"format-standard","5":"has-post-thumbnail","7":"category-titulares","8":"tag-_-_-_","9":"tag-barcelona","10":"tag-brasileno","11":"tag-breaking-news","12":"tag-breakingnews","13":"tag-clasificado","14":"tag-es","15":"tag-espana","16":"tag-espanyol","17":"tag-featured-news","18":"tag-featurednews","19":"tag-headlines","20":"tag-izquierdo","21":"tag-latest-news","22":"tag-latestnews","23":"tag-liga","24":"tag-marko-dmitrovic","25":"tag-mbappe","26":"tag-militao","27":"tag-minuto","28":"tag-news","29":"tag-noticias","30":"tag-noticias-destacadas","31":"tag-noticiasdestacadas","32":"tag-potente","33":"tag-primero-derrota","34":"tag-quinto","35":"tag-real-madrid","36":"tag-spain","37":"tag-titulares","38":"tag-ultimas-noticias","39":"tag-ultimasnoticias"},"share_on_mastodon":{"url":"","error":""},"_links":{"self":[{"href":"https:\/\/www.europesays.com\/es\/wp-json\/wp\/v2\/posts\/128021","targetHints":{"allow":["GET"]}}],"collection":[{"href":"https:\/\/www.europesays.com\/es\/wp-json\/wp\/v2\/posts"}],"about":[{"href":"https:\/\/www.europesays.com\/es\/wp-json\/wp\/v2\/types\/post"}],"author":[{"embeddable":true,"href":"https:\/\/www.europesays.com\/es\/wp-json\/wp\/v2\/users\/2"}],"replies":[{"embeddable":true,"href":"https:\/\/www.europesays.com\/es\/wp-json\/wp\/v2\/comments?post=128021"}],"version-history":[{"count":0,"href":"https:\/\/www.europesays.com\/es\/wp-json\/wp\/v2\/posts\/128021\/revisions"}],"wp:featuredmedia":[{"embeddable":true,"href":"https:\/\/www.europesays.com\/es\/wp-json\/wp\/v2\/media\/128022"}],"wp:attachment":[{"href":"https:\/\/www.europesays.com\/es\/wp-json\/wp\/v2\/media?parent=128021"}],"wp:term":[{"taxonomy":"category","embeddable":true,"href":"https:\/\/www.europesays.com\/es\/wp-json\/wp\/v2\/categories?post=128021"},{"taxonomy":"post_tag","embeddable":true,"href":"https:\/\/www.europesays.com\/es\/wp-json\/wp\/v2\/tags?post=128021"}],"curies":[{"name":"wp","href":"https:\/\/api.w.org\/{rel}","templated":true}]}}