{"id":128025,"date":"2025-09-20T19:26:12","date_gmt":"2025-09-20T19:26:12","guid":{"rendered":"https:\/\/www.europesays.com\/es\/128025\/"},"modified":"2025-09-20T19:26:12","modified_gmt":"2025-09-20T19:26:12","slug":"david-de-miranda-premio-a-la-mejor-faena-de-la-temporada-en-la-vi-bienal-internacional-de-la-tauromaquia","status":"publish","type":"post","link":"https:\/\/www.europesays.com\/es\/128025\/","title":{"rendered":"David de Miranda, premio a la \u2018Mejor Faena de la Temporada\u2019 en la VI Bienal Internacional de la Tauromaquia"},"content":{"rendered":"<p><img decoding=\"async\" src=\"https:\/\/www.europesays.com\/es\/wp-content\/uploads\/2025\/09\/534288883_1173277144846978_8999565693308760628_n-678x381.jpg\" alt=\"\" title=\"534288883_1173277144846978_8999565693308760628_n\"\/>David de Miranda saliendo por la puerta grande en La Malagueta<\/p>\n<p style=\"text-align: justify;\">La <strong>Asociaci\u00f3n Tauromundo<\/strong> ha anunciado los galardonados de la pr\u00f3xima <strong>VI Bienal Internacional de la Tauromaquia<\/strong>, que se celebrar\u00e1 los d\u00edas 24, 25 y 26 de octubre de 2025 en el emblem\u00e1tico Alc\u00e1zar de Jerez de la Frontera. Entre los premiados destaca el nombre del torero onubense <strong>David de Miranda<\/strong>, quien ha sido reconocido con el <strong>premio a la \u201cMejor Faena de la Temporada<\/strong>\u201d, por su memorable actuaci\u00f3n en la <strong>plaza de toros de La Malagueta<\/strong> el pasado 19 de agosto.<\/p>\n<p style=\"text-align: justify;\">En una tarde que ya forma parte de la historia reciente de la tauromaquia, el diestro de Trigueros deslumbr\u00f3 al p\u00fablico malague\u00f1o al cortar dos orejas al primero de su lote, un toro de la prestigiosa ganader\u00eda de Victoriano del R\u00edo. Su entrega, arte y valor le valieron no solo los m\u00e1ximos trofeos, sino tambi\u00e9n el reconocimiento un\u00e1nime de la cr\u00edtica taurina. Aquella faena, cargada de emoci\u00f3n y temple, ha sido considerada una de las m\u00e1s conmovedoras y valientes de la temporada 2025, y consolida a David de Miranda como una de las figuras m\u00e1s destacadas del panorama taurino actual.<\/p>\n<p style=\"text-align: justify;\">La <strong>Asociaci\u00f3n Tauromundo<\/strong>, entidad organizadora de la Bienal, es una organizaci\u00f3n sin \u00e1nimo de lucro inscrita en el Registro de Asociaciones de la Junta de Andaluc\u00eda. Su labor se centra en la divulgaci\u00f3n de la Tauromaquia y en la defensa de la Fiesta de los Toros como expresi\u00f3n cultural y art\u00edstica. Con la celebraci\u00f3n de esta Bienal -que excepcionalmente tendr\u00e1 lugar en Jerez gracias a la petici\u00f3n de la Fundaci\u00f3n Cultura Taurina-, se suma al impulso de la candidatura de la ciudad como Capital Europea de la Cultura 2031.<\/p>\n<p style=\"text-align: justify;\">Durante la Bienal, tendr\u00e1 lugar una gala de entrega de premios que rendir\u00e1 homenaje a los profesionales m\u00e1s destacados de la temporada taurina 2025. La relaci\u00f3n de premiados incluye figuras consagradas y entidades que<br \/>han trabajado en favor de la tauromaquia:<\/p>\n<p style=\"text-align: justify;\">Galardonados VI Bienal Internacional de la Tauromaquia:<br \/>\u2013 Mejor Faena de la Temporada: David de Miranda.<\/p>\n<p style=\"text-align: justify;\">\u2013 Triunfador de la Temporada: Morante de la Puebla.<\/p>\n<p style=\"text-align: justify;\">\u2013 Mejor Rejoneador de la Temporada: Diego Ventura.<\/p>\n<p style=\"text-align: justify;\">\u2013 Mejor Subalterno de la Temporada: Juan Sierra.<\/p>\n<p style=\"text-align: justify;\">\u2013 Mejor Ganader\u00eda: Juan Pedro Domecq.<\/p>\n<p style=\"text-align: justify;\">\u2013 Premio al Fomento y Promoci\u00f3n de la Cultura Taurina: Asociaci\u00f3n Andaluza de Escuelas Taurinas \u201cPedro Romero\u201d.<\/p>\n<p style=\"text-align: justify;\">\u2013 A la Difusi\u00f3n Taurina: Remagens Ouro Plata.<\/p>\n<p style=\"text-align: justify;\">\u2013 A la Trayectoria Taurina: Juli\u00e1n L\u00f3pez \u201cEl Juli\u201d.<\/p>\n<p style=\"text-align: justify;\">\u2013 A t\u00edtulo p\u00f3stumo: Alfonso Ord\u00f3\u00f1ez.<\/p>\n<p style=\"text-align: justify;\">La VI Bienal Internacional de la Tauromaquia se perfila as\u00ed como uno de los eventos culturales m\u00e1s relevantes del oto\u00f1o andaluz, reafirmando el compromiso con la tradici\u00f3n, el arte y la proyecci\u00f3n<\/p>\n","protected":false},"excerpt":{"rendered":"David de Miranda saliendo por la puerta grande en La Malagueta La Asociaci\u00f3n Tauromundo ha anunciado los galardonados&hellip;\n","protected":false},"author":2,"featured_media":128026,"comment_status":"","ping_status":"","sticky":false,"template":"","format":"standard","meta":{"footnotes":""},"categories":[277],"tags":[373,12896,168,25,24,36205,23,167,625,374,444],"class_list":{"0":"post-128025","1":"post","2":"type-post","3":"status-publish","4":"format-standard","5":"has-post-thumbnail","7":"category-toreo","8":"tag-bullfighting","9":"tag-david-de-miranda","10":"tag-deportes","11":"tag-es","12":"tag-espana","13":"tag-portada-3","14":"tag-spain","15":"tag-sports","16":"tag-tauromaquia","17":"tag-toreo","18":"tag-toros"},"share_on_mastodon":{"url":"","error":""},"_links":{"self":[{"href":"https:\/\/www.europesays.com\/es\/wp-json\/wp\/v2\/posts\/128025","targetHints":{"allow":["GET"]}}],"collection":[{"href":"https:\/\/www.europesays.com\/es\/wp-json\/wp\/v2\/posts"}],"about":[{"href":"https:\/\/www.europesays.com\/es\/wp-json\/wp\/v2\/types\/post"}],"author":[{"embeddable":true,"href":"https:\/\/www.europesays.com\/es\/wp-json\/wp\/v2\/users\/2"}],"replies":[{"embeddable":true,"href":"https:\/\/www.europesays.com\/es\/wp-json\/wp\/v2\/comments?post=128025"}],"version-history":[{"count":0,"href":"https:\/\/www.europesays.com\/es\/wp-json\/wp\/v2\/posts\/128025\/revisions"}],"wp:featuredmedia":[{"embeddable":true,"href":"https:\/\/www.europesays.com\/es\/wp-json\/wp\/v2\/media\/128026"}],"wp:attachment":[{"href":"https:\/\/www.europesays.com\/es\/wp-json\/wp\/v2\/media?parent=128025"}],"wp:term":[{"taxonomy":"category","embeddable":true,"href":"https:\/\/www.europesays.com\/es\/wp-json\/wp\/v2\/categories?post=128025"},{"taxonomy":"post_tag","embeddable":true,"href":"https:\/\/www.europesays.com\/es\/wp-json\/wp\/v2\/tags?post=128025"}],"curies":[{"name":"wp","href":"https:\/\/api.w.org\/{rel}","templated":true}]}}