{"id":128033,"date":"2025-09-20T19:32:14","date_gmt":"2025-09-20T19:32:14","guid":{"rendered":"https:\/\/www.europesays.com\/es\/128033\/"},"modified":"2025-09-20T19:32:14","modified_gmt":"2025-09-20T19:32:14","slug":"el-caceres-a-amarrar-su-pase-a-los-dieciseisavos-de-la-copa-espana","status":"publish","type":"post","link":"https:\/\/www.europesays.com\/es\/128033\/","title":{"rendered":"El C\u00e1ceres, a amarrar su pase a los dieciseisavos de la Copa Espa\u00f1a"},"content":{"rendered":"<p class=\"ft-text\">Es pronto para sacar cualquier conclusi\u00f3n tajante, ya sea positiva o negativa, pero <strong>el C\u00e1ceres Patrimonio de la Humanidad espera seguir acumulando buenas sensaciones en su cuarto partido de pretemporada.<\/strong> Ser\u00e1 el segundo con car\u00e1cter oficial, ya que e<strong>l que le mide este domingo al Club Baloncesto Toledo (20.00 horas, Multiusos) corresponde a la Copa Espa\u00f1a.<\/strong><\/p>\n<p class=\"ft-text\">Existe pues ese aliciente extra, ya que<a class=\"ft-link ft-link--decoration\" href=\"https:\/\/www.elperiodicoextremadura.com\/deportes\/2025\/09\/13\/caceres-sufrir-amarrar-triunfo-121546666.html\" target=\"_blank\" rel=\"nofollow noopener\"> tras el triunfo de hace una semana frente al Spanish Basketball Academy<\/a>, una nueva victoria garantizar\u00eda virtualmente la clasificaci\u00f3n para la fase de cruces. Entran los 14 mejores conjuntos de la Segunda FEB que por ahora est\u00e1n enfrent\u00e1ndose entre ellos. En dieciseisavos de final ya se incorporar\u00e1n los 18 de Primera FEB en pulsos a partido \u00fanico.<\/p>\n<p>Creciendo poco a poco<\/p>\n<p class=\"ft-text\">Tanto el partido ante la academia con sede en Alcorc\u00f3n como<a class=\"ft-link ft-link--decoration\" href=\"https:\/\/www.elperiodicoextremadura.com\/deportes\/2025\/09\/17\/caceres-acumula-buenas-expectativas-baloncesto-121688806.html\" target=\"_blank\" rel=\"nofollow noopener\"> el del pasado mi\u00e9rcoles frente al Mor\u00f3n<\/a>, este del Torneo C\u00e1ceres Patrimonio de la Humanidad, se desarrollaron de manera similar:tras un mal arranque, el conjunto de Jacinto Carbajal acab\u00f3 imponiendo su propuesta, muy basada en la solidaridad defensiva. A nivel individual est\u00e1 luciendo Wildens Leveque como gran sensaci\u00f3n.<\/p>\n<p class=\"ft-text\"><strong>El Toledo se presenta como un proyecto emergente<\/strong> y ambicioso que hasta ha sumado a uno de los jugadores del C\u00e1ceres de la temporada pasada.<a class=\"ft-link ft-link--decoration\" href=\"https:\/\/www.elperiodicoextremadura.com\/deportes\/2024\/07\/01\/caceres-confirma-dani-rodriguez-fernando-104760470.html\" target=\"_blank\" rel=\"nofollow noopener\"> Fer Sierra fue quiz\u00e1s el favorito de la hinchada,<\/a> pero no renov\u00f3. En la primera jornada super\u00f3 al Getafe (64-73), por lo que tambi\u00e9n se juega el posible acceso a la siguiente ronda. n<\/p>\n<p data-close=\"closedContent\" class=\"closeContentEnd\">Suscr\u00edbete para seguir leyendo<\/p>\n","protected":false},"excerpt":{"rendered":"Es pronto para sacar cualquier conclusi\u00f3n tajante, ya sea positiva o negativa, pero el C\u00e1ceres Patrimonio de la&hellip;\n","protected":false},"author":2,"featured_media":128034,"comment_status":"","ping_status":"","sticky":false,"template":"","format":"standard","meta":{"footnotes":""},"categories":[269],"tags":[11393,299,298,3975,3976,2493,168,41373,25,24,1301,3977,23,167],"class_list":{"0":"post-128033","1":"post","2":"type-post","3":"status-publish","4":"format-standard","5":"has-post-thumbnail","7":"category-baloncesto","8":"tag-amarrar","9":"tag-baloncesto","10":"tag-basketball","11":"tag-caceres","12":"tag-caceres-basket","13":"tag-copa","14":"tag-deportes","15":"tag-dieciseisavos","16":"tag-es","17":"tag-espana","18":"tag-pase","19":"tag-segunda-feb","20":"tag-spain","21":"tag-sports"},"share_on_mastodon":{"url":"","error":""},"_links":{"self":[{"href":"https:\/\/www.europesays.com\/es\/wp-json\/wp\/v2\/posts\/128033","targetHints":{"allow":["GET"]}}],"collection":[{"href":"https:\/\/www.europesays.com\/es\/wp-json\/wp\/v2\/posts"}],"about":[{"href":"https:\/\/www.europesays.com\/es\/wp-json\/wp\/v2\/types\/post"}],"author":[{"embeddable":true,"href":"https:\/\/www.europesays.com\/es\/wp-json\/wp\/v2\/users\/2"}],"replies":[{"embeddable":true,"href":"https:\/\/www.europesays.com\/es\/wp-json\/wp\/v2\/comments?post=128033"}],"version-history":[{"count":0,"href":"https:\/\/www.europesays.com\/es\/wp-json\/wp\/v2\/posts\/128033\/revisions"}],"wp:featuredmedia":[{"embeddable":true,"href":"https:\/\/www.europesays.com\/es\/wp-json\/wp\/v2\/media\/128034"}],"wp:attachment":[{"href":"https:\/\/www.europesays.com\/es\/wp-json\/wp\/v2\/media?parent=128033"}],"wp:term":[{"taxonomy":"category","embeddable":true,"href":"https:\/\/www.europesays.com\/es\/wp-json\/wp\/v2\/categories?post=128033"},{"taxonomy":"post_tag","embeddable":true,"href":"https:\/\/www.europesays.com\/es\/wp-json\/wp\/v2\/tags?post=128033"}],"curies":[{"name":"wp","href":"https:\/\/api.w.org\/{rel}","templated":true}]}}