{"id":128035,"date":"2025-09-20T19:33:10","date_gmt":"2025-09-20T19:33:10","guid":{"rendered":"https:\/\/www.europesays.com\/es\/128035\/"},"modified":"2025-09-20T19:33:10","modified_gmt":"2025-09-20T19:33:10","slug":"asi-le-dejo-la-cabeza-a-carlos-romero","status":"publish","type":"post","link":"https:\/\/www.europesays.com\/es\/128035\/","title":{"rendered":"as\u00ed le dej\u00f3 la cabeza a Carlos Romero"},"content":{"rendered":"<p>                        El argentino elev\u00f3 la pierna izquierda en su intento por disputar el bal\u00f3n e impact\u00f3 con los tacos en el rostro del de Torrent<br \/>\nMuriqi fue expulsado por una acci\u00f3n muy similar con el ex espanyolista Joan Garcia\n<\/p>\n<p><img src=\"https:\/\/www.mundodeportivo.com\/files\/image_449_220\/files\/fp\/uploads\/2025\/09\/20\/68cee23a8c6e4.r_d.490-233-4736.jpeg\" data-full-src=\"https:\/\/www.europesays.com\/es\/wp-content\/uploads\/2025\/09\/68cee23a8c6e4.jpeg\" alt=\"Patada de Mastantuono a Carlos Romero en la cabeza\" width=\"449\" height=\"220\" class=\"nolazy\" decoding=\"async\" fetchpriority=\"high\"\/><\/p>\n<p class=\"caption-title \">Mastantuono impact\u00f3 con los tacos en la cabeza de Romero<\/p>\n<p>Capturas<\/p>\n<p>                <img loading=\"lazy\" decoding=\"async\" width=\"60\" height=\"60\" alt=\"Mastantuono, perdonado: as\u00ed le dej\u00f3 la cabeza a Carlos Romero\" title=\"\" src=\"\/files\/image_60_60\/uploads\/2023\/03\/07\/64077234d0968.png\" class=\"lazy\"\/><\/p>\n<p>\n                        Actualizado a  20\/09\/2025 20:57 CEST\n                    <\/p>\n<p data-gtm-element-container=\"modulo-texto-link\" class=\"paragraph\">El <strong>Real Madrid <\/strong>contin\u00faa a velocidad de crucero.<a href=\"https:\/\/www.mundodeportivo.com\/futbol\/real-madrid\/20250920\/1002535756\/real-madrid-suma-sigue-laliga.html\" target=\"_blank\" rel=\"nofollow noopener\"> Los blancos derrotaron por 2-0 al <strong>RCD Espanyol<\/strong> <\/a>y siguen contando sus partidos por victorias esta temporada (6\/6 entre Liga y Champions League).<\/p>\n<p data-gtm-element-container=\"modulo-texto-link\" class=\"paragraph\">Los goles de <strong>\u00c9der Militao<\/strong> y<strong> Kylian Mbapp\u00e9<\/strong>, &#8216;Pichichi&#8217; del campeonato con cinco dianas, le valieron los tres puntos a los de <strong>Xabi Alonso<\/strong>, que bien pudieron haber acabado el encuentro con 10 futbolistas. En el 74&#8242;, el argentino<strong> Franco Mastantuono<\/strong> elev\u00f3 la pierna izquierda en su intento por disputar el bal\u00f3n e impact\u00f3 con los tacos en la cabeza de <strong>Carlos Romero<\/strong>.<\/p>\n<p data-gtm-element-container=\"modulo-texto-link\" class=\"paragraph\">El de Torrent tuvo que ser atendido por los servicios m\u00e9dicos del <strong>Espanyol <\/strong>porque ten\u00eda el rostro ba\u00f1ado en sangre, mientras que el ex de <strong>River Plate<\/strong> fue sancionado solo con tarjeta amarilla.<\/p>\n<p>    Lee tambi\u00e9n<\/p>\n<p>Agravio comparativo<\/p>\n<p data-gtm-element-container=\"modulo-texto-link\" class=\"paragraph\">En la primera jornada, el mallorquinista <strong>Vedat Muriqi<\/strong> fue expulsado con roja directa por una acci\u00f3n muy similar con el ex espanyolista <strong>Joan Garcia<\/strong>, ahora en las filas del <strong>FC Barcelona<\/strong>.<\/p>\n<p>\n        Mostrar comentarios\n    <\/p>\n<p>{\u00aballowComment\u00bb:\u00bballowed\u00bb,\u00bbarticleId\u00bb:\u00bbarticle-1002535806&#8243;,\u00bburl\u00bb:\u00bbhttps:\\\/\\\/www.mundodeportivo.com\\\/futbol\\\/rcd-espanyol\\\/20250920\\\/1002535806\\\/mastantuono-perdonado-asi-le-dejo-cabeza-carlos-romero.html\u00bb,\u00bblivefyre-url\u00bb:\u00bbarticle-1002535806&#8243;}<\/p>\n<p>Cargando siguiente contenido&#8230;\n                <\/p>\n","protected":false},"excerpt":{"rendered":"El argentino elev\u00f3 la pierna izquierda en su intento por disputar el bal\u00f3n e impact\u00f3 con los tacos&hellip;\n","protected":false},"author":2,"featured_media":128036,"comment_status":"","ping_status":"","sticky":false,"template":"","format":"standard","meta":{"footnotes":""},"categories":[268],"tags":[168,25,24,280,282,281,23,167],"class_list":{"0":"post-128035","1":"post","2":"type-post","3":"status-publish","4":"format-standard","5":"has-post-thumbnail","7":"category-futbol","8":"tag-deportes","9":"tag-es","10":"tag-espana","11":"tag-football","12":"tag-futbol","13":"tag-soccer","14":"tag-spain","15":"tag-sports"},"share_on_mastodon":{"url":"","error":""},"_links":{"self":[{"href":"https:\/\/www.europesays.com\/es\/wp-json\/wp\/v2\/posts\/128035","targetHints":{"allow":["GET"]}}],"collection":[{"href":"https:\/\/www.europesays.com\/es\/wp-json\/wp\/v2\/posts"}],"about":[{"href":"https:\/\/www.europesays.com\/es\/wp-json\/wp\/v2\/types\/post"}],"author":[{"embeddable":true,"href":"https:\/\/www.europesays.com\/es\/wp-json\/wp\/v2\/users\/2"}],"replies":[{"embeddable":true,"href":"https:\/\/www.europesays.com\/es\/wp-json\/wp\/v2\/comments?post=128035"}],"version-history":[{"count":0,"href":"https:\/\/www.europesays.com\/es\/wp-json\/wp\/v2\/posts\/128035\/revisions"}],"wp:featuredmedia":[{"embeddable":true,"href":"https:\/\/www.europesays.com\/es\/wp-json\/wp\/v2\/media\/128036"}],"wp:attachment":[{"href":"https:\/\/www.europesays.com\/es\/wp-json\/wp\/v2\/media?parent=128035"}],"wp:term":[{"taxonomy":"category","embeddable":true,"href":"https:\/\/www.europesays.com\/es\/wp-json\/wp\/v2\/categories?post=128035"},{"taxonomy":"post_tag","embeddable":true,"href":"https:\/\/www.europesays.com\/es\/wp-json\/wp\/v2\/tags?post=128035"}],"curies":[{"name":"wp","href":"https:\/\/api.w.org\/{rel}","templated":true}]}}