{"id":128054,"date":"2025-09-20T19:44:10","date_gmt":"2025-09-20T19:44:10","guid":{"rendered":"https:\/\/www.europesays.com\/es\/128054\/"},"modified":"2025-09-20T19:44:10","modified_gmt":"2025-09-20T19:44:10","slug":"el-supermercado-de-salamanca-que-cierra-hasta-nuevo-aviso-para-cambiar-su-imagen-horario-y-servicios","status":"publish","type":"post","link":"https:\/\/www.europesays.com\/es\/128054\/","title":{"rendered":"El supermercado de Salamanca que cierra hasta nuevo aviso para cambiar su imagen, horario y servicios"},"content":{"rendered":"<p><a class=\"v-mdl-ath__fig-a\" href=\"https:\/\/www.salamancahoy.es\/autor\/maria-pedrosa-6618.html\" title=\"Mar\u00eda Pedrosa\" rel=\"nofollow noopener\" target=\"_blank\"><br \/>\n<img decoding=\"async\" class=\"v-mdl-ath__img\" src=\"https:\/\/www.europesays.com\/es\/wp-content\/uploads\/2025\/08\/autor-6618-foto-1.jpeg\" alt=\"Mar\u00eda Pedrosa\"\/><br \/>\n<\/a><\/p>\n<p class=\"v-mdl-ath__p v-mdl-ath__p--6\">\nS\u00e1bado, 20 de septiembre 2025, 09:58<\/p>\n<p class=\"v-p\">La empresa Alcampo comienza ya la reforma que supone el cierre y remodelaci\u00f3n de varios de sus supermercados en Salamanca para adaptarse a la nueva situaci\u00f3n surgida tras la crisis en la que ha decidido cerrar parte de sus tiendas y hacer un ERE. En concreto, el que est\u00e1 situado en Canalejas, pr\u00f3xima zona de apertura de un gran Mercadona, ya ha cerrado su planta baja al completo, lo que ha supuesto la clausura a su vez del servicio de carnicer\u00eda y pescader\u00eda, reubic\u00e1ndose todos los productos en la planta primera y principal.<\/p>\n<p><a href=\"http:\/\/www.salamancahoy.es\/salamanca\/ciudad\/cierres-despidos-alcampo-salamanca-pactado-ere-cambio-20250613111651-nt.html#vtm_modulosEngag=mod-rel:salamanca:noticia:1:cmp:1-not\" class=\"v-a-link\" aria-label=\"Imagen\" rel=\"nofollow noopener\" target=\"_blank\"><\/p>\n<p><img decoding=\"async\" loading=\"lazy\" src=\"https:\/\/www.europesays.com\/es\/wp-content\/uploads\/2025\/09\/1497336645-U2201823658790d0--366x256@SalamancaHoy.jpg\" class=\"v-a-img\" width=\"258\" height=\"180\" alt=\"\" data-voc-vtm-id=\"in-text-traffic\"\/><\/p>\n<p><\/a><\/p>\n<p class=\"v-p\">Esta actuaci\u00f3n solo es la antesala a un cierre total temporal, previsto, seg\u00fan ha podido saber este medio, para la pr\u00f3xima semana (22 de septiembre). Las puertas del Alcampo no volver\u00e1n a abrir hasta dentro de seis u ocho semanas, per\u00edodo fijado para la reforma que supondr\u00e1 una \u00fanica planta de supermercado y un cambio en el horario. A partir de ahora, se ofrecer\u00e1 un servicio de lunes a domingo, todos los d\u00edas del a\u00f1o, y de siete de la ma\u00f1ana a una de la madrugada: modelo &#8216;7d7&#8217;.<\/p>\n<p class=\"v-p\">En un principio, esta tienda estaba planteada para cierre, pero finalmente la empresa se ha decantado por otro formato que, en cuanto a los contratos de los trabajadores se refiere, lleva el apellido de \u00abmodificaci\u00f3n sustancial\u00bb, lo que implica que el trabajador tiene la opci\u00f3n de irse con una indemnizaci\u00f3n econ\u00f3mica establecida por ley y mejorada en las negociaciones con los sindicatos, o quedarse con un contrato similar.<\/p>\n<p class=\"v-p\">Desde el anuncio de la &#8216;gran revoluci\u00f3n&#8217; en la empresa de supermercados Alcampo, sindicatos y empresa han trabajdo en la reducci\u00f3n del n\u00famero de despidos, que en la provincia se ha fijado en 12. El plan se lleva aplicando desde junio y no parar\u00e1 hasta noviembre de 2025.<\/p>\n<p>Condiciones de los despidos<\/p>\n<p class=\"v-p\">Supermercados Alcampo y la representaci\u00f3n sindical llegaron a un acuerdo para el ERE que la empresa anunci\u00f3 para despedir a parte de su personal y cerrar establecimientos. Seg\u00fan fuentes de CCOO, la negociaci\u00f3n logr\u00f3 reducir de 710 a 633 los despidos, que podr\u00edan bajar a 565 si los trabajadores aceptan la principal propuesta: cambiar tiendas al modelo de 18 horas diarias y aceptar sus nuevas condiciones.<\/p>\n<p class=\"v-p\">Tras el acuerdo, alcanzado ese 12 de junio, todav\u00eda se desconoce el n\u00famero de trabajadores que han decidido acogerse a la indemnizaci\u00f3n y salir de la empresa o quedarse.<\/p>\n<p class=\"v-p\">Los que opten por aceptar, tendr\u00e1n un cambio en condiciones de su contrato, ya que var\u00eda sustancialmente el trabajo; quienes no deseen continuar ser\u00e1n despedidos con 25 d\u00edas por a\u00f1o trabajado y m\u00e1ximo 15 mensualidades, y tambi\u00e9n podr\u00e1n arrepentirse y sumarse al ERE posteriormente.<\/p>\n<p class=\"v-p\">Los despedidos cobrar\u00e1n una indemnizaci\u00f3n de 35 d\u00edas por a\u00f1o trabajado, con un m\u00e1ximo de 20 mensualidades; los mayores de 63 a\u00f1os cobrar\u00e1n el m\u00ednimo legal, 20 d\u00edas por a\u00f1o trabajado con un m\u00e1ximo de 12 mensualidades. Tambi\u00e9n se ofertar\u00e1n 32 vacantes que la empresa comunicar\u00e1 para que se puedan cubrir.<\/p>\n<p>Comenta<\/p>\n<p>Reporta un error<\/p>\n","protected":false},"excerpt":{"rendered":"S\u00e1bado, 20 de septiembre 2025, 09:58 La empresa Alcampo comienza ya la reforma que supone el cierre y&hellip;\n","protected":false},"author":2,"featured_media":128055,"comment_status":"","ping_status":"","sticky":false,"template":"","format":"standard","meta":{"footnotes":""},"categories":[80],"tags":[2977,82,3054,500,95,94,25,24,319,1157,524,3614,4113,23,38670],"class_list":{"0":"post-128054","1":"post","2":"type-post","3":"status-publish","4":"format-standard","5":"has-post-thumbnail","7":"category-economia","8":"tag-aviso","9":"tag-business","10":"tag-cambiar","11":"tag-cierra","12":"tag-economia","13":"tag-economy","14":"tag-es","15":"tag-espana","16":"tag-horario","17":"tag-imagen","18":"tag-nuevo","19":"tag-salamanca","20":"tag-servicios","21":"tag-spain","22":"tag-supermercado"},"share_on_mastodon":{"url":"","error":""},"_links":{"self":[{"href":"https:\/\/www.europesays.com\/es\/wp-json\/wp\/v2\/posts\/128054","targetHints":{"allow":["GET"]}}],"collection":[{"href":"https:\/\/www.europesays.com\/es\/wp-json\/wp\/v2\/posts"}],"about":[{"href":"https:\/\/www.europesays.com\/es\/wp-json\/wp\/v2\/types\/post"}],"author":[{"embeddable":true,"href":"https:\/\/www.europesays.com\/es\/wp-json\/wp\/v2\/users\/2"}],"replies":[{"embeddable":true,"href":"https:\/\/www.europesays.com\/es\/wp-json\/wp\/v2\/comments?post=128054"}],"version-history":[{"count":0,"href":"https:\/\/www.europesays.com\/es\/wp-json\/wp\/v2\/posts\/128054\/revisions"}],"wp:featuredmedia":[{"embeddable":true,"href":"https:\/\/www.europesays.com\/es\/wp-json\/wp\/v2\/media\/128055"}],"wp:attachment":[{"href":"https:\/\/www.europesays.com\/es\/wp-json\/wp\/v2\/media?parent=128054"}],"wp:term":[{"taxonomy":"category","embeddable":true,"href":"https:\/\/www.europesays.com\/es\/wp-json\/wp\/v2\/categories?post=128054"},{"taxonomy":"post_tag","embeddable":true,"href":"https:\/\/www.europesays.com\/es\/wp-json\/wp\/v2\/tags?post=128054"}],"curies":[{"name":"wp","href":"https:\/\/api.w.org\/{rel}","templated":true}]}}