{"id":128056,"date":"2025-09-20T19:45:07","date_gmt":"2025-09-20T19:45:07","guid":{"rendered":"https:\/\/www.europesays.com\/es\/128056\/"},"modified":"2025-09-20T19:45:07","modified_gmt":"2025-09-20T19:45:07","slug":"tiktok-tendra-un-consejo-de-administracion-estadounidense-bajo-el-nuevo-acuerdo-con-china-economia","status":"publish","type":"post","link":"https:\/\/www.europesays.com\/es\/128056\/","title":{"rendered":"TikTok tendr\u00e1 un consejo de administraci\u00f3n estadounidense bajo el nuevo acuerdo con China | Econom\u00eda"},"content":{"rendered":"<p class=\"\">Estados Unidos ha anunciado este s\u00e1bado que controlar\u00e1 la junta directiva que supervisar\u00e1 las operaciones de TikTok en el pa\u00eds bajo el <a href=\"https:\/\/elpais.com\/internacional\/2025-09-19\/trump-y-xi-cierran-los-detalles-sobre-el-futuro-de-tiktok-en-estados-unidos.html\" target=\"_blank\" rel=\"noreferrer nofollow noopener\" title=\"https:\/\/elpais.com\/internacional\/2025-09-19\/trump-y-xi-cierran-los-detalles-sobre-el-futuro-de-tiktok-en-estados-unidos.html\">nuevo acuerdo con China<\/a> para que la red social de v\u00eddeos pueda seguir operando en EE UU. Seis de los siete puestos del consejo de administraci\u00f3n de la aplicaci\u00f3n estar\u00e1n ocupados por estadounidenses y la empresa china ByteDance nombrar\u00e1 al s\u00e9ptimo miembro, ha dicho la secretaria de prensa de la Casa Blanca, Karoline Leavitt. <\/p>\n<p class=\"\">\u201cEste acuerdo significa que TikTok pasar\u00e1 a ser propiedad mayoritaria de estadounidenses en Estados Unidos\u201d, dijo Leavitt en Fox News el s\u00e1bado por la ma\u00f1ana. La secretaria de prensa agreg\u00f3 que la empresa tecnol\u00f3gica Oracle, dirigida por Larry Ellison, un aliado cercano del presidente Donald Trump y quien la semana pasada super\u00f3 brevemente a Elon Musk como la persona m\u00e1s rica del mundo con fortuna superior a los 140.000 millones de d\u00f3lares, se encargar\u00e1, en colaboraci\u00f3n con el Gobierno de Estados Unidos, de la seguridad de la aplicaci\u00f3n <a href=\"https:\/\/elpais.com\/internacional\/2025-09-18\/china-apuesta-por-los-beneficios-compartidos-en-el-acuerdo-con-estados-unidos-sobre-tiktok.html\" target=\"_blank\" rel=\"noreferrer nofollow noopener\" title=\"https:\/\/elpais.com\/internacional\/2025-09-18\/china-apuesta-por-los-beneficios-compartidos-en-el-acuerdo-con-estados-unidos-sobre-tiktok.html\">en virtud del pacto entre China y Estados Unidos<\/a>, que, seg\u00fan la funcionaria, se firmar\u00e1 en \u201clos pr\u00f3ximos d\u00edas\u201d.<\/p>\n<p class=\"\">El anuncio de la Casa Blanca llega despu\u00e9s de que Trump mantuviera el viernes una llamada telef\u00f3nica con su hom\u00f3logo chino, Xi Jinping, tras la cual el republicano inform\u00f3 que los dos mandatarios hab\u00edan llegado a un acuerdo para que TikTok siga funcionando en Estados Unidos. <\/p>\n<p class=\"\">Un grupo bipartidista de legisladores aprob\u00f3 una ley en 2024 para prohibir la aplicaci\u00f3n para los usuarios estadounidenses en enero de 2025 si su propietario chino, ByteDance, no vend\u00eda sus activos en Estados Unidos, una decisi\u00f3n que el Tribunal Supremo ratific\u00f3.<\/p>\n<p class=\"\">Trump, sin embargo, ha desafiado esa prohibici\u00f3n con extensiones continuas mediante \u00f3rdenes ejecutivas mientras contin\u00faan las negociaciones. A principios de esta semana, el presidente suspendi\u00f3 cualquier posible prohibici\u00f3n hasta el 16 de diciembre, despu\u00e9s de que su Administraci\u00f3n dijera que se hab\u00eda alcanzado un \u201cmarco\u201d para un acuerdo.<\/p>\n<p class=\"\">Los detalles de ese marco a\u00fan no se han hecho p\u00fablicos, m\u00e1s all\u00e1 de los detalles relevados este s\u00e1bado. Pero el <a href=\"https:\/\/elpais.com\/economia\/2025-09-16\/la-aplicacion-de-tiktok-en-estados-unidos-utilizara-el-algoritmo-chino-de-bytedance.html\" target=\"_blank\" rel=\"noreferrer nofollow noopener\" title=\"https:\/\/elpais.com\/economia\/2025-09-16\/la-aplicacion-de-tiktok-en-estados-unidos-utilizara-el-algoritmo-chino-de-bytedance.html\">algoritmo de la plataforma<\/a> ha sido un elemento clave de las negociaciones, ya que en los \u00faltimos a\u00f1os en el Congreso ha crecido la preocupaci\u00f3n por la posibilidad de que China difunda propaganda a trav\u00e9s de la aplicaci\u00f3n o manipule lo que los estadounidenses ven en las redes sociales. Bajo el pacto, los datos de los usuarios estadounidenses se almacenar\u00e1n en EE UU, sin que China tenga acceso a ellos, otro punto importante en las negociaciones. <\/p>\n<p class=\"\">Oracle es una de las mayores empresas tecnol\u00f3gicas del mundo, especializada en software empresarial, bases de datos y servicios en la nube. Posee m\u00faltiples compa\u00f1\u00edas adquiridas, que juntas forman un ecosistema tecnol\u00f3gico global, con ingresos anuales de m\u00e1s de 50.000 millones de d\u00f3lares. Su fundador, Larry Ellison, tiene una larga trayectoria con el Partido Republicano, ha asistido a varias cenas en la residencia que Trump posee en el resort Mar-a-Lago, y se ha reunido con el mandatario estadounidense en el Despacho Oval de la Casa Blanca.<\/p>\n<p class=\"\">Se anticipa que <a href=\"https:\/\/elpais.com\/economia\/2025-09-17\/trump-cuenta-con-oracle-y-los-poderosos-fondos-andreessen-horowitz-y-silver-lake-para-la-toma-de-control-de-tiktok-usa.html\" target=\"_blank\" rel=\"noreferrer nofollow noopener\" title=\"https:\/\/elpais.com\/economia\/2025-09-17\/trump-cuenta-con-oracle-y-los-poderosos-fondos-andreessen-horowitz-y-silver-lake-para-la-toma-de-control-de-tiktok-usa.html\">Oracle, la empresa de capital riesgo Andreessen Horowitz, y la empresa de capital privado Silver Lake<\/a> mantengan una participaci\u00f3n aproximada del 80% como parte del acuerdo, dejando a ByteDance con menos del 20%. Se espera tambi\u00e9n que uno de los miembros de la junta directiva de la nueva entidad estadounidense sea designado por el Gobierno de Estados Unidos, seg\u00fan Forbes.<\/p>\n<p class=\"\">\u201cEstamos 100% seguros de que el acuerdo est\u00e1 cerrado, ahora solo falta firmarlo y el equipo del presidente est\u00e1 trabajando con sus hom\u00f3logos chinos para hacerlo\u201d, asegur\u00f3 Leavitt este s\u00e1bado. Trump reconoce \u201cla necesidad de proteger la privacidad y los datos de los estadounidenses, al tiempo que se mantiene abierta esta aplicaci\u00f3n\u201d, dijo la secretaria, y a\u00f1adiendo que Tiktok es \u201cuna parte vital\u201d del proceso democr\u00e1tico estadounidense.<\/p>\n","protected":false},"excerpt":{"rendered":"Estados Unidos ha anunciado este s\u00e1bado que controlar\u00e1 la junta directiva que supervisar\u00e1 las operaciones de TikTok en&hellip;\n","protected":false},"author":2,"featured_media":128057,"comment_status":"","ping_status":"","sticky":false,"template":"","format":"standard","meta":{"footnotes":""},"categories":[42],"tags":[889,7182,17,18,1615,352,95,629,13,14,11,61,62,63,64,19,20,9,2556,10,15,16,1922,5889,12,21,22,65,66,67,13847],"class_list":{"0":"post-128056","1":"post","2":"type-post","3":"status-publish","4":"format-standard","5":"has-post-thumbnail","7":"category-internacional","8":"tag-america","9":"tag-apps","10":"tag-breaking-news","11":"tag-breakingnews","12":"tag-china","13":"tag-donald-trump","14":"tag-economia","15":"tag-estados-unidos","16":"tag-featured-news","17":"tag-featurednews","18":"tag-headlines","19":"tag-internacional","20":"tag-international","21":"tag-international-news","22":"tag-internationalnews","23":"tag-latest-news","24":"tag-latestnews","25":"tag-news","26":"tag-norteamerica","27":"tag-noticias","28":"tag-noticias-destacadas","29":"tag-noticiasdestacadas","30":"tag-redes-sociales","31":"tag-tiktok","32":"tag-titulares","33":"tag-ultimas-noticias","34":"tag-ultimasnoticias","35":"tag-world","36":"tag-world-news","37":"tag-worldnews","38":"tag-xi-jinping"},"share_on_mastodon":{"url":"","error":""},"_links":{"self":[{"href":"https:\/\/www.europesays.com\/es\/wp-json\/wp\/v2\/posts\/128056","targetHints":{"allow":["GET"]}}],"collection":[{"href":"https:\/\/www.europesays.com\/es\/wp-json\/wp\/v2\/posts"}],"about":[{"href":"https:\/\/www.europesays.com\/es\/wp-json\/wp\/v2\/types\/post"}],"author":[{"embeddable":true,"href":"https:\/\/www.europesays.com\/es\/wp-json\/wp\/v2\/users\/2"}],"replies":[{"embeddable":true,"href":"https:\/\/www.europesays.com\/es\/wp-json\/wp\/v2\/comments?post=128056"}],"version-history":[{"count":0,"href":"https:\/\/www.europesays.com\/es\/wp-json\/wp\/v2\/posts\/128056\/revisions"}],"wp:featuredmedia":[{"embeddable":true,"href":"https:\/\/www.europesays.com\/es\/wp-json\/wp\/v2\/media\/128057"}],"wp:attachment":[{"href":"https:\/\/www.europesays.com\/es\/wp-json\/wp\/v2\/media?parent=128056"}],"wp:term":[{"taxonomy":"category","embeddable":true,"href":"https:\/\/www.europesays.com\/es\/wp-json\/wp\/v2\/categories?post=128056"},{"taxonomy":"post_tag","embeddable":true,"href":"https:\/\/www.europesays.com\/es\/wp-json\/wp\/v2\/tags?post=128056"}],"curies":[{"name":"wp","href":"https:\/\/api.w.org\/{rel}","templated":true}]}}