{"id":128060,"date":"2025-09-20T19:47:18","date_gmt":"2025-09-20T19:47:18","guid":{"rendered":"https:\/\/www.europesays.com\/es\/128060\/"},"modified":"2025-09-20T19:47:18","modified_gmt":"2025-09-20T19:47:18","slug":"maria-perez-explica-cual-es-su-meta-pendiente-tras-completar-su-ultimo-ciclo-olimpico-quiero-ser-mama-mas-deportes","status":"publish","type":"post","link":"https:\/\/www.europesays.com\/es\/128060\/","title":{"rendered":"Mar\u00eda P\u00e9rez explica cu\u00e1l es su meta pendiente tras completar su \u00ab\u00faltimo ciclo ol\u00edmpico\u00bb: \u00abQuiero ser mam\u00e1\u00bb | M\u00e1s deportes"},"content":{"rendered":"<p>La madrugada del s\u00e1bado ha ratificado a Mar\u00eda P\u00e9rez como la gran protagonista de la delegaci\u00f3n espa\u00f1ola en el Mundial de Atletismo de Tokio. <a href=\"https:\/\/cadenaser.com\/nacional\/2025\/09\/20\/los-atletas-espanoles-triunfan-en-tokio-maria-perez-logra-el-doblete-y-mcgrath-bronce-en-20km-marcha-cadena-ser\/\" target=\"_blank\" rel=\"nofollow noopener\" title=\"https:\/\/cadenaser.com\/nacional\/2025\/09\/20\/los-atletas-espanoles-triunfan-en-tokio-maria-perez-logra-el-doblete-y-mcgrath-bronce-en-20km-marcha-cadena-ser\/\">La marchadora se colg\u00f3 su segundo oro en la competici\u00f3n<\/a> tras dominar con pu\u00f1o de hierro en la categor\u00eda femenina de 35km -ya hizo lo propio la pasada semana en 20km- y en el micr\u00f3fono de la SER no ha dudado en desvelar sus pr\u00f3ximos retos. Y adem\u00e1s de poner el foco en un colof\u00f3n so\u00f1ado de carrera en Los \u00c1ngeles 2028, se ha sincerado como nunca respecto a su gran meta de ser mam\u00e1.<\/p>\n<p>M\u00e1s informaci\u00f3n<\/p>\n<p>Primero, la reina del atletismo mundial admiti\u00f3 junto al &#8216;Profe&#8217; L\u00f3pez que la reedici\u00f3n de su doble corona en Tokio \u00abno ha sido tan f\u00e1cil como en Budapest porque la distancia corta era la primera\u00bb. \u00abHa sido un poco m\u00e1s complicado, pero feliz de haberlo logrado\u00bb, manifest\u00f3 en Carrusel Deportivo.<\/p>\n<p>Tambi\u00e9n en lo referente a su carrera de este s\u00e1bado, Mar\u00eda P\u00e9rez detall\u00f3 su plan ganador. \u00abNo quer\u00eda jug\u00e1rmelo todo a una baza en los \u00faltimos kil\u00f3metros porque pod\u00eda perder\u00bb, explic\u00f3 en lo relativo a su paso al frente mediada la prueba, de camino a un curr\u00edculum fuera del alcance de cualquier otro marchador en la historia. \u00abNo quiero mirar el palmar\u00e9s porque da v\u00e9rtigo. No lo hago por ser la mejor de la historia, lo hago por m\u00ed, por mi familia, por mis amigos y quiero saber d\u00f3nde est\u00e1 mi l\u00edmite. Ahora soy feliz\u00bb, coment\u00f3, antes de ahondar en sus planes de futuro tanto dentro como fuera del deporte.<\/p>\n<blockquote class=\"twitter-tweet\">\n<p lang=\"es\" dir=\"ltr\">\ud83e\udd47Budapest 2023 &#8211; 35 km marcha<br \/>\ud83e\udd47Budapest 2023 &#8211; 20 km marcha<br \/>\ud83e\udd47Tokio 2025 &#8211; 35 km marcha<br \/>\ud83e\udd47Tokio 2025 &#8211; 20 km marcha<\/p>\n<p>\u00a1Mar\u00eda P\u00e9rez ES \ud835\udde7\ud835\uddd8\ud835\udde7\ud835\udde5\ud835\uddd4\ud835\uddd6\ud835\uddd4\ud835\udde0\ud835\udde3\ud835\uddd8\ud835\udde2\ud835\udde1\ud835\uddd4 \ud835\uddd7\ud835\uddd8\ud835\udddf \ud835\udde0\ud835\udde8\ud835\udde1\ud835\uddd7\ud835\udde2! <\/p>\n<p>Historia del deporte espa\u00f1ol, una vez m\u00e1s. <a href=\"https:\/\/twitter.com\/hashtag\/WCHTokyo25?src=hash&amp;ref_src=twsrc%5Etfw\" rel=\"nofollow noopener\" target=\"_blank\">#WCHTokyo25<\/a> <a href=\"https:\/\/twitter.com\/hashtag\/AtletismoRTVE?src=hash&amp;ref_src=twsrc%5Etfw\" rel=\"nofollow noopener\" target=\"_blank\">#AtletismoRTVE<\/a> <a href=\"https:\/\/t.co\/JJblk3UmPt\" rel=\"nofollow\">pic.twitter.com\/JJblk3UmPt<\/a><\/p>\n<p>\u2014 Teledeporte (@teledeporte) <a href=\"https:\/\/twitter.com\/teledeporte\/status\/1969189661437198566?ref_src=twsrc%5Etfw\" rel=\"nofollow noopener\" target=\"_blank\">September 19, 2025<\/a><\/p><\/blockquote>\n<p>\u00abEste es mi \u00faltimo ciclo ol\u00edmpico\u00bb, se sincer\u00f3, mostrando a las claras el gran sue\u00f1o que todav\u00eda tiene pendiente: \u00abQuiero ser mam\u00e1\u00bb. \u00abCreo que ya se lo he dado todo al atletismo y creo que hay d\u00edas despu\u00e9s del atletismo. De una manera u otra soy ego\u00edsta, pero tambi\u00e9n soy consciente de que no podr\u00e9 estar a este nivel cuando sea mam\u00e1 porque la vida es para d\u00e1rsela a esa criatura que venga al mundo\u00bb, explic\u00f3 en antena, donde suspir\u00f3 por un cierre redondo a su carrera en Los \u00c1ngeles y en conseguir el oro individual que todav\u00eda le falta.<\/p>\n<p><script async src=\"https:\/\/platform.twitter.com\/widgets.js\" charset=\"utf-8\"><\/script><\/p>\n","protected":false},"excerpt":{"rendered":"La madrugada del s\u00e1bado ha ratificado a Mar\u00eda P\u00e9rez como la gran protagonista de la delegaci\u00f3n espa\u00f1ola en&hellip;\n","protected":false},"author":2,"featured_media":128061,"comment_status":"","ping_status":"","sticky":false,"template":"","format":"standard","meta":{"footnotes":""},"categories":[5],"tags":[40461,17,18,9993,25,24,13,14,11,19,20,9,10,15,16,23,12,21,22],"class_list":{"0":"post-128060","1":"post","2":"type-post","3":"status-publish","4":"format-standard","5":"has-post-thumbnail","7":"category-titulares","8":"tag-athletics","9":"tag-breaking-news","10":"tag-breakingnews","11":"tag-colour-image","12":"tag-es","13":"tag-espana","14":"tag-featured-news","15":"tag-featurednews","16":"tag-headlines","17":"tag-latest-news","18":"tag-latestnews","19":"tag-news","20":"tag-noticias","21":"tag-noticias-destacadas","22":"tag-noticiasdestacadas","23":"tag-spain","24":"tag-titulares","25":"tag-ultimas-noticias","26":"tag-ultimasnoticias"},"share_on_mastodon":{"url":"","error":""},"_links":{"self":[{"href":"https:\/\/www.europesays.com\/es\/wp-json\/wp\/v2\/posts\/128060","targetHints":{"allow":["GET"]}}],"collection":[{"href":"https:\/\/www.europesays.com\/es\/wp-json\/wp\/v2\/posts"}],"about":[{"href":"https:\/\/www.europesays.com\/es\/wp-json\/wp\/v2\/types\/post"}],"author":[{"embeddable":true,"href":"https:\/\/www.europesays.com\/es\/wp-json\/wp\/v2\/users\/2"}],"replies":[{"embeddable":true,"href":"https:\/\/www.europesays.com\/es\/wp-json\/wp\/v2\/comments?post=128060"}],"version-history":[{"count":0,"href":"https:\/\/www.europesays.com\/es\/wp-json\/wp\/v2\/posts\/128060\/revisions"}],"wp:featuredmedia":[{"embeddable":true,"href":"https:\/\/www.europesays.com\/es\/wp-json\/wp\/v2\/media\/128061"}],"wp:attachment":[{"href":"https:\/\/www.europesays.com\/es\/wp-json\/wp\/v2\/media?parent=128060"}],"wp:term":[{"taxonomy":"category","embeddable":true,"href":"https:\/\/www.europesays.com\/es\/wp-json\/wp\/v2\/categories?post=128060"},{"taxonomy":"post_tag","embeddable":true,"href":"https:\/\/www.europesays.com\/es\/wp-json\/wp\/v2\/tags?post=128060"}],"curies":[{"name":"wp","href":"https:\/\/api.w.org\/{rel}","templated":true}]}}