{"id":128066,"date":"2025-09-20T19:51:06","date_gmt":"2025-09-20T19:51:06","guid":{"rendered":"https:\/\/www.europesays.com\/es\/128066\/"},"modified":"2025-09-20T19:51:06","modified_gmt":"2025-09-20T19:51:06","slug":"primera-edicion-del-torneo-los-fundadores-en-el-golf-club-sde-galerias-de-imagenes","status":"publish","type":"post","link":"https:\/\/www.europesays.com\/es\/128066\/","title":{"rendered":"Primera edici\u00f3n del torneo \u201cLos Fundadores\u201d en el Golf Club SDE &#8211; Galer\u00edas de im\u00e1genes"},"content":{"rendered":"<p>    Primera edici\u00f3n del torneo \u201cLos Fundadores\u201d en el Golf Club SDE &#8211; Galer\u00edas de im\u00e1genes &#8211; Diario Panorama<\/p>\n<p>          Habilit\u00e1 las notificaciones haciendo click aqu\u00ed y recib\u00ed nuestras noticias al instante. <\/p>\n<p>X<\/p>\n","protected":false},"excerpt":{"rendered":"Primera edici\u00f3n del torneo \u201cLos Fundadores\u201d en el Golf Club SDE &#8211; Galer\u00edas de im\u00e1genes &#8211; Diario Panorama&hellip;\n","protected":false},"author":2,"featured_media":128067,"comment_status":"","ping_status":"","sticky":false,"template":"","format":"standard","meta":{"footnotes":""},"categories":[275],"tags":[168,25,24,329,23,167],"class_list":{"0":"post-128066","1":"post","2":"type-post","3":"status-publish","4":"format-standard","5":"has-post-thumbnail","7":"category-golf","8":"tag-deportes","9":"tag-es","10":"tag-espana","11":"tag-golf","12":"tag-spain","13":"tag-sports"},"share_on_mastodon":{"url":"","error":""},"_links":{"self":[{"href":"https:\/\/www.europesays.com\/es\/wp-json\/wp\/v2\/posts\/128066","targetHints":{"allow":["GET"]}}],"collection":[{"href":"https:\/\/www.europesays.com\/es\/wp-json\/wp\/v2\/posts"}],"about":[{"href":"https:\/\/www.europesays.com\/es\/wp-json\/wp\/v2\/types\/post"}],"author":[{"embeddable":true,"href":"https:\/\/www.europesays.com\/es\/wp-json\/wp\/v2\/users\/2"}],"replies":[{"embeddable":true,"href":"https:\/\/www.europesays.com\/es\/wp-json\/wp\/v2\/comments?post=128066"}],"version-history":[{"count":0,"href":"https:\/\/www.europesays.com\/es\/wp-json\/wp\/v2\/posts\/128066\/revisions"}],"wp:featuredmedia":[{"embeddable":true,"href":"https:\/\/www.europesays.com\/es\/wp-json\/wp\/v2\/media\/128067"}],"wp:attachment":[{"href":"https:\/\/www.europesays.com\/es\/wp-json\/wp\/v2\/media?parent=128066"}],"wp:term":[{"taxonomy":"category","embeddable":true,"href":"https:\/\/www.europesays.com\/es\/wp-json\/wp\/v2\/categories?post=128066"},{"taxonomy":"post_tag","embeddable":true,"href":"https:\/\/www.europesays.com\/es\/wp-json\/wp\/v2\/tags?post=128066"}],"curies":[{"name":"wp","href":"https:\/\/api.w.org\/{rel}","templated":true}]}}