{"id":128069,"date":"2025-09-20T19:54:10","date_gmt":"2025-09-20T19:54:10","guid":{"rendered":"https:\/\/www.europesays.com\/es\/128069\/"},"modified":"2025-09-20T19:54:10","modified_gmt":"2025-09-20T19:54:10","slug":"pensaba-que-iba-a-luchar-por-la-pole","status":"publish","type":"post","link":"https:\/\/www.europesays.com\/es\/128069\/","title":{"rendered":"Pensaba que iba a luchar por la &#8216;pole"},"content":{"rendered":"<p class=\"L6-news-detail__text\">Definitivamente, no est\u00e1 siendo el mejor a\u00f1o de <b><a title=\"Lewis Hamilton\" href=\"https:\/\/www.lasexta.com\/noticias\/deportes\/motor\/formula1\/llamativa-frase-hamilton-edad-fernando-alonso-agradezco-que-siga_2025091768ca8dc537083b1b01b44da1.html\" target=\"_blank\" rel=\"nofollow noopener\">Lewis Hamilton<\/a><\/b>. Su debut con <b><a title=\"Ferrari\" href=\"https:\/\/www.lasexta.com\/noticias\/deportes\/motor\/formula1\/llamativo-analisis-carlos-sainz-williams-hace-mejores-cosas-que-ferrari-mercedes_2025091968cd89dba2dd1a7e0d0c607a.html\" target=\"_blank\" rel=\"nofollow noopener\">Ferrari<\/a><\/b> pasar\u00e1 a la historia con m\u00e1s sombras que luces. Una vez m\u00e1s, el brit\u00e1nico se ha quedado fuera en la Q2, sin opciones de luchar en la \u00faltima ronda.<\/p>\n<p class=\"L6-news-detail__text\">Sin embargo, en esta ocasi\u00f3n ha dolido m\u00e1s de lo habitual. Lo cierto es que <b>Ferrari apuntaba a lo m\u00e1s alto<\/b> para este Gran Premio. Se esperaba que los de Maranello lucharan por la &#8216;pole&#8217;, sobre todo despu\u00e9s del doblete cosechado en los Libres 2.<\/p>\n<p class=\"L6-news-detail__text\">Sin embargo, esto no acab\u00f3 siendo as\u00ed. Lewis Hamilton acab\u00f3 siendo incapaz de superar la Q2, firmando la 12\u00aa posici\u00f3n y confirmando una nueva decepci\u00f3n esta temporada: \u00abHa habido positivos este fin de semana, me sent\u00eda bien. Sinceramente, <b>pensaba que iba a luchar por la &#8216;pole&#8217; hoy<\/b>, as\u00ed que <b>ha sido un shock<\/b>, pero sigo adelante.<\/p>\n<p class=\"L6-news-detail__text\">\u00ab<b>Estoy decepcionado<\/b>. Ayer el coche se sent\u00eda bien, hoy hemos ido en una direcci\u00f3n en la que hemos acabado yendo, parec\u00eda lo mejor, pero al final esto. Nuestro ritmo era bueno, est\u00e1bamos progresando, <b>no he cometido errores<\/b>\u00ab, coment\u00f3.<\/p>\n<p class=\"L6-news-detail__text\">\u00abNo ten\u00edamos parte trasera al final y ha sido duro. Todos los que estaban delante m\u00edo ten\u00edan un neum\u00e1tico medio y yo perd\u00ed un neum\u00e1tico medio en Libres por un plan de rodaje. Eso me ha hecho estar a contrapi\u00e9. <b>Quer\u00eda un medio<\/b>, de hecho, pero me han dicho que el calentamiento era demasiado largo o algo as\u00ed, y<b> me he quedado sin tiempo y sin gasolina<\/b>\u00ab, concluy\u00f3.<\/p>\n<p class=\"L6-support-news-video__title\">El Cafelito<\/p>\n<p>            <a href=\"https:\/\/www.lasexta.com\/noticias\/deportes\/motor\/experiencia-alex-marquez-marc-como-companero-repente-hay-mucha-presion-tsunami_2025091868cbbdbf1b05386b629ff243.html\" class=\"L6-news__link\" rel=\"nofollow noopener\" target=\"_blank\"><br \/>\n                La experiencia de Alex M\u00e1rquez con Marc como compa\u00f1ero: \u00abDe repente hay mucha presi\u00f3n&#8230; es un tsunami\u00bb<\/p>\n<p class=\"recirculation-video-desc\">El piloto acude a &#8216;El Cafelito&#8217; de Josep Pedrerol y repasa la situaci\u00f3n de Pecco Bagnaia y c\u00f3mo es Marc como compa\u00f1ero de equipo.<\/p>\n<p>            <\/a><\/p>\n","protected":false},"excerpt":{"rendered":"Definitivamente, no est\u00e1 siendo el mejor a\u00f1o de Lewis Hamilton. Su debut con Ferrari pasar\u00e1 a la historia&hellip;\n","protected":false},"author":2,"featured_media":128070,"comment_status":"","ping_status":"","sticky":false,"template":"","format":"standard","meta":{"footnotes":""},"categories":[270],"tags":[168,25,24,306,271,272,23,167],"class_list":{"0":"post-128069","1":"post","2":"type-post","3":"status-publish","4":"format-standard","5":"has-post-thumbnail","7":"category-formula-1","8":"tag-deportes","9":"tag-es","10":"tag-espana","11":"tag-f1","12":"tag-formula-1","13":"tag-formula1","14":"tag-spain","15":"tag-sports"},"share_on_mastodon":{"url":"","error":""},"_links":{"self":[{"href":"https:\/\/www.europesays.com\/es\/wp-json\/wp\/v2\/posts\/128069","targetHints":{"allow":["GET"]}}],"collection":[{"href":"https:\/\/www.europesays.com\/es\/wp-json\/wp\/v2\/posts"}],"about":[{"href":"https:\/\/www.europesays.com\/es\/wp-json\/wp\/v2\/types\/post"}],"author":[{"embeddable":true,"href":"https:\/\/www.europesays.com\/es\/wp-json\/wp\/v2\/users\/2"}],"replies":[{"embeddable":true,"href":"https:\/\/www.europesays.com\/es\/wp-json\/wp\/v2\/comments?post=128069"}],"version-history":[{"count":0,"href":"https:\/\/www.europesays.com\/es\/wp-json\/wp\/v2\/posts\/128069\/revisions"}],"wp:featuredmedia":[{"embeddable":true,"href":"https:\/\/www.europesays.com\/es\/wp-json\/wp\/v2\/media\/128070"}],"wp:attachment":[{"href":"https:\/\/www.europesays.com\/es\/wp-json\/wp\/v2\/media?parent=128069"}],"wp:term":[{"taxonomy":"category","embeddable":true,"href":"https:\/\/www.europesays.com\/es\/wp-json\/wp\/v2\/categories?post=128069"},{"taxonomy":"post_tag","embeddable":true,"href":"https:\/\/www.europesays.com\/es\/wp-json\/wp\/v2\/tags?post=128069"}],"curies":[{"name":"wp","href":"https:\/\/api.w.org\/{rel}","templated":true}]}}