{"id":128079,"date":"2025-09-20T19:59:07","date_gmt":"2025-09-20T19:59:07","guid":{"rendered":"https:\/\/www.europesays.com\/es\/128079\/"},"modified":"2025-09-20T19:59:07","modified_gmt":"2025-09-20T19:59:07","slug":"la-setmana-del-llibre-ensalza-el-libro-en-catalan-para-contrarrestar-el-colonialismo-linguistico","status":"publish","type":"post","link":"https:\/\/www.europesays.com\/es\/128079\/","title":{"rendered":"\u201cLa Setmana del Llibre ensalza el libro en catal\u00e1n para contrarrestar el colonialismo ling\u00fc\u00edstico\u201d"},"content":{"rendered":"<p data-gtm-element-container=\"modulo-texto-link\" class=\"paragraph\">Por muchos libros que venda, por muy caballero que sea y por muy determinado que parezca con esa lanza que lleva, Sant Jordi es m\u00e1s disperso a la hora de fomentar la lectura en catal\u00e1n. Porque no es la \u00fanica lengua de lectura que impulsa. La Setmana del Llibre en Catal\u00e0 es mucho m\u00e1s reivindicativa en aquel primer sentido, pero es deseo de Pere Llu\u00eds Font que alg\u00fan d\u00eda deje de serlo y se convierta en un certamen \u201cpuramente celebrativo cuando hayamos ganado la partida\u201d. \u00bfQu\u00e9 partida? La que libra el libro en catal\u00e1n como punta de lanza para \u201ccontrarrestar el colonialismo ling\u00fc\u00edstico\u201d del castellano, seg\u00fan el historiador de la filosof\u00eda, te\u00f3logo y traductor.<\/p>\n<p data-gtm-element-container=\"modulo-texto-link\" class=\"paragraph\">Ayer, en su discurso de inauguraci\u00f3n de la Setmana del Llibre en Catal\u00e0, Llu\u00eds, a sus 91 a\u00f1os, no mostr\u00f3 reparos para se\u00f1alar todo lo que puede tener de reivindicativo el festival, \u201cque es como un Sant Jordi temporalmente ampliado\u201d. \u201cUna semana larga en vez de una jornada, pero dedicado a promocionar, no el libro en general, sino, particularmente, el libro en catal\u00e1n\u201d, profundiz\u00f3. He ah\u00ed la diferencia en tiempo y objetivos entre el Sant Jordi y este evento de diez d\u00edas de duraci\u00f3n, que cuenta con 94 casetas repartidas en 8.900 metros cuadrados en el paseo Llu\u00eds Companys de Barcelona.<\/p>\n<p>El tambi\u00e9n te\u00f3logo alerta del \u201calarmante retroceso del uso social del catal\u00e1n\u201d<\/p>\n<p data-gtm-element-container=\"modulo-texto-link\" class=\"paragraph\">Quien se pasee por el recinto encontrar\u00e1 todo tipo de libros en catal\u00e1n. Sin excepci\u00f3n. Tambi\u00e9n de traducida al catal\u00e1n. Como experimentado traductor y con la consideraci\u00f3n que le confiere ser Premi d\u2019Honor de les Lletres Catalanes este 2025, Llu\u00eds, a sus 91 a\u00f1os, lo reivindic\u00f3 tambi\u00e9n. Pero con cierto aire lastimoso: \u201cSomos un pa\u00eds extra\u00f1o. Quiz\u00e1s el \u00fanico en que las grandes obras de valor universal, literarias, filos\u00f3ficas, etc\u00e9tera, no son ordinariamente le\u00eddas \u2013si es que son le\u00eddas\u2013 ni en la lengua original ni en la nuestra, sino en una tercera, la castellana\u201d. Otra vez el contraste con el castellano. Para Llu\u00eds, esa situaci\u00f3n \u201ces una vieja anomal\u00eda que hay que apremiar a enmendar\u201d.<\/p>\n<p data-gtm-element-container=\"modulo-texto-link\" class=\"paragraph\">Bajo una lona amarilla y una intens\u00edsima humedad le escuchaban varias autoridades y personalidades, entre ellas el alcalde de Barcelona, Jaume Collboni; el presidente del Gremi d\u2019 Editors de Catalunya, Patrici Tixis, o el conseller de Pol\u00edtica Ling\u00fc\u00edstica, Francesc Xavier Vila.<\/p>\n<p data-gtm-element-container=\"modulo-texto-link\" class=\"paragraph\">Este \u00faltimo hab\u00eda reconocido antes que el catal\u00e1n, \u201csin ning\u00fan tipo de duda, sufre unas tendencias preocupantes\u201d. Pero prefiri\u00f3 dedicar mucho m\u00e1s su intervenci\u00f3n a \u201clas fortalezas\u201d. \u201cConsiderables\u201d, seg\u00fan dijo.<\/p>\n<p data-gtm-element-container=\"modulo-texto-link\" class=\"paragraph\">Entre ellas, que el catal\u00e1n tiene una comunidad de 10 millones de hablantes (\u201cy todav\u00eda m\u00e1s lectores\u201d), o que cada a\u00f1o hay 100.000 inscritos nuevos para aprender catal\u00e1n. \u201cCada a\u00f1o el catal\u00e1n gana m\u00e1s de 50.000 personas que lo saben hablar, y cada a\u00f1o hay 25.000 que utilizan el catal\u00e1n\u201d, afirm\u00f3.<\/p>\n<p>    Lee tambi\u00e9n<\/p>\n<p data-gtm-element-container=\"modulo-texto-link\" class=\"paragraph\">El conseller tambi\u00e9n se vali\u00f3 de datos que contraponen el catal\u00e1n con el castellano. Especialmente con respecto a los h\u00e1bitos de lectura: el a\u00f1o 2016 el 70% de la poblaci\u00f3n de Catalunya declaraba que el castellano era su lengua habitual de lectura, por un 26% el catal\u00e1n; en el 2024 la distancia se hab\u00eda reducido a 29 puntos y m\u00e1s de un tercio declaraba que el catal\u00e1n era su lengua de lectura habitual.<\/p>\n<p data-gtm-element-container=\"modulo-texto-link\" class=\"paragraph\">Llu\u00eds, sin embargo, puso voz a lo que la encuesta de usos ling\u00fc\u00edsticos que la propia Generalitat hizo p\u00fablica en febrero indicaba con toda claridad: \u201cel alarmante retroceso del uso social del catal\u00e1n\u201d.<\/p>\n<p data-gtm-element-container=\"modulo-texto-link\" class=\"paragraph\">Plat\u00f3n expres\u00f3 que la escritura debilitaba la memoria, ya que para lo que est\u00e1 escrito ya no es necesario ning\u00fan esfuerzo para recordarlo. El Premi d\u2019Honor de les Lletres Catalanes se opuso por completo a este razonamiento y anim\u00f3 a escribir en catal\u00e1n y traducir al catal\u00e1n las grandes obras de valor universal. \u201cPorque, si tengo que fiarme de mi experiencia, aparte de las influencias sociales e individuales que hayamos querido recibir, somos en buena medida lo que hemos le\u00eddo, y claro, cuanto m\u00e1s leemos en catal\u00e1n, m\u00e1s natural lo encontraremos\u201d. En eso el caballero Sant Jordi es m\u00e1s disperso, no se esfuerza tanto como lo hace la Setmana del Llibre en Catal\u00e0.<\/p>\n","protected":false},"excerpt":{"rendered":"Por muchos libros que venda, por muy caballero que sea y por muy determinado que parezca con esa&hellip;\n","protected":false},"author":2,"featured_media":128080,"comment_status":"","ping_status":"","sticky":false,"template":"","format":"standard","meta":{"footnotes":""},"categories":[172],"tags":[224,146,147,25,24,225,23],"class_list":{"0":"post-128079","1":"post","2":"type-post","3":"status-publish","4":"format-standard","5":"has-post-thumbnail","7":"category-libros","8":"tag-books","9":"tag-entertainment","10":"tag-entretenimiento","11":"tag-es","12":"tag-espana","13":"tag-libros","14":"tag-spain"},"share_on_mastodon":{"url":"","error":""},"_links":{"self":[{"href":"https:\/\/www.europesays.com\/es\/wp-json\/wp\/v2\/posts\/128079","targetHints":{"allow":["GET"]}}],"collection":[{"href":"https:\/\/www.europesays.com\/es\/wp-json\/wp\/v2\/posts"}],"about":[{"href":"https:\/\/www.europesays.com\/es\/wp-json\/wp\/v2\/types\/post"}],"author":[{"embeddable":true,"href":"https:\/\/www.europesays.com\/es\/wp-json\/wp\/v2\/users\/2"}],"replies":[{"embeddable":true,"href":"https:\/\/www.europesays.com\/es\/wp-json\/wp\/v2\/comments?post=128079"}],"version-history":[{"count":0,"href":"https:\/\/www.europesays.com\/es\/wp-json\/wp\/v2\/posts\/128079\/revisions"}],"wp:featuredmedia":[{"embeddable":true,"href":"https:\/\/www.europesays.com\/es\/wp-json\/wp\/v2\/media\/128080"}],"wp:attachment":[{"href":"https:\/\/www.europesays.com\/es\/wp-json\/wp\/v2\/media?parent=128079"}],"wp:term":[{"taxonomy":"category","embeddable":true,"href":"https:\/\/www.europesays.com\/es\/wp-json\/wp\/v2\/categories?post=128079"},{"taxonomy":"post_tag","embeddable":true,"href":"https:\/\/www.europesays.com\/es\/wp-json\/wp\/v2\/tags?post=128079"}],"curies":[{"name":"wp","href":"https:\/\/api.w.org\/{rel}","templated":true}]}}