{"id":128081,"date":"2025-09-20T20:00:08","date_gmt":"2025-09-20T20:00:08","guid":{"rendered":"https:\/\/www.europesays.com\/es\/128081\/"},"modified":"2025-09-20T20:00:08","modified_gmt":"2025-09-20T20:00:08","slug":"yatra-y-mika-pronostican-el-futuro-de-este-talent-de-la-voz","status":"publish","type":"post","link":"https:\/\/www.europesays.com\/es\/128081\/","title":{"rendered":"Yatra y Mika pronostican el futuro de este talent de La Voz"},"content":{"rendered":"<p><b>Oihan <\/b>se puso muy <b>nervioso <\/b>durante su <b>actuaci\u00f3n <\/b>en las Audiciones a ciegas de La Voz y <b><a title=\"se olvid\u00f3 de la letra de su canci\u00f3n\" href=\"https:\/\/www.antena3.com\/programas\/la-voz\/este-talent-olvida-letra-mitad-actuacion-asi-reaccionan-coaches_2025091968cdc18a394a813873908c0d.html\" target=\"_blank\" rel=\"nofollow noopener\">se olvid\u00f3 de la letra de su canci\u00f3n<\/a><\/b>, pero eso no impidi\u00f3 que tanto <b>Sebasti\u00e1n Yatra<\/b> como <b>Mika <\/b>girasen su silla para apostar por \u00e9l.<\/p>\n<p>El coach que se ha estrenado este a\u00f1o en el programa quiso compartir con el talent unos <b>consejos para mejorar <\/b>en el futuro y aunque para algunos fueron palabras un tanto duras, <b>Oihan las recogi\u00f3 con positivismo<\/b>.<\/p>\n<p>Despu\u00e9s de que <b>Oihan <\/b>decidiese irse al <b>equipo de Sebasti\u00e1n Yatra<\/b>, el coach quiso agradecerle a Mika sus palabras, ya que cree que le pueden venir muy bien a su talent para crecer en el concurso.<\/p>\n<p>\u201c\u00bfSabes lo bien que va a cantar en dos a\u00f1os? \u00c9l <b>va a ganar Eurovisi\u00f3n<\/b>\u201d, aseguraba <b>Sebasti\u00e1n Yatra<\/b> refiri\u00e9ndose al talento de Oihan. <b>\u00a1Revive esto momento entre los coaches d\u00e1ndole play al v\u00eddeo de arriba! <\/b><\/p>\n<p>   <img decoding=\"async\" title=\"Mal\u00fa y Pablo L\u00f3pez\" alt=\"Mal\u00fa y Pablo L\u00f3pez\" width=\"480\" height=\"270\" src=\"https:\/\/www.europesays.com\/es\/wp-content\/uploads\/2025\/09\/malu-pablo-lopez_70.jpg\" loading=\"lazy\" class=\"lazy\"\/><\/p>\n","protected":false},"excerpt":{"rendered":"Oihan se puso muy nervioso durante su actuaci\u00f3n en las Audiciones a ciegas de La Voz y se&hellip;\n","protected":false},"author":2,"featured_media":128082,"comment_status":"","ping_status":"","sticky":false,"template":"","format":"standard","meta":{"footnotes":""},"categories":[171],"tags":[146,147,25,24,23,214],"class_list":{"0":"post-128081","1":"post","2":"type-post","3":"status-publish","4":"format-standard","5":"has-post-thumbnail","7":"category-tv","8":"tag-entertainment","9":"tag-entretenimiento","10":"tag-es","11":"tag-espana","12":"tag-spain","13":"tag-tv"},"share_on_mastodon":{"url":"","error":""},"_links":{"self":[{"href":"https:\/\/www.europesays.com\/es\/wp-json\/wp\/v2\/posts\/128081","targetHints":{"allow":["GET"]}}],"collection":[{"href":"https:\/\/www.europesays.com\/es\/wp-json\/wp\/v2\/posts"}],"about":[{"href":"https:\/\/www.europesays.com\/es\/wp-json\/wp\/v2\/types\/post"}],"author":[{"embeddable":true,"href":"https:\/\/www.europesays.com\/es\/wp-json\/wp\/v2\/users\/2"}],"replies":[{"embeddable":true,"href":"https:\/\/www.europesays.com\/es\/wp-json\/wp\/v2\/comments?post=128081"}],"version-history":[{"count":0,"href":"https:\/\/www.europesays.com\/es\/wp-json\/wp\/v2\/posts\/128081\/revisions"}],"wp:featuredmedia":[{"embeddable":true,"href":"https:\/\/www.europesays.com\/es\/wp-json\/wp\/v2\/media\/128082"}],"wp:attachment":[{"href":"https:\/\/www.europesays.com\/es\/wp-json\/wp\/v2\/media?parent=128081"}],"wp:term":[{"taxonomy":"category","embeddable":true,"href":"https:\/\/www.europesays.com\/es\/wp-json\/wp\/v2\/categories?post=128081"},{"taxonomy":"post_tag","embeddable":true,"href":"https:\/\/www.europesays.com\/es\/wp-json\/wp\/v2\/tags?post=128081"}],"curies":[{"name":"wp","href":"https:\/\/api.w.org\/{rel}","templated":true}]}}