{"id":128087,"date":"2025-09-20T20:03:13","date_gmt":"2025-09-20T20:03:13","guid":{"rendered":"https:\/\/www.europesays.com\/es\/128087\/"},"modified":"2025-09-20T20:03:13","modified_gmt":"2025-09-20T20:03:13","slug":"sevilla-1-2-resumen-goles-resultado-y-reacciones","status":"publish","type":"post","link":"https:\/\/www.europesays.com\/es\/128087\/","title":{"rendered":"Sevilla (1-2): resumen, goles, resultado y reacciones"},"content":{"rendered":"<p>21:49<\/p>\n<p class=\"voc-p\"><a href=\"https:\/\/www.abc.es\/deportes\/orgullodenervion\/noticias-sevilla-fc\/almeyda-tras-victoria-vitoria-vimos-camino-insistir-20250920214523-nts.html\" data-voc-vtm-id=\"in-text-traffic\" target=\"_blank\" rel=\"nofollow noopener\"><br \/>\nAlmeyda, tras el triunfo en Vitoria: \u00abYa vimos el camino y hay que insistir para hacernos cada d\u00eda m\u00e1s fuertes\u00bb<\/a><\/p>\n<p class=\"voc-p\">Con la l\u00f3gica satisfacci\u00f3n por el triunfo pero sin perder el foco ni desviarse de las l\u00edneas maestras de su discurso. As\u00ed se mostr\u00f3 Mat\u00edas Almeyda en la rueda de prensa posterior a la victoria en Mendizorroza, tambi\u00e9n en todas sus declaraciones ante los medios de comunicaci\u00f3n a la conclusi\u00f3n del encuentro. Aplaca la euforia, por supuesto, a la que no ha lugar, y apuesta, como \u00e9l dice, \u00abpor la l\u00ednea media, con tranquilidad\u00bb. Al proceso le queda mucho trabajo a\u00fan. \u00abMe quedo, m\u00e1s con el triunfo, que lo necesit\u00e1bamos, con la entrega del grupo, que es espectacular. La uni\u00f3n saca a los equipos de momentos negativos. Todos ellos son importantes y est\u00e1n aportando cada uno su granito de arena para el bien del equipo\u00bb, destacaba en sus primeras valoraciones del choque en rueda de prensa. <\/p>\n<p>21:16<\/p>\n<p>Almeyda, en declaraciones a DAZN LaLiga en zona mixta tras el Alav\u00e9s &#8211; Sevilla<\/p>\n<p class=\"voc-p\"><strong>Valoraci\u00f3n.<\/strong> \u00abContento por el partido de los chicos, con una gran entrega y juego en equipo. Vinimos a buscar los tres puntos y nos lo llevamos\u00bb.  <\/p>\n<p class=\"voc-p\"><strong>Alexis por Alfon.<\/strong> \u00abFue r\u00e1pido. No cont\u00e1bamos con esa lesi\u00f3n. Se dobl\u00f3 el tobillo en esa acci\u00f3n de mano a mano. Fue r\u00e1pido, pero se ve que Alexis esta bien\u00bb. <\/p>\n<p class=\"voc-p\"><strong>\u00bfC\u00f3mo est\u00e1 Alfon? <\/strong>\u00abLos doctores nos dir\u00e1n los pasos a seguir. Le har\u00e1n estudios ma\u00f1ana para tener certezas\u00bb. <\/p>\n<p class=\"voc-p\"><strong>Qu\u00e9 les dijo en el descanso a sus jugadores. <\/strong>\u00abTenemos mucho di\u00e1logo. Tratamos de ajustar y de leer c\u00f3mo va el partido. En el segundo tiempo interpretamos mucho mejor, como hab\u00edamos programado, pero hay un rival que te obliga y te va metiendo en su campo. Lo hicimos bien\u00bb.  <\/p>\n<p class=\"voc-p\"><strong>\u00bfQu\u00e9 detalles hay que mejorar? <\/strong>\u00abSiempre quedan cosas, pero el f\u00fatbol se define en mil\u00e9simas de segundo. Hab\u00eda programado otros cambios para ser m\u00e1s explosivos en el segundo tiempo, pero el partido se fue dando de otra manera y hay que tomar decisiones\u00bb. <\/p>\n<p>21:13<\/p>\n<p>Almeyda, en declaraciones a los medios del club en zona mixta tras el partido<\/p>\n<p class=\"voc-p\"><strong>Partidazo. <\/strong>\u00abContento por el triunfo, por el desempe\u00f1o de ellos. Estoy viendo a un grupo que se la est\u00e1 jugando en todos los sentidos. Estamos en el buen camino. Ya vimos el camino y hay que insistir y hacernos cada d\u00eda m\u00e1s fuertes pasito a pasito\u00bb. <\/p>\n<p class=\"voc-p\"><strong>La importancia del grupo y c\u00f3mo se nota en el campo.<\/strong> \u00abYo busco que un equipo juegue como eso, como un equipo. A los que les toque estar fuera, que apoyen a los de dentro. Los vamos a necesitar a todos. Que entreguen todo lo que tienen porque es es la \u00fanica forma de competir como hoy. Nos pusimos en ventaja, nos hicieron gol y seguimos insistiendo, mejorando en el segundo tiempo. Fue excelente\u00bb. <\/p>\n<p class=\"voc-p\"><strong>Alexis. <\/strong>\u00ab\u00c9l, C\u00e9sar y todos los chicos. Me quedo con todos alentando a sus compa\u00f1eros. Priorizamos al grupo y no al individuo\u00bb.<\/p>\n<p class=\"voc-p\"><strong>El martes, nuevo partido en casa. <\/strong>\u00abHay que ir con tranquilidad. Esto es largo y venimos saliendo de un proceso, tomando confianza. L\u00ednea media, tranquilidad\u00bb. <\/p>\n<p>21:08<\/p>\n<p>Almeyda, en rueda de prensa<\/p>\n<p class=\"voc-p\"><strong>Valoraci\u00f3n. <\/strong>\u00abMe quedo, m\u00e1s con el triunfo, que lo necesit\u00e1bamos, con la entrega del grupo, que es espectacular. La uni\u00f3n saca a los equipos de momentos negativos. Todos ellos son importantes y est\u00e1n aportando cada uno su granito de arena para el bien del equipo\u00bb.<\/p>\n<p class=\"voc-p\"><strong>\u00bfC\u00f3mo anul\u00f3 al rival?<\/strong> \u00abAnalizamos al rival. Un rival duro, dif\u00edcil, que tiene peligro, que est\u00e1 bien entrenado, sabe a qu\u00e9 juega y qu\u00e9 quiere hacer. Venimos en ese proceso de partido tras parido ir mejorando. Consideramos por intermedio de las observaciones d\u00f3nde ten\u00edamos que presionar, c\u00f3mo mover el bal\u00f3n; a veces sale bien y otras no. El resultado quiere decir que sali\u00f3 bien\u00bb. <\/p>\n<p class=\"voc-p\"><strong>La importancia del grupo y su fortaleza a partir de buenos resultados.<\/strong> \u00abS\u00ed, es verdad, pero una cosa se construye desde los cimientos. Y los cimientos fue, cuando llegamos, intentando cambiar con nuestra metodolog\u00eda de trabajo. Tuvimos la posibilidad de hacer la pretemporada con el concepto, que estaba claro. Queda mucho por delante. Vamos encontrando el camino. Los resultados positivos siempre ayudan a ser m\u00e1s cre\u00edbles. No quiero que me crean porque ganamos, sino por el mensaje, lo que trabajamos en la semana, lo que hacemos. Hay muchas cosas que se trabajan para unir a un grupo y sacarles lo mejor a ellos. Estamos bien en ese proceso y esperamos seguir ah\u00ed\u00bb.<\/p>\n<p class=\"voc-p\"><strong>Veteranos Azpilicueta y Alexis. <\/strong>\u00abMuchas veces se subestima a la gente cuando es m\u00e1s grande. Pasa en la vida. Pocos se acuerdan de los grandes cuando hay que contratar en una empresa. La mezcla siempre es buena. Hay dos muchachos con una trayectoria como pocos, pero tienen ganas. Las ganas marcan diferencia a los a\u00f1os. Est\u00e1n exprimi\u00e9ndose al m\u00e1ximo, marcando su diferencia con los a\u00f1os que tienen, pero me llama la atenci\u00f3n porque lo han ganado todo. Son ejemplos que tiene el f\u00fatbol. Son subestimados solo por hacer an\u00e1lisis antes de verlos. Fuera de la cancha son dos compa\u00f1eros que est\u00e1n marcando un camino. A cualquier entrenador esto les beneficia. No compito con ellos ni soy celoso. Dios quiera que los j\u00f3venes los miren y quieran copiarlos en muchos sentidos\u00bb.<\/p>\n<p class=\"voc-p\"><strong>La dificultad de ganar en Nervi\u00f3n.<\/strong> \u00abVamos a dar vuelta a eso. Tenemos un gran p\u00fablico. El \u00faltimo partido lo jugamos bien y creo que el p\u00fablico entendi\u00f3 que estos jugadores se est\u00e1n dejando todo por el bien com\u00fan. Lo vamos a lograr. El publico que tiene el Sevilla es de los pocos que te da un plus m\u00e1s. Nos dio ese plus el otro d\u00eda y estuvimos ah\u00ed para ganarlo por esa inyecci\u00f3n an\u00edmica. Es un p\u00fablico que hace dos viene sufriendo como todo el club, pero entre todos estamos para salir y estar donde queremos. Vimos el camino, el p\u00fablico lo sabe y son fundamentales para nosotros. Queremos que sea ese jugador que nos d\u00e9 ese impulso que necesitamos\u00bb. <\/p>\n<p>20:43<\/p>\n<p>La CR\u00d3NICA del Alav\u00e9s &#8211; Sevilla<\/p>\n<p class=\"voc-p\"><a href=\"https:\/\/www.abc.es\/deportes\/orgullodenervion\/noticias-sevilla-fc\/alaves-sevilla-20250920185933-nts.html\" data-voc-vtm-id=\"in-text-traffic\" target=\"_blank\" rel=\"nofollow noopener\"><br \/>\nEste Sevilla tiene alma (1-2)<\/a><\/p>\n<p class=\"voc-p\">Los goles de Vargas y Alexis S\u00e1nchez dan la segunda victoria de la temporada del cuadro blanquirrojo<\/p>\n<p>20:42<\/p>\n<p>Alexis, en declaraciones a DAZN LaLiga a ras de c\u00e9sped tras el partido<\/p>\n<p class=\"voc-p\"><strong>C\u00f3mo est\u00e1 tras la victoria. <\/strong>\u00abLo primero, contento por el equipo. Lo dejaron todo en la cancha los que estaban dentro y los que no. Se ha creado un grupo muy lindo. Contento por el gol y la victoria. Me dijeron que no se ganaba aqu\u00ed desde hac\u00eda dos a\u00f1os\u00bb. <\/p>\n<p class=\"voc-p\"><strong>El cambio por Alfon. <\/strong>\u00abNo me lo esperaba. Espero que sea algo simple, nada grave. Trat\u00e9 de ayudar al equipo. Hac\u00eda mucho que no jugaba 70 u 80 minutos. Muy contento por los tres puntos\u00bb. <\/p>\n<p class=\"voc-p\"><strong>El asado y la importancia de que el entrenador entienda al grupo.<\/strong> \u00abIndependientemente de si estaba rico o no, se est\u00e1 creando un grupo muy lindo. El que entra ayuda al compa\u00f1ero y al m\u00e1s joven. Queremos darle una alegr\u00eda a la afici\u00f3n. Ah\u00ed est\u00e1 cantando todav\u00eda, se le escucha. El entrenador tambi\u00e9n nos da esa garra, pero hay que seguir mejorando detalles. Nos falta mucho. Muchos compa\u00f1eros son nuevos. Hay que intentar entender al compa\u00f1ero, saber cu\u00e1ndo presionar y tener m\u00e1s pausa\u00bb.  <\/p>\n<p>20:30<\/p>\n<p>Min. 90+8 (1-2)<\/p>\n<p class=\"voc-p\"> \u00a1FINAL! Victoria del Sevilla en Mendizorroza gracias a los goles de Vargas y Alexis, el del chileno en la segunda mitad. Segundo triunfo de la temporada de los de Almeyda, que se ponen con siete puntos.<\/p>\n<p>20:27<\/p>\n<p>Min. 90+6 (1-2)<\/p>\n<p class=\"voc-p\"> Otra amarilla para el Sevilla, esta vez para Azpilicueta.<\/p>\n<p>20:26<\/p>\n<p>Min. 90+5 (1-2)<\/p>\n<p class=\"voc-p\">Tarjeta amarilla para Peque.<\/p>\n<p>20:23<\/p>\n<p>Min. 90+2 (1-2)<\/p>\n<p class=\"voc-p\"> \u00a1Uy! Cabezazo de Garc\u00e9s que atrapa Vlachodimos.<\/p>\n<p>20:21<\/p>\n<p>Min. 90 (1-2)<\/p>\n<p class=\"voc-p\">Se a\u00f1aden siete minutos.<\/p>\n<p>20:20<\/p>\n<p>Min. 88 (1-2)<\/p>\n<p class=\"voc-p\"> Tarjeta amarilla para Blanco. Est\u00e1n atendiendo a Peque de un fuerte golpe nada m\u00e1s entrar al campo.<\/p>\n<p>20:16<\/p>\n<p>Min. 85 (1-2)<\/p>\n<p class=\"voc-p\">Doble cambio en el Sevilla: entran Juanlu y Peque por Carmona e Isaac Romero.<\/p>\n<p>20:15<\/p>\n<p>Min. 84 (1-2)<\/p>\n<p class=\"voc-p\">Tarjeta amarilla para Vlachodimos por p\u00e9rdida de tiempo.<\/p>\n<p>20:14<\/p>\n<p>Min. 83 (1-2)<\/p>\n<p class=\"voc-p\">Tarjeta amarilla para Suazo.<\/p>\n<p>20:12<\/p>\n<p>Min. 81 (1-2)<\/p>\n<p class=\"voc-p\"> Disparo de Toni Mart\u00ednez que bloca Vlachodimos.<\/p>\n<p>20:10<\/p>\n<p>Min. 79 (1-2)<\/p>\n<p class=\"voc-p\">Disparo lejano de Tenaglia que se va muy desviado.<\/p>\n<p>20:08<\/p>\n<p>Min. 76 (1-2)<\/p>\n<p class=\"voc-p\"> Tarjeta amarilla para Mendy. Falta muy peligrosa a favor del Alav\u00e9s.<\/p>\n<p>20:05<\/p>\n<p>Min. 74 (1-2)<\/p>\n<p class=\"voc-p\"> Hay doble cambio en el Sevilla: entran Akor Adams y Gudelj por Vargas y Nianzou.<\/p>\n<p>20:04<\/p>\n<p>Min. 73 (1-2)<\/p>\n<p class=\"voc-p\">Disparo lejano de Pablo Ib\u00e1\u00f1ez que atrapa Vlachodimos.<\/p>\n<p>20:02<\/p>\n<p>Min. 71 (1-2)<\/p>\n<p class=\"voc-p\"> Hay triple cambio en el Alav\u00e9s: entran Rebbach, Youssef y Mariano por Denis Su\u00e1rez, Diarr\u00e1 y Boy\u00e9.<\/p>\n<p>19:58<\/p>\n<p>Min. 67 (1-2)<\/p>\n<p class=\"voc-p\">\u00a1\u00a1\u00a1GOOOOOOOOL del Sevilla FC!!! GOOOOOOOOL de Alexis. Centro raso de Carmona y el chileno env\u00eda la pelota al fondo de la meta de Sivera.<\/p>\n<p>19:56<\/p>\n<p>Min. 65 (1-1)<\/p>\n<p class=\"voc-p\">Tarjeta amarilla para Chacho Coudet, t\u00e9cnico del Alav\u00e9s.<\/p>\n<p>19:55<\/p>\n<p>Min. 64 (1-1)<\/p>\n<p class=\"voc-p\">Otra buena jugada de ataque del Sevilla que acaba en un centro de Carmona que no remata ning\u00fan compa\u00f1ero.<\/p>\n<p>19:50<\/p>\n<p>Min. 58 (1-1)<\/p>\n<p class=\"voc-p\"> Doble cambio en el Alav\u00e9s: entran Pablo Ib\u00e1\u00f1ez y Toni Mart\u00ednez por Guridi y Ale\u00f1\u00e1.<\/p>\n<p>19:49<\/p>\n<p>Min. 57 (1-1)<\/p>\n<p class=\"voc-p\">\u00a1\u00a1\u00a1Uyyyyyyyy!!! \u00a1Qu\u00e9 ocasi\u00f3n de Carmona! Internada del lateral hasta el interior del \u00e1rea y su disparo acaba abortado por Garc\u00e9s.<\/p>\n<p>19:44<\/p>\n<p>Min. 52 (1-1)<\/p>\n<p class=\"voc-p\">Contra muy peligrosa del Alav\u00e9s tras una p\u00e9rdida de Mendy en el centro del campo sin que nadie del Sevilla frene el ataque del conjunto albiazul.<\/p>\n<p>19:42<\/p>\n<p>Min. 50 (1-1)<\/p>\n<p class=\"voc-p\"> Bal\u00f3n muy largo al que no llega Alexis.<\/p>\n<p>19:38<\/p>\n<p>Min. 47 (1-1)<\/p>\n<p class=\"voc-p\"> Chut defectuoso de Vargas que sale muy desviado.<\/p>\n<p>19:36<\/p>\n<p>Min. 46 (1-1)<\/p>\n<p class=\"voc-p\">\u00a1\u00a1\u00a1Uyyyyyyyy!!! Centro muy peligroso de Suazo que saca la defensa del Alav\u00e9s.<\/p>\n<p>19:35<\/p>\n<p>\u00a1\u00a1\u00a1Comienza la segunda parte en Mendizorroza!!!<\/p>\n<p class=\"voc-p\">Se reanuda el partido en Vitoria. <\/p>\n<p>19:20<\/p>\n<p>Min. 45+3 (1-1)<\/p>\n<p class=\"voc-p\">Descanso en Mendizorroza. Jugadores a vestuarios. Se adelant\u00f3 el Sevilla con un golazo de Rub\u00e9n Vargas e igual\u00f3 Carlos Vicente, de penalti. Se equivoc\u00f3 Marcao. Alfon, lesionado, fue sustituido por Alexis.<\/p>\n<p>19:16<\/p>\n<p>Min. 45 (1-1)<\/p>\n<p class=\"voc-p\">Se a\u00f1aden tres minutos.<\/p>\n<p>19:15<\/p>\n<p>Min. 44 (1-1)<\/p>\n<p class=\"voc-p\">Amarilla para Nianzou por una falta innecesaria con el rival recibiendo de espalda y muy lejos de la porter\u00eda.<\/p>\n<p>19:10<\/p>\n<p>Min. 39 (1-1)<\/p>\n<p class=\"voc-p\"> Tarjeta amarilla para Vargas por protestar. Se quejaba al \u00e1rbitro de agarrones en el interior del \u00e1rea vitoriana.<\/p>\n<p>19:09<\/p>\n<p>Min. 38 (1-1)<\/p>\n<p class=\"voc-p\">Disparo alto de Mendy tras una larga de ataque del Sevilla, con varias opciones para chutar a la meta de Sivera.<\/p>\n<p>19:03<\/p>\n<p>Min. 32 (1-1)<\/p>\n<p class=\"voc-p\">Gol anulado a Vargas por fuera de juego del suizo.<\/p>\n<p>19:02<\/p>\n<p>Min. 30 (1-1)<\/p>\n<p class=\"voc-p\">Media hora de partido en Mendizorroza. Tiene m\u00e1s la pelota el Sevilla, aunque le cuesta llegar al \u00e1rea rival y generar situaciones de peligro.<\/p>\n<p>18:57<\/p>\n<p>Min. 26 (1-1)<\/p>\n<p class=\"voc-p\"> Pase filtrado de Alexis para la carrera de Isaac a la que no llega el lebrijano.<\/p>\n<p>18:56<\/p>\n<p>Min. 24 (1-1)<\/p>\n<p class=\"voc-p\">Pide el Sevilla penalti sobre Carmona. Nada se\u00f1al\u00f3 el colegiado.<\/p>\n<p>18:52<\/p>\n<p>Min. 21 (1-1)<\/p>\n<p class=\"voc-p\"> Remate muy alto de cabeza de Marcao.<\/p>\n<p>18:50<\/p>\n<p>Min. 18 (1-1)<\/p>\n<p class=\"voc-p\"> \u00a1Uy! Remate de Boy\u00e9 que saca Vlachodimos tras un error de Alexis.<\/p>\n<p>18:47<\/p>\n<p>Min. 16 (1-1)<\/p>\n<p class=\"voc-p\"> \u00a1Gol del Alav\u00e9s! No falla Carlos Vicente desde los once metros e iguala el partido.<\/p>\n<p>18:46<\/p>\n<p>Min. 15 (0-1)<\/p>\n<p class=\"voc-p\"> Penalti de Marcao a Carlos Vicente.<\/p>\n<p>18:45<\/p>\n<p>Min. 14 (0-1)<\/p>\n<p class=\"voc-p\">Cambio en el Sevilla: entra Alexis por Alfon, lesionado<\/p>\n<p>18:43<\/p>\n<p>Min. 11 (0-1)<\/p>\n<p class=\"voc-p\">Le han colocado un vendaje a Alfon en el tobillo derecho. Parece que no puede seguir. <\/p>\n<p>18:41<\/p>\n<p>Min. 9 (0-1)<\/p>\n<p class=\"voc-p\">\u00a1\u00a1\u00a1GOOOOOOOOL del Sevilla FC!!! GOOOOOOOOL de Vargas. Recuper\u00f3 la pelota el suizo en el centro del campo y en la frontal, casi desequilibrado, lanz\u00f3 un zurdazo que se cuela en la escuadra de Sivera.<\/p>\n<p>18:39<\/p>\n<p>Min. 8 (0-0)<\/p>\n<p class=\"voc-p\">\u00a1\u00a1\u00a1Uyyyyyyyy!!!\u00a1Ha salvado Sivera al Alav\u00e9s! Bal\u00f3n filtrado de Isaac que Alfon no lo logra convertir en gol en el uno contra uno ante el meta del conjunto albiazul.<\/p>\n<p>18:38<\/p>\n<p>Min. 6 (0-0)<\/p>\n<p class=\"voc-p\">Presi\u00f3n muy alta del Alav\u00e9s que dificulta mucho la salida de bal\u00f3n del Sevilla.<\/p>\n<p>18:35<\/p>\n<p>Min. 5 (0-0)<\/p>\n<p class=\"voc-p\">Minutos de tanteo en Mendizorroza. Sin acercamientos a las \u00e1reas hasta el momento.<\/p>\n<p>18:30<\/p>\n<p>\u00a1\u00a1\u00a1Comienza el encuentro en Mendizorroza entre el Deportivo Alav\u00e9s y el Sevilla FC!!! <\/p>\n<p>18:29<\/p>\n<p>\u00a1\u00a1\u00a1Saltan los protagonistas al terreno de juego!!!<\/p>\n<p class=\"voc-p\">\u00a1\u00a1\u00a1Va a comenzar el encuentro entre el Deportivo Alav\u00e9s y el Sevilla FC!!!<\/p>\n<p>18:25<\/p>\n<p>El once del Sevilla FC<\/p>\n<p class=\"voc-p\">Con esta alineaci\u00f3n parte el conjunto nervionense en Mendizorroza: Odysseas Vlachodimos; Carmona, Azpilicueta, Nianzou, Marcao, Suazo; Mendy, Agoum\u00e9; Alfon, Vargas, Isaac Romero.<\/p>\n<p>18:23<\/p>\n<p>Mat\u00edas Almeyda, en la previa del partido, en declaraciones a DAZN LaLiga<\/p>\n<p class=\"voc-p\"><strong>El asado.<\/strong> \u00abEs el segundo que hago. Priorizo otras cosas. Cuando alguien te cocina, te est\u00e1 dedicando un tiempo. Fue por eso, porque este equipo viene de momentos dif\u00edciles. Trato de unir, de que est\u00e9n c\u00f3modos y confiados, que se conozcan m\u00e1s all\u00e1 de un entrenamiento de f\u00fatbol. Me gusta verlos interactuar en otros aspectos de la vida\u00bb. <\/p>\n<p class=\"voc-p\"><strong>Cambio de porter\u00eda. <\/strong>\u00abLa decisi\u00f3n la fui analizando bastante porque cambiar de portero para m\u00ed es bastante especial. Pero, como en todo el grupo, trato de tomar decisiones con lo que veo que est\u00e1 mejor. Son todos partidos diferentes y estoy modificando partido tras partido. Necesitamos salir de todo esto que ha vivido el club. Le estoy demostrando que trabajo en grupo, que los necesito a todos. Al portero es fundamental darle confianza y por ah\u00ed Nyland, que lo ha hecho y regular por momentos, no quiere decir que no vaya a jugar m\u00e1s. No tengo problema en tres o cuatro partidos en cambiarlo de nuevo. Los descansos mentales y f\u00edsicos vienen bien. Y tampoco los entrenadores tenemos toda la verdad\u00bb.  <\/p>\n<p class=\"voc-p\"><strong>Amigo de Chacho Coudet.<\/strong> \u00abCon Chacho no coincidimos en River aunque ambos jugamos en River. Creo que \u00e9l lleg\u00f3 cuando yo me fui. Nos hemos enfrentado un par de veces y tenemos conocidos en com\u00fan. Es un gran entrenador. Le pone pasi\u00f3n y mucha dedicaci\u00f3n. Lo respeto como persona, exfutbolista y entrenador. Somos argentinos y cuando los argentinos estamos fuera, nos queremos m\u00e1s. Nos enfrentamos a un equipo dif\u00edcil que juega bien y tiene buenos futbolistas\u00bb. <\/p>\n<p>18:20<\/p>\n<p>El once del Deportivo Alav\u00e9s<\/p>\n<p class=\"voc-p\">Con esta alineaci\u00f3n parte el conjunto de Coudet ante el Sevilla: Sivera; Johnny, Garc\u00e9s, Tenaglia, Diarr\u00e1; Blanco, Denis Su\u00e1rez; Ale\u00f1\u00e1, Guridi, Carlos Vicente; Boy\u00e9.<\/p>\n<p>18:15<\/p>\n<p>\u00a1\u00a1\u00a1Quince minutos para el inicio del Alav\u00e9s &#8211; Sevilla!!!<\/p>\n<p>18:10<\/p>\n<p>El banquillo del Sevilla FC<\/p>\n<p class=\"voc-p\">Estos futbolistas esperar\u00e1n su oportunidad en el transcurso del choque ante el Alav\u00e9s: Nyland, Kike Salas, Cardoso, Juanlu, Castr\u00edn, Gudelj, Sow, Januzaj, Ejuke, Peque, Alexis, y Akor.<\/p>\n<p>18:05<\/p>\n<p>El banquillo del Deportivo Alav\u00e9s<\/p>\n<p class=\"voc-p\">Estos jugadores esperar\u00e1n su oportunidad durante el partido en el banquillo albiazul: Ra\u00fal Fern\u00e1ndez, Parada, Guevara, Ib\u00e1\u00f1ez, Calebe, Rebbach, Pacheco, Youssef, Protesoni, Pinillos, Toni Mart\u00ednez y Mariano.<\/p>\n<p>18:00<\/p>\n<p>\u00a1\u00a1\u00a1Media hora para el comienzo del partido en Mendizorroza entre el Deportivo Alav\u00e9s y el Sevilla FC!!!<\/p>\n<p class=\"voc-p\"> \u00a1\u00a1\u00a1Ya calientan los futbolistas de ambos equipos en el terreno de juego!!!<\/p>\n<p>17:58<\/p>\n<p>Mat\u00edas Almeyda, en declaraciones a los medios del club en la previa del partido<\/p>\n<p class=\"voc-p\"><strong>C\u00f3mo llega el equipo. <\/strong>\u00abCon las mismas expectativas previas a cada partido, con la ilusi\u00f3n y las ganas de hacerlo bien\u00bb. <\/p>\n<p class=\"voc-p\"><strong>\u00bfL\u00ednea de cinco en defensa? <\/strong>\u00abHay algunas modificaciones. La estrategia ser\u00e1 parecida. Este rival juega de otra manera respecto al Elche e intentaremos bloquear sus virtudes y aprovechar las nuestras cambiando un poquito lo que hicimos el otro d\u00eda\u00bb. <\/p>\n<p class=\"voc-p\"><strong>Suazo, \u00bfcarrilero?<\/strong> \u00abNo va a hacer de carrilero. Es importante \u00e9l y todos los chicos que entrenamos. Est\u00e1n todos a disposici\u00f3n y eso es fundamental. Que ellos cumplan su funci\u00f3n y que cada vez tomen m\u00e1s confianza y puntos, que es lo que venimos a buscar\u00bb. <\/p>\n<p class=\"voc-p\"><strong>Un campo que aprieta.<\/strong> \u00abLos futbolistas est\u00e1n acostumbrados. Nos gusta cuando hay gente y estamos acostumbrados a jugar delante de nuestro p\u00fablico. Este estadio es un poco m\u00e1s chico que el nuestro, pero estamos acostumbrados y preparados para eso\u00bb. <\/p>\n<p class=\"voc-p\"><strong>M\u00e1s de 500 sevillistas en Mendizorroza.<\/strong> \u00abEs que siempre nos acompa\u00f1an y por eso queremos hacerlo bien para que todos estemos contentos y poder darles una alegr\u00eda\u00bb. <\/p>\n<p>17:55<\/p>\n<p class=\"voc-p\"><a href=\"https:\/\/www.abc.es\/deportes\/orgullodenervion\/noticias-sevilla-fc\/coudet-sevilla-equipo-intenso-fisico-exigir-20250919122818-nts.html\" data-voc-vtm-id=\"in-text-traffic\" target=\"_blank\" rel=\"nofollow noopener\"><br \/>\nCoudet: \u00abEl Sevilla FC es un equipo intenso, muy f\u00edsico y que nos va a exigir mucho\u00bb<\/a><\/p>\n<p class=\"voc-p\">El <strong>entrenador del Alav\u00e9s, Eduardo Coudet<\/strong>, compareci\u00f3 ante los medios para analizar la previa del choque liguero que mide a su equipo contra el Sevilla FC este s\u00e1bado (18.30) en Mendizorroza. La \u00faltima victoria del conjunto babazorro en San Mam\u00e9s ha disparado la moral de la afici\u00f3n blanquiazul, pero Coudet huye de la euforia y pide m\u00e1xima concentraci\u00f3n a los suyos ante el <strong>Sevilla FC<\/strong>: \u00abLo que pas\u00f3 ya queda atr\u00e1s. El vestuario trabaja muy bien y estamos satisfechos por regalar esa victoria a la afici\u00f3n. Ahora toca pensar en el Sevilla, as\u00ed que hay que ir a por m\u00e1s, crecer y mejorar algunas cosas en el pr\u00f3ximo partido\u00bb, explic\u00f3 el entrenador argentino.<\/p>\n<p>17:50<\/p>\n<p class=\"voc-p\"><a href=\"https:\/\/www.abc.es\/deportes\/orgullodenervion\/noticias-sevilla-fc\/iosu-galech-debutara-ante-sevilla-mendizorroza-20250919171044-nts.html\" data-voc-vtm-id=\"in-text-traffic\" target=\"_blank\" rel=\"nofollow noopener\"><br \/>\nIosu Galech debutar\u00e1 ante el Sevilla FC en Mendizorroza<\/a><\/p>\n<p class=\"voc-p\">El CTA ha designado a los \u00e1rbitros que se encargar\u00e1n de los duelos del s\u00e1bado correspondientes a la jornada 4 de LaLiga. De esta forma,<strong> Iosu Galech Apeztegu\u00eda<\/strong>, nacido en Pamplona, es el elegido para dirigir el <strong>Alav\u00e9s &#8211; Sevilla<\/strong>, que tendr\u00e1 lugar este s\u00e1bado a partir de las 18.30 horas.<\/p>\n<p class=\"voc-p\">Es uno de los tres ascendidos junto a <strong>Jos\u00e9 Luis Guzm\u00e1n Mansilla y Miguel Sesma Espinosa<\/strong> para la temporada 2025-26. El colegiado navarro ha subido tras cinco temporadas en la divisi\u00f3n de plata del f\u00fatbol espa\u00f1ol donde ha dirigido m\u00e1s de 130 encuentros. Con anterioridad, estuvo en la tercera categor\u00eda espa\u00f1ola un total de ocho a\u00f1os.<\/p>\n<p>17:45<\/p>\n<p>La PREVIA del Alav\u00e9s &#8211; Sevilla<\/p>\n<p class=\"voc-p\"><a href=\"https:\/\/www.abc.es\/deportes\/orgullodenervion\/noticias-sevilla-fc\/alaves-sevilla-almeyda-busca-consagrarse-vitoria-20250920114859-nts.html\" data-voc-vtm-id=\"in-text-traffic\" target=\"_blank\" rel=\"nofollow noopener\"><br \/>\nAlmeyda busca consagrarse en Vitoria<\/a><\/p>\n<p class=\"voc-p\">El argentino puede disponer de todos los efectivos de la plantilla, excepto Jord\u00e1n, tras recuperar esta semana a Ejuke y Akor Adams. Vlachodimos apunta a la titularidad en la porter\u00eda tras quedar Nyland retratado ante el Elche<\/p>\n<p>17:35<\/p>\n<p class=\"voc-p\"><a href=\"https:\/\/www.abc.es\/deportes\/orgullodenervion\/noticias-sevilla-fc\/ver-alaves-sevilla-canal-streaming-online-partido-20250918141143-nts.html\" data-voc-vtm-id=\"in-text-traffic\" target=\"_blank\" rel=\"nofollow noopener\"><br \/>\nD\u00f3nde ver Alav\u00e9s &#8211; Sevilla: canal de TV y streaming online del partido de LaLiga EA Sports 2025-2026<\/a><\/p>\n<p>D\u00f3nde ver el Alav\u00e9s &#8211; Sevilla: en qu\u00e9 canal lo televisan y plataformas de streaming<\/p>\n<p class=\"voc-p\">El Deportivo Alav\u00e9s &#8211; Sevilla FC de la 5\u00aa jornada de LaLiga EA Sports ser\u00e1 ofrecido en directo por                                             <a href=\"https:\/\/www.dazn.com\/es-ES\/home\" data-voc-vtm-id=\"in-text-traffic\" target=\"_blank\" rel=\"nofollow noopener\"><strong>DAZN LaLiga<\/strong><\/a> (                                            <a href=\"https:\/\/www.movistarplus.es\/canal\/dazn-laliga?id=daznli\" data-voc-vtm-id=\"in-text-traffic\" target=\"_blank\" rel=\"nofollow noopener\"><strong>diales 55<\/strong><\/a> y 58 en <strong>Movistar<\/strong>; 113 y 114 en <strong>Orange<\/strong>) y LaLiga TV Bar (dial 300 en Movistar) en los establecimientos.<\/p>\n<p>A qu\u00e9 hora es el Alav\u00e9s &#8211; Sevilla: fecha, d\u00eda, horario, estadio y d\u00f3nde se juega<\/p>\n<p class=\"voc-p\">El Alav\u00e9s &#8211; Sevilla de la 5\u00aa jornada se juega <strong>este pr\u00f3ximo s\u00e1bado, 20 de septiembre, a las 18.30 horas en el Estadio de Mendizorroza<\/strong>.<\/p>\n<p>C\u00f3mo seguir el Alav\u00e9s &#8211; Sevilla<\/p>\n<p class=\"voc-p\">El encuentro entre albiazules y blanquirrojos se puede seguir por dos v\u00edas online. En primer lugar, desde                                             <a href=\"https:\/\/www.abc.es\/deportes\/orgullodenervion\/\" data-voc-vtm-id=\"in-text-traffic\" target=\"_blank\" rel=\"nofollow noopener\"><strong>Orgullodenervion.com<\/strong><\/a>, donde contaremos el partido en directo y minuto a minuto. Tambi\u00e9n a trav\u00e9s de ABC de Sevilla. En ambas webs, aparte del transcurrir del choque, se podr\u00e1n leer estad\u00edsticas, comentarios, cr\u00f3nicas, res\u00famenes, v\u00eddeos y todo lo relacionado con este partido de <strong>LaLiga EA Sports 2025-2026<\/strong>.<\/p>\n<p>17:30<\/p>\n<p> \u00a1\u00a1\u00a1En una hora dar\u00e1 comienzo el partido de la 5\u00aa jornada de LaLiga entre el Alav\u00e9s y el Sevilla FC!!! <\/p>\n<p class=\"voc-p\">Os estamos contando la mejor previa del choque en @Orgullo_Nervion.<\/p>\n<p>17:25<\/p>\n<p class=\"voc-p\"><a href=\"https:\/\/www.abc.es\/deportes\/orgullodenervion\/noticias-sevilla-fc\/batista-mendy-ancla-centro-campo-sevilla-almeyda-20250915223519-nts.html\" data-voc-vtm-id=\"in-text-traffic\" target=\"_blank\" rel=\"nofollow noopener\"><br \/>\nBatista Mendy ancla el centro del campo del Sevilla de Almeyda<\/a><\/p>\n<p class=\"voc-p\">El debut de Batista Mendy con el Sevilla ante el Elche dej\u00f3 pistas interesantes de lo que puede aportar al equipo. El franc\u00e9s, que lleg\u00f3 cedido desde el Trabzonspor con opci\u00f3n de compra, ocup\u00f3 un lugar en el mediocentro en el S\u00e1nchez-Pizju\u00e1n el d\u00eda del empate 2-2.<\/p>\n<p class=\"voc-p\">Lo primero que llam\u00f3 la atenci\u00f3n fue su presencia f\u00edsica: mide 1,91, tiene buen porte, capacidad de imponerse en disputas y de usar su cuerpo para proteger el bal\u00f3n. Su rol fue de contenci\u00f3n, de enlace entre defensa y ataque, intentando cubrir espacios, presionar al rival cuando el Sevilla lo exig\u00eda y participar en la salida del bal\u00f3n desde atr\u00e1s.<\/p>\n<p>17:24<\/p>\n<p>Alineaci\u00f3n oficial del Deportivo Alav\u00e9s<\/p>\n<p class=\"voc-p\">Con estos jugadores saldr\u00e1 el conjunto de Eduardo Coudet ante el Sevilla: Sivera; Johnny, Garc\u00e9s, Tenaglia, Diarr\u00e1; Blanco, Denis Su\u00e1rez; Ale\u00f1\u00e1, Guridi, Carlos Vicente; Boy\u00e9.<\/p>\n<p>17:20<\/p>\n<p class=\"voc-p\"><a href=\"https:\/\/www.abc.es\/deportes\/orgullodenervion\/noticias-sevilla-fc\/tebas-limite-salarial-sevilla-consejo-administracion-camino-20250919143356-nts.html\" data-voc-vtm-id=\"in-text-traffic\" target=\"_blank\" rel=\"nofollow noopener\"><br \/>\nTebas y el l\u00edmite salarial del Sevilla FC: \u00abEl consejo de administraci\u00f3n va por el camino adecuado\u00bb<\/a><\/p>\n<p class=\"voc-p\">El <strong>Sevilla<\/strong> da pasos en su plan de regeneraci\u00f3n pero a\u00fan se mantiene como el club de Primera divisi\u00f3n con menor l\u00edmite salarial, poco m\u00e1s de <strong>22 millones de euros<\/strong>, tope que revela las dificultades econ\u00f3micas por las que pasa el club de Nervi\u00f3n, que en febrero contaba con 684.000 euros de l\u00edmite de coste de plantilla. Desde la patronal, Javier Tebas, presidente de LaLiga, y Javier G\u00f3mez, director general corporativo, han valorado el proceso de los hispalenses en pos de regresar lo antes posible a la norma 1:1.<\/p>\n<p>17:19<\/p>\n<p>Alineaci\u00f3n oficial del Sevilla FC<\/p>\n<p class=\"voc-p\">Ya se conocen los once hombres elegidos por Mat\u00edas Almeyda para el duelo con el Alav\u00e9s: Odysseas Vlachodimos; Carmona, Azpilicueta, Nianzou, Marcao, Suazo; Mendy, Agoum\u00e9; Alfon, Vargas, Isaac Romero.<\/p>\n<p>17:15<\/p>\n<p class=\"voc-p\"><a href=\"https:\/\/www.abc.es\/deportes\/orgullodenervion\/noticias-sevilla-fc\/sevilla-reencuentra-mariano-diaz-20250918134049-nts.html\" data-voc-vtm-id=\"in-text-traffic\" target=\"_blank\" rel=\"nofollow noopener\"><br \/>\nEl Sevilla se reencuentra con Mariano D\u00edaz<\/a><\/p>\n<p class=\"voc-p\">El <strong>Sevilla<\/strong> se enfrentar\u00e1 este s\u00e1bado al <strong>Deportivo Alav\u00e9s<\/strong> en Mendizorroza. El equipo dirigido por <strong>Mat\u00edas Almeyda<\/strong> buscar\u00e1 volver a vencer a domicilio tras hacerlo en su \u00faltima salida ante el Girona (0-2). En Vitoria el cuadro nervionense se reencontrar\u00e1 con un par de viejos conocidos siendo el m\u00e1s llamativo de ellos el caso de <strong>Mariano D\u00edaz<\/strong>.<\/p>\n<p class=\"voc-p\">El delantero hispano-dominicano firm\u00f3 este verano por el Deportivo Alav\u00e9s. <strong>Comenz\u00f3 estando a prueba durante la pretemporada y convenci\u00f3 al cuerpo t\u00e9cnico<\/strong> de Coudet haci\u00e9ndose finalmente con un hueco en la plantilla y luciendo el dorsal &#8216;9&#8217; en la camiseta del cuadro babazorro.<\/p>\n<p>17:10<\/p>\n<p class=\"voc-p\"><a href=\"https:\/\/www.abc.es\/deportes\/orgullodenervion\/noticias-sevilla-fc\/sevilla-eleva-limite-salarial-millones-sigue-bajo-20250919132155-nts.html\" data-voc-vtm-id=\"in-text-traffic\" target=\"_blank\" rel=\"nofollow noopener\"><br \/>\nEl Sevilla eleva su l\u00edmite salarial hasta los 22 millones, aunque sigue siendo el m\u00e1s bajo de Primera<\/a><\/p>\n<p class=\"voc-p\"><strong>La Liga<\/strong> ha dado a conocer los l\u00edmite salariales de todos los clubes profesionales de f\u00fatbol en el campeonato espa\u00f1ol y otro a\u00f1o m\u00e1s el suspenso m\u00e1s sonado es el del <strong>Sevilla FC<\/strong>. El campeonato, con las cuentas del club de Nervi\u00f3n en la mano, le permitir\u00eda un gasto de <strong>22.139.000 euros<\/strong>, una cantidad muy alejada de los <strong>85 millones<\/strong> que invierte en su primer equipo, por lo que los sevillistas siguen estando muy sobrepasados.<\/p>\n<p class=\"voc-p\">Es el Sevilla el club con peor ratio de toda la <strong>Primera divisi\u00f3n<\/strong>, aunque a diferencia del pasado curso, ha conseguido adelantar a todos los clubes de Segunda en el l\u00edmite de coste de plantilla inscribible, situaci\u00f3n que deber\u00eda ser totalmente normal por la diferencia de categor\u00eda, pero que hace s\u00f3lo unos meses parec\u00eda una quimera.<\/p>\n<p>17:05<\/p>\n<p class=\"voc-p\"><a href=\"https:\/\/www.abc.es\/deportes\/orgullodenervion\/noticias-sevilla-fc\/sevilla-solo-ganado-tres-ocasiones-visitas-mendizorroza-20250918141026-nts.html\" data-voc-vtm-id=\"in-text-traffic\" target=\"_blank\" rel=\"nofollow noopener\"><br \/>\nEl Sevilla solo ha ganado en tres ocasiones en sus visitas a Mendizorroza en Primera Divisi\u00f3n<\/a><\/p>\n<p class=\"voc-p\">El <strong>Sevilla FC<\/strong> jugar\u00e1 este s\u00e1bado en Vitoria la quinta jornada liguera frente al <strong>Deportivo Alav\u00e9s<\/strong>. Los de <strong>Mat\u00edas Almeyda<\/strong> quieren seguir dejando buenas sensaciones lejos del S\u00e1nchez-Pizju\u00e1n, como ya ocurri\u00f3 en San Mam\u00e9s o Montilivi. Para ello, deber\u00e1 derrotar al conjunto vitoriano, que acumula <strong>siete partidos en su propio estadio sin conocer la derrota<\/strong>. La \u00faltima, el pasado 13 de abril ante el Real Madrid.<\/p>\n<p>16:45<\/p>\n<p class=\"voc-p\"><a href=\"https:\/\/www.abc.es\/deportes\/orgullodenervion\/noticias-sevilla-fc\/sevilla-vacia-enfermeria-tras-ano-medio-bajas-20250918130547-nts.html\" data-voc-vtm-id=\"in-text-traffic\" target=\"_blank\" rel=\"nofollow noopener\"><br \/>\nEl Sevilla vac\u00eda la enfermer\u00eda tras a\u00f1o y medio con bajas por lesi\u00f3n<\/a><\/p>\n<p class=\"voc-p\">Con Joan Jord\u00e1n como \u00fanico futbolista todav\u00eda sin el alta m\u00e9dica pero apurando su recuperaci\u00f3n, Almeyda celebra poder tener m\u00e1s recursos. El Getafe &#8211; Sevilla de marzo de 2024 fue el \u00faltimo duelo en el que el equipo nervionense no dej\u00f3 fuera de la convocatoria a alg\u00fan futbolista debido a problemas f\u00edsicos<\/p>\n<p>16:35<\/p>\n<p class=\"voc-p\"><a href=\"https:\/\/www.abc.es\/deportes\/orgullodenervion\/noticias-sevilla-fc\/antidoto-almeyda-recuperar-causas-perdidas-20250916160850-nts.html\" data-voc-vtm-id=\"in-text-traffic\" target=\"_blank\" rel=\"nofollow noopener\"><br \/>\nEl ant\u00eddoto de Almeyda para recuperar las causas perdidas<\/a><\/p>\n<p class=\"voc-p\">El entrenador est\u00e1 consiguiendo meter en la rueda a un grupo importante de jugadores que parec\u00edan amortizados o descartados<\/p>\n<p class=\"voc-p\">Los Nianzou, Marcao o Januzaj se benefician del plan f\u00edsico, t\u00e1ctico y mental que tambi\u00e9n lustra a los Isaac, Kike Salas, Peque&#8230;<\/p>\n<p>16:30<\/p>\n<p>\u00a1\u00a1\u00a1Apenas dos horas para el comienzo del encuentro de la 5\u00aa jornada liguera entre el Deportivo Alav\u00e9s y el Sevilla FC!!!<\/p>\n<p>16:25<\/p>\n<p class=\"voc-p\"><a href=\"https:\/\/www.abc.es\/deportes\/orgullodenervion\/noticias-sevilla-fc\/almeyda-sobre-vlachodimos-trajimos-confiamos-20250919135625-nts.html\" data-voc-vtm-id=\"in-text-traffic\" target=\"_blank\" rel=\"nofollow noopener\"><br \/>\nAlmeyda, sobre Vlachodimos: \u00abSi lo trajimos es porque confiamos en \u00e9l\u00bb<\/a><\/p>\n<p class=\"voc-p\"><strong>Mat\u00edas Almeyda<\/strong> ha comparecido ante los medios de comunicaci\u00f3n en la rueda de prensa previa al partido del <strong>Sevilla<\/strong> frente al <strong>Alav\u00e9s<\/strong>, en la que ha destacado la situaci\u00f3n de la porter\u00eda sevillista. Tras los primeros cuatro partidos ligueros en los que <strong>Nyland<\/strong> ha sido el meta titular del Sevilla, <strong>este s\u00e1bado podr\u00eda llegar el debut de Odysseas Vlachodimos<\/strong>. \u00abEst\u00e1 a disposici\u00f3n, se le ve bien. Tiene experiencia. <strong>Si lo trajimos es porque confiamos en \u00e9l<\/strong>. Veremos qu\u00e9 decide el entrenador\u00ab, respondi\u00f3 el entrenador argentino al ser cuestionado si lo ve listo para jugar.<\/p>\n<p>16:20<\/p>\n<p class=\"voc-p\"><a href=\"https:\/\/www.abc.es\/deportes\/orgullodenervion\/noticias-sevilla-fc\/vlachodimos-aprieta-pasar-nyland-20250915152910-nts.html\" data-voc-vtm-id=\"in-text-traffic\" target=\"_blank\" rel=\"nofollow noopener\"><br \/>\nVlachodimos aprieta para pasar a Nyland<\/a><\/p>\n<p class=\"voc-p\">El greco-alem\u00e1n, preparado para su debut despu\u00e9s de las dudas mostradas por el noruego en el arranque liguero. Nyland no realiz\u00f3 paradas ante el Athletic y el Elche, fall\u00f3 en el primer gol del Getafe y s\u00f3lo brill\u00f3 en Montilivi<\/p>\n<p>16:15<\/p>\n<p>As\u00ed fue la rueda de prensa de Almeyda previa al Alav\u00e9s &#8211; Sevilla<\/p>\n<p>16:10<\/p>\n<p class=\"voc-p\"><a href=\"https:\/\/www.abc.es\/deportes\/orgullodenervion\/noticias-sevilla-fc\/sevilla-alcanzara-partidos-enlazar-dos-victorias-consecutivas-20250914173323-nts.html\" data-voc-vtm-id=\"in-text-traffic\" target=\"_blank\" rel=\"nofollow noopener\"><br \/>\nEl Sevilla alcanzar\u00e1 los 50 partidos sin enlazar dos victorias consecutivas<\/a><\/p>\n<p class=\"voc-p\">El <strong>Sevilla<\/strong> no pudo conseguir derrotar al Elche el pasado viernes en el Ram\u00f3n S\u00e1nchez-Pizju\u00e1n (2-2). El equipo nervionense consigui\u00f3 ponerse por delante en el marcador gracias al gol de <strong>Isaac Romero<\/strong>, pero en el segundo tiempo <strong>Andr\u00e9 Silva y Rafa Mir<\/strong> consiguieron darle la vuelta al partido. <strong>Peque<\/strong> conseguir\u00eda rescatar un punto para los de <strong>Almeyda<\/strong> que, no obstante, <strong>no pudieron enlazar dos victorias de forma consecutiva<\/strong>\u00a0una vez m\u00e1s.<\/p>\n<p>15:55<\/p>\n<p class=\"voc-p\"><a href=\"https:\/\/www.abc.es\/deportes\/orgullodenervion\/noticias-sevilla-fc\/carmona-oferta-forest-era-buena-queria-irme-20250918141547-nts.html\" data-voc-vtm-id=\"in-text-traffic\" target=\"_blank\" rel=\"nofollow noopener\"><br \/>\nCarmona: \u00abLa oferta del Forest era muy buena, pero no quer\u00eda irme tras dejar al equipo el 17\u00ba\u00bb<\/a><\/p>\n<p class=\"voc-p\">Fueron varios los futbolistas del <strong>Sevilla FC<\/strong> que pudieron salir durante el \u00faltimo mercado de fichajes veraniego y que finalmente no lo hicieron. Uno de los casos m\u00e1s sonados fue el de <strong>Juanlu<\/strong>, pero el tambi\u00e9n canterano <strong>Jos\u00e9 \u00c1ngel Carmona<\/strong> igualmente estuvo cerca de abandonar el equipo. Ahora, el joven futbolista repasa qu\u00e9 fue lo que sucedi\u00f3 para que siga en la plantilla.<\/p>\n<p class=\"voc-p\">En declaraciones a Onda Cero Sevilla, el defensor reconoce que \u00ab<strong>la oferta del Nottingham Forest era muy buena\u00bb<\/strong> aunque se\u00f1ala que tom\u00f3 la decisi\u00f3n de rechazarla porque<strong> \u00abno quer\u00eda irme despu\u00e9s de dejar al equipo el 17\u00ba\u00bb<\/strong>. \u00abCre\u00ed que no era el momento. Si me voy, que sea cuando las cosas hayan ido bien\u00bb, a\u00f1adi\u00f3.<\/p>\n<p>15:50<\/p>\n<p class=\"voc-p\"><a href=\"https:\/\/www.abc.es\/deportes\/orgullodenervion\/noticias-sevilla-fc\/emery-recuerdo-charla-futbolistica-manolo-cardo-etapa-20250917144210-nts.html\" data-voc-vtm-id=\"in-text-traffic\" target=\"_blank\" rel=\"nofollow noopener\"><br \/>\nEmery y el recuerdo de una charla futbol\u00edstica con Manolo Cardo en su etapa en el Sevilla: \u00abMe ayud\u00f3 much\u00edsimo\u00bb<\/a><\/p>\n<p class=\"voc-p\">La etapa de <strong>Manolo Cardo<\/strong> como entrenador del primer equipo del <strong>Sevilla FC<\/strong> fue de diciembre de 1981 a junio de 1986. Tiempo en el que el t\u00e9cnico coriano tuvo la oportunidad de dirigir en 200 partidos oficiales al equipo sevillista.<\/p>\n<p class=\"voc-p\">Apenas dos entrenadores han superado esa cifra. <strong>Joaqu\u00edn Caparr\u00f3s<\/strong> estuvo en 248 encuentros mientras que 205 fueron los partidos oficiales de <strong>Unai Emery<\/strong> como t\u00e9cnico sevillista. El ahora entrenador del Aston Villa ha enviado un mensaje de p\u00e9same por la muerte de Manolo Cardo y ha recordado un momento especial vivido en el transcurso de su etapa como entrenador del Sevilla.<\/p>\n","protected":false},"excerpt":{"rendered":"21:49 Almeyda, tras el triunfo en Vitoria: \u00abYa vimos el camino y hay que insistir para hacernos cada&hellip;\n","protected":false},"author":2,"featured_media":128088,"comment_status":"","ping_status":"","sticky":false,"template":"","format":"standard","meta":{"footnotes":""},"categories":[93],"tags":[1334,168,2125,25,24,1458,315,288,1045,1171,23,167,1885,1852],"class_list":{"0":"post-128087","1":"post","2":"type-post","3":"status-publish","4":"format-standard","5":"has-post-thumbnail","7":"category-deportes","8":"tag-alaves","9":"tag-deportes","10":"tag-directo","11":"tag-es","12":"tag-espana","13":"tag-hora","14":"tag-hoy","15":"tag-laliga","16":"tag-partido","17":"tag-sevilla","18":"tag-spain","19":"tag-sports","20":"tag-ultima","21":"tag-vivo"},"share_on_mastodon":{"url":"","error":""},"_links":{"self":[{"href":"https:\/\/www.europesays.com\/es\/wp-json\/wp\/v2\/posts\/128087","targetHints":{"allow":["GET"]}}],"collection":[{"href":"https:\/\/www.europesays.com\/es\/wp-json\/wp\/v2\/posts"}],"about":[{"href":"https:\/\/www.europesays.com\/es\/wp-json\/wp\/v2\/types\/post"}],"author":[{"embeddable":true,"href":"https:\/\/www.europesays.com\/es\/wp-json\/wp\/v2\/users\/2"}],"replies":[{"embeddable":true,"href":"https:\/\/www.europesays.com\/es\/wp-json\/wp\/v2\/comments?post=128087"}],"version-history":[{"count":0,"href":"https:\/\/www.europesays.com\/es\/wp-json\/wp\/v2\/posts\/128087\/revisions"}],"wp:featuredmedia":[{"embeddable":true,"href":"https:\/\/www.europesays.com\/es\/wp-json\/wp\/v2\/media\/128088"}],"wp:attachment":[{"href":"https:\/\/www.europesays.com\/es\/wp-json\/wp\/v2\/media?parent=128087"}],"wp:term":[{"taxonomy":"category","embeddable":true,"href":"https:\/\/www.europesays.com\/es\/wp-json\/wp\/v2\/categories?post=128087"},{"taxonomy":"post_tag","embeddable":true,"href":"https:\/\/www.europesays.com\/es\/wp-json\/wp\/v2\/tags?post=128087"}],"curies":[{"name":"wp","href":"https:\/\/api.w.org\/{rel}","templated":true}]}}