{"id":128107,"date":"2025-09-20T20:16:10","date_gmt":"2025-09-20T20:16:10","guid":{"rendered":"https:\/\/www.europesays.com\/es\/128107\/"},"modified":"2025-09-20T20:16:10","modified_gmt":"2025-09-20T20:16:10","slug":"martin-mata-y-celia-de-pedro-se-imponen-en-una-espectacular-manana-de-btt-en-la-tronchaberezos-de-salduero","status":"publish","type":"post","link":"https:\/\/www.europesays.com\/es\/128107\/","title":{"rendered":"Mart\u00edn Mata y Celia de Pedro se imponen en una espectacular ma\u00f1ana de BTT en la Tronchaberezos de Salduero"},"content":{"rendered":"<p>Mart\u00edn Mata y Celia de Pedro se han impuetso en una espectacular ma\u00f1ana de BTT en la Tronchaberezos de Salduero que ha cerrado el circuito provincial de BTT &#8216;Soria Puro Ox\u00edgeno&#8217; de la Diputaci\u00f3n de Soria. Una cita que ha cumplido su s\u00e9ptima edici\u00f3n, de forma solidaria, a beneficio de la Asociaci\u00f3n Soriana de Escler\u00f3sis M\u00faltiple, y que una vez m\u00e1s cerr\u00f3 la inscripci\u00f3n al llegar a los 200 dorsales. Una marcha\u00a0en la que la localidad de Salduero se ha volcado un a\u00f1o m\u00e1s, con 130 voluntarios, y con un circuito de senderos infinitos entre pinares y el embalse para el disfrute de todos, acompa\u00f1ado de una espectacular temperatura en Pinares.<\/p>\n<p><a target=\"_blank\" href=\"https:\/\/www.desdesoria.es\/ads\/20250917071933876250\" rel=\"nofollow noopener\"> <img loading=\"lazy\" decoding=\"async\" src=\"https:\/\/www.europesays.com\/es\/wp-content\/uploads\/2025\/09\/1758225625_788_2025091707180676234.gif\" alt=\"Publicidad 876250\" width=\"728\" height=\"90\" class=\"lazyload\" \/> <\/a><\/p>\n<p>En la prueba\u00a0larga, el m\u00e1s r\u00e1pido ha sido Mart\u00edn Mata, el &#8216;youtuber&#8217;, por delante de Miguel \u00c1ngel Tom\u00e9 y \u00d3scar Aguilera, mientras que en f\u00e9minas se ha impuesto la ciclista de Duruelo de la Sierra Celia de Pedro, por delante de M\u00f3nica del Hoyo y de Sandra Mart\u00ednez. En la ruta corta, los m\u00e1s r\u00e1pidos en la cita masculina han sido \u00c1lex Ord\u00f3\u00f1ez, seguido de Abel Mansilla y Fernando Valdecantos y en f\u00e9minas ha repetido Gisela Herrero, por delante de Silvia Molinero y Teresa Arrroyo.<\/p>\n<p>\u00a0<\/p>\n","protected":false},"excerpt":{"rendered":"Mart\u00edn Mata y Celia de Pedro se han impuetso en una espectacular ma\u00f1ana de BTT en la Tronchaberezos&hellip;\n","protected":false},"author":2,"featured_media":128108,"comment_status":"","ping_status":"","sticky":false,"template":"","format":"standard","meta":{"footnotes":""},"categories":[273],"tags":[313,312,168,25,24,6436,41380,492,23,167],"class_list":{"0":"post-128107","1":"post","2":"type-post","3":"status-publish","4":"format-standard","5":"has-post-thumbnail","7":"category-ciclismo","8":"tag-ciclismo","9":"tag-cycling","10":"tag-deportes","11":"tag-es","12":"tag-espana","13":"tag-provincia","14":"tag-salduero","15":"tag-sociedad","16":"tag-spain","17":"tag-sports"},"share_on_mastodon":{"url":"","error":""},"_links":{"self":[{"href":"https:\/\/www.europesays.com\/es\/wp-json\/wp\/v2\/posts\/128107","targetHints":{"allow":["GET"]}}],"collection":[{"href":"https:\/\/www.europesays.com\/es\/wp-json\/wp\/v2\/posts"}],"about":[{"href":"https:\/\/www.europesays.com\/es\/wp-json\/wp\/v2\/types\/post"}],"author":[{"embeddable":true,"href":"https:\/\/www.europesays.com\/es\/wp-json\/wp\/v2\/users\/2"}],"replies":[{"embeddable":true,"href":"https:\/\/www.europesays.com\/es\/wp-json\/wp\/v2\/comments?post=128107"}],"version-history":[{"count":0,"href":"https:\/\/www.europesays.com\/es\/wp-json\/wp\/v2\/posts\/128107\/revisions"}],"wp:featuredmedia":[{"embeddable":true,"href":"https:\/\/www.europesays.com\/es\/wp-json\/wp\/v2\/media\/128108"}],"wp:attachment":[{"href":"https:\/\/www.europesays.com\/es\/wp-json\/wp\/v2\/media?parent=128107"}],"wp:term":[{"taxonomy":"category","embeddable":true,"href":"https:\/\/www.europesays.com\/es\/wp-json\/wp\/v2\/categories?post=128107"},{"taxonomy":"post_tag","embeddable":true,"href":"https:\/\/www.europesays.com\/es\/wp-json\/wp\/v2\/tags?post=128107"}],"curies":[{"name":"wp","href":"https:\/\/api.w.org\/{rel}","templated":true}]}}