{"id":128111,"date":"2025-09-20T20:18:10","date_gmt":"2025-09-20T20:18:10","guid":{"rendered":"https:\/\/www.europesays.com\/es\/128111\/"},"modified":"2025-09-20T20:18:10","modified_gmt":"2025-09-20T20:18:10","slug":"el-detalle-tecnico-ante-el-barca-del-que-todos-hablan","status":"publish","type":"post","link":"https:\/\/www.europesays.com\/es\/128111\/","title":{"rendered":"el detalle t\u00e9cnico ante el Bar\u00e7a del que todos hablan"},"content":{"rendered":"<p data-gtm-element-container=\"modulo-texto-link\" class=\"paragraph\"><strong>Ricky Rubio<\/strong> vuelve a sonre\u00edr sobre el parqu\u00e9. El base del Masnou regres\u00f3 oficialmente a las pistas en la <strong>Lliga Catalana<\/strong> para volver a demostrar el talento que posee en sus manos. Todas las miradas en Tarragona se volv\u00edan a centrar en Rubio, de 34 a\u00f1os, quien volv\u00eda a sentirse jugador tras un a\u00f1o alejado de las pistas.\u00a0<\/p>\n<p>        Lee tambi\u00e9n<\/p>\n<p>    Redacci\u00f3n<\/p>\n<p>             <img loading=\"lazy\" decoding=\"async\" data-full-src=\"https:\/\/www.mundodeportivo.com\/uploads\/2025\/04\/09\/67f60a7b66c4b.jpeg\" alt=\"Horizontal\" width=\"334\" height=\"164\" src=\"https:\/\/www.europesays.com\/es\/wp-content\/uploads\/2025\/09\/67f60a7b66c4b.r_d.1932-1286.jpeg\" class=\"lazy\"\/><\/p>\n<p data-gtm-element-container=\"modulo-texto-link\" class=\"paragraph\">El <strong>Bar\u00e7a <\/strong>se vio sorprendido ante la <a href=\"https:\/\/www.mundodeportivo.com\/baloncesto\/20250919\/1002535354\/80-81-barca-fuera-final-lliga-primera-vez-18-anos.html\" target=\"_blank\" rel=\"nofollow noopener\"><strong>Penya <\/strong><\/a>(80-81) en un fren\u00e9tico partido que se decidi\u00f3 tras dos tiros libres de <strong>Hunt<\/strong>. El nuevo refuerzo verdinegro complet\u00f3 un soberbio encuentro con 25 puntos y porcentajes excelentes y estuvo bien acompa\u00f1ado de la direcci\u00f3n en el juego de Ricky <strong>Rubio<\/strong>.\u00a0<\/p>\n<p data-gtm-element-container=\"modulo-texto-link\" class=\"paragraph\">Rubio anot\u00f3 11 puntos y reparti\u00f3 cinco asistencias en 19 minutos de juego, para los 14 cr\u00e9ditos de valoraci\u00f3n que obtuvo. El base domin\u00f3 el ritmo de partido, recibiendo hasta ocho personales, y fue clave para lograr el billete para la final, este domigo, ante un combativo <strong>BAXI Manresa<\/strong> (18:30 horas).<\/p>\n<blockquote class=\"twitter-tweet\" data-lang=\"es\"><p>\n<a href=\"https:\/\/twitter.com\/esport3\/status\/1969124663042179431\" rel=\"nofollow noopener\" target=\"_blank\">\n<\/p><\/blockquote>\n<p data-gtm-element-container=\"modulo-texto-link\" class=\"paragraph\">Ricky <strong>Rubio <\/strong>dej\u00f3 una de las acciones m\u00e1s talentosas del partido. El jugador del Joventut de Badalona volvi\u00f3 a salir en el segundo cuarto y reparti\u00f3 una sensacional asistencia a Ante <strong>Tomic <\/strong>para que este finalizara solo en la zona. Antes del pase de Ricky, por la espalda, el base dej\u00f3 un amago con efecto para enga\u00f1ar a Juani <strong>Marcos <\/strong>y Willy <strong>Hernang\u00f3mez<\/strong>, los dos jugadores que defend\u00edan la acci\u00f3n.\u00a0<\/p>\n<p>        Lee tambi\u00e9n<\/p>\n<p>    Claudia Salinas<\/p>\n<p>             <img loading=\"lazy\" decoding=\"async\" data-full-src=\"https:\/\/www.mundodeportivo.com\/uploads\/2025\/09\/20\/68ce53a0340af.jpeg\" alt=\"Vertical\" width=\"334\" height=\"164\" src=\"https:\/\/www.europesays.com\/es\/wp-content\/uploads\/2025\/09\/68ce53a0340af.r_d.1208-1659.jpeg\" class=\"lazy\"\/><\/p>\n<p data-gtm-element-container=\"modulo-texto-link\" class=\"paragraph\">El partido ante el Bar\u00e7a dej\u00f3 una nueva asociaci\u00f3n entre <strong>Ricky <\/strong>y <strong>Tomic <\/strong>en el pick and roll. El d\u00fao entre el croata y el base del Masnou, dos veteranos en el equipo de Miret, har\u00e1 disfrutar al Ol\u00edmpic de una ilusionante temporada.\u00a0<\/p>\n<p><script async src=\"https:\/\/platform.twitter.com\/widgets.js\" charset=\"utf-8\"><\/script><\/p>\n","protected":false},"excerpt":{"rendered":"Ricky Rubio vuelve a sonre\u00edr sobre el parqu\u00e9. El base del Masnou regres\u00f3 oficialmente a las pistas en&hellip;\n","protected":false},"author":2,"featured_media":128112,"comment_status":"","ping_status":"","sticky":false,"template":"","format":"standard","meta":{"footnotes":""},"categories":[269],"tags":[299,298,168,25,24,23,167],"class_list":{"0":"post-128111","1":"post","2":"type-post","3":"status-publish","4":"format-standard","5":"has-post-thumbnail","7":"category-baloncesto","8":"tag-baloncesto","9":"tag-basketball","10":"tag-deportes","11":"tag-es","12":"tag-espana","13":"tag-spain","14":"tag-sports"},"share_on_mastodon":{"url":"","error":""},"_links":{"self":[{"href":"https:\/\/www.europesays.com\/es\/wp-json\/wp\/v2\/posts\/128111","targetHints":{"allow":["GET"]}}],"collection":[{"href":"https:\/\/www.europesays.com\/es\/wp-json\/wp\/v2\/posts"}],"about":[{"href":"https:\/\/www.europesays.com\/es\/wp-json\/wp\/v2\/types\/post"}],"author":[{"embeddable":true,"href":"https:\/\/www.europesays.com\/es\/wp-json\/wp\/v2\/users\/2"}],"replies":[{"embeddable":true,"href":"https:\/\/www.europesays.com\/es\/wp-json\/wp\/v2\/comments?post=128111"}],"version-history":[{"count":0,"href":"https:\/\/www.europesays.com\/es\/wp-json\/wp\/v2\/posts\/128111\/revisions"}],"wp:featuredmedia":[{"embeddable":true,"href":"https:\/\/www.europesays.com\/es\/wp-json\/wp\/v2\/media\/128112"}],"wp:attachment":[{"href":"https:\/\/www.europesays.com\/es\/wp-json\/wp\/v2\/media?parent=128111"}],"wp:term":[{"taxonomy":"category","embeddable":true,"href":"https:\/\/www.europesays.com\/es\/wp-json\/wp\/v2\/categories?post=128111"},{"taxonomy":"post_tag","embeddable":true,"href":"https:\/\/www.europesays.com\/es\/wp-json\/wp\/v2\/tags?post=128111"}],"curies":[{"name":"wp","href":"https:\/\/api.w.org\/{rel}","templated":true}]}}