{"id":128119,"date":"2025-09-20T20:22:23","date_gmt":"2025-09-20T20:22:23","guid":{"rendered":"https:\/\/www.europesays.com\/es\/128119\/"},"modified":"2025-09-20T20:22:23","modified_gmt":"2025-09-20T20:22:23","slug":"presentaran-la-nueva-novela-de-enrique-butti","status":"publish","type":"post","link":"https:\/\/www.europesays.com\/es\/128119\/","title":{"rendered":"Presentar\u00e1n la nueva novela de Enrique Butti"},"content":{"rendered":"<p>El viernes 26 de septiembre, a partir de las 18, en <strong>La Josefa<\/strong> (La Rioja y San Luis), la editorial La Mosca en la Trama presentar\u00e1 \u00abMansito el mundo enroscado a mis pies\u00bb, una novela de <strong>Enrique Butti<\/strong>. Se trata de la profunda amistad entre dos seres casi dis\u00edmiles: por un lado el narrador, un hipersensible escritor oculto, y por la otra su contraparte, una suerte de t\u00edpico chanta de buenos sentimientos que tiran siempre para el lado de su conveniencia.<\/p>\n<p><img decoding=\"async\" src=\"https:\/\/www.europesays.com\/es\/wp-content\/uploads\/2025\/09\/iyMjd9TSb_870x580__1.jpg\" alt=\"Tapa de la nueva ficci\u00f3n del reconocido autor. Entre lo real y lo desopilante, al mejor estilo Enrique Butti. Gentileza\" width=\"870\" height=\"580\" class=\"styles_cover-image__pRCD1\" loading=\"lazy\"\/>Tapa de la nueva ficci\u00f3n del reconocido autor. Entre lo real y lo desopilante, al mejor estilo Enrique Butti. Gentileza<\/p>\n<p>En cap\u00edtulos que conforman historias cerradas, el escritor se ve impulsado por su amigo a situaciones en las que alg\u00fan delito plantea un enigma y exige una resoluci\u00f3n, que el maltrecho detective mal o bien debe resolver para volver corriendo a su selecta y refinada biblioteca, la \u00fanica zona de la realidad en la que puede respirar tranquilo.<\/p>\n<p>Cada cap\u00edtulo presenta distintos personajes y casos criminales, en un escenario donde calles, barrios, suburbios e inundaciones pintan una Santa Fe a menudo real y m\u00e1s a menudo desopilante. Con su ya conocida pericia en construir firmes tramas veros\u00edmiles que sin embargo se disparan hacia lo sorpresivo y c\u00f3mico, Enrique ha creado en esta novela dos personajes que entran con paso firme en nuestra literatura.<\/p>\n<p>Texto de contratapa<\/p>\n<p>Que Dios, lectores, os libre de alguna amistad muy diferente de lo que sois, sobre todo si es amistad obtusa, \u00edntima e impetuosamente confiada en que pod\u00e9is domar la realidad para que se eche como gato mimoso a vuestros pies; de ah\u00ed el t\u00edtulo de este libro:<strong> \u00abMansito el mundo enroscado a mis pies\u00bb<\/strong>.<\/p>\n<p>Una amistad ni amorosa ni pl\u00e1cida entre un sudaqu\u00edsimo literato enfermo de nervios y su opuesto popular, chanta y vigoroso, que en cada cap\u00edtulo como cuento se las arreglan uno para empujar y el otro para ser empujado a selvitas oscuras y alba\u00f1ales, de donde el narrador, el neurast\u00e9nico de marras, solo puede salir develando enigmas criminales; de eso se trata este libro.<\/p>\n<p>Con risitas forzadas y ret\u00f3ricas taquicardias cr\u00f3nicas, Enrique Butti despacha su turulata imaginaci\u00f3n al servicio de una gu\u00eda tur\u00edstica de la ciudad (la Par\u00eds sudaqu\u00edsima de marras, de salones patricios a pasillos de villa miseria), matizando el recorrido con ap\u00f3strofes contra tilinguer\u00edas varias; en fin, con tal tenor de estilo ha sido escrito este libro.<\/p>\n<p>Datos biogr\u00e1ficos del autor<\/p>\n<p><strong>Enrique Butti (Santa Fe, Argentina, 1949) es autor de varias novelas: \u00abAiaiay\u00bb, \u00abInd\u00ed\u00bb, \u00abEl novio\u00bb y \u00abAraca coraz\u00f3n callate un poco\u00bb; de novelas de aventuras: \u00abNo me digan que no\u00bb, \u00abCarnavalito\u00bb, \u00abEl fantasma del Teatro Municipal\u00bb, \u00abCada casa un mundo\u00bb y \u00abEl centro de la gravedad\u00bb; y de libros de cuentos: \u00abSolfeo\u00bb, \u00abLa daga latente\u00bb, \u00abSantos y desacrosantos\u00bb y \u00abCuentos con y sin pintores\u00bb. Tambi\u00e9n es el creador de un libro de poes\u00eda, \u00abAnt\u00edfonas. Amor se fue. Apuntes sobre Proust\u00bb, as\u00ed como de las siguientes obras de teatro: \u00abEspina de diamante\u00bb; \u00abLa fruta de la perdici\u00f3n\u00bb y \u00abTangus\u00bb, recientemente premiada en el Concurso Municipal 2025, la que ser\u00e1 presentada en la pr\u00f3xima <a href=\"https:\/\/www.ellitoral.com\/index.php\/temas\/Feria-del-Libro-Santa-Fe\" target=\"_self\" title=\"feria del libro\" alt=\"feria del libro\" rel=\"nofollow noopener\">feria del libro<\/a> santafesina.<\/strong><\/p>\n","protected":false},"excerpt":{"rendered":"El viernes 26 de septiembre, a partir de las 18, en La Josefa (La Rioja y San Luis),&hellip;\n","protected":false},"author":2,"featured_media":128120,"comment_status":"","ping_status":"","sticky":false,"template":"","format":"standard","meta":{"footnotes":""},"categories":[172],"tags":[224,27140,146,147,25,24,41384,225,41383,23],"class_list":{"0":"post-128119","1":"post","2":"type-post","3":"status-publish","4":"format-standard","5":"has-post-thumbnail","7":"category-libros","8":"tag-books","9":"tag-edicion-impresa","10":"tag-entertainment","11":"tag-entretenimiento","12":"tag-es","13":"tag-espana","14":"tag-feria-del-libro-santa-fe","15":"tag-libros","16":"tag-santa-fe-ciudad","17":"tag-spain"},"share_on_mastodon":{"url":"","error":""},"_links":{"self":[{"href":"https:\/\/www.europesays.com\/es\/wp-json\/wp\/v2\/posts\/128119","targetHints":{"allow":["GET"]}}],"collection":[{"href":"https:\/\/www.europesays.com\/es\/wp-json\/wp\/v2\/posts"}],"about":[{"href":"https:\/\/www.europesays.com\/es\/wp-json\/wp\/v2\/types\/post"}],"author":[{"embeddable":true,"href":"https:\/\/www.europesays.com\/es\/wp-json\/wp\/v2\/users\/2"}],"replies":[{"embeddable":true,"href":"https:\/\/www.europesays.com\/es\/wp-json\/wp\/v2\/comments?post=128119"}],"version-history":[{"count":0,"href":"https:\/\/www.europesays.com\/es\/wp-json\/wp\/v2\/posts\/128119\/revisions"}],"wp:featuredmedia":[{"embeddable":true,"href":"https:\/\/www.europesays.com\/es\/wp-json\/wp\/v2\/media\/128120"}],"wp:attachment":[{"href":"https:\/\/www.europesays.com\/es\/wp-json\/wp\/v2\/media?parent=128119"}],"wp:term":[{"taxonomy":"category","embeddable":true,"href":"https:\/\/www.europesays.com\/es\/wp-json\/wp\/v2\/categories?post=128119"},{"taxonomy":"post_tag","embeddable":true,"href":"https:\/\/www.europesays.com\/es\/wp-json\/wp\/v2\/tags?post=128119"}],"curies":[{"name":"wp","href":"https:\/\/api.w.org\/{rel}","templated":true}]}}