{"id":128123,"date":"2025-09-20T20:24:09","date_gmt":"2025-09-20T20:24:09","guid":{"rendered":"https:\/\/www.europesays.com\/es\/128123\/"},"modified":"2025-09-20T20:24:09","modified_gmt":"2025-09-20T20:24:09","slug":"la-cultureta-gran-reserva-el-regreso-de-ulises","status":"publish","type":"post","link":"https:\/\/www.europesays.com\/es\/128123\/","title":{"rendered":"La Cultureta Gran Reserva: El regreso de Ulises"},"content":{"rendered":"<p>PROGRAMA COMPLETO<\/p>\n<p>Los culturetas vuelven al cl\u00e1sico de entre los cl\u00e1sicos: la Odisea de Homero. La historia de Ulises y sus aventuras hasta regresar a \u00cdtaca despu\u00e9s de la guerra de Troya es igual de actual que hace as\u00ed tres mil a\u00f1os. Con Rub\u00e9n Am\u00f3n, Isabel V\u00e1zquez, Guillermo Altares, Sergio del Molino, Sergio del Molino.<\/p>\n<p class=\"articleSignature-name\"> ondacero.es <\/p>\n<p class=\"articleSignature-datecontent\">Madrid | <strong>20.09.2025 03:11 <\/strong><\/p>\n","protected":false},"excerpt":{"rendered":"PROGRAMA COMPLETO Los culturetas vuelven al cl\u00e1sico de entre los cl\u00e1sicos: la Odisea de Homero. La historia de&hellip;\n","protected":false},"author":2,"featured_media":128124,"comment_status":"","ping_status":"","sticky":false,"template":"","format":"standard","meta":{"footnotes":""},"categories":[170],"tags":[146,147,25,24,184,185,23],"class_list":{"0":"post-128123","1":"post","2":"type-post","3":"status-publish","4":"format-standard","5":"has-post-thumbnail","7":"category-musica","8":"tag-entertainment","9":"tag-entretenimiento","10":"tag-es","11":"tag-espana","12":"tag-music","13":"tag-musica","14":"tag-spain"},"share_on_mastodon":{"url":"","error":""},"_links":{"self":[{"href":"https:\/\/www.europesays.com\/es\/wp-json\/wp\/v2\/posts\/128123","targetHints":{"allow":["GET"]}}],"collection":[{"href":"https:\/\/www.europesays.com\/es\/wp-json\/wp\/v2\/posts"}],"about":[{"href":"https:\/\/www.europesays.com\/es\/wp-json\/wp\/v2\/types\/post"}],"author":[{"embeddable":true,"href":"https:\/\/www.europesays.com\/es\/wp-json\/wp\/v2\/users\/2"}],"replies":[{"embeddable":true,"href":"https:\/\/www.europesays.com\/es\/wp-json\/wp\/v2\/comments?post=128123"}],"version-history":[{"count":0,"href":"https:\/\/www.europesays.com\/es\/wp-json\/wp\/v2\/posts\/128123\/revisions"}],"wp:featuredmedia":[{"embeddable":true,"href":"https:\/\/www.europesays.com\/es\/wp-json\/wp\/v2\/media\/128124"}],"wp:attachment":[{"href":"https:\/\/www.europesays.com\/es\/wp-json\/wp\/v2\/media?parent=128123"}],"wp:term":[{"taxonomy":"category","embeddable":true,"href":"https:\/\/www.europesays.com\/es\/wp-json\/wp\/v2\/categories?post=128123"},{"taxonomy":"post_tag","embeddable":true,"href":"https:\/\/www.europesays.com\/es\/wp-json\/wp\/v2\/tags?post=128123"}],"curies":[{"name":"wp","href":"https:\/\/api.w.org\/{rel}","templated":true}]}}