{"id":128125,"date":"2025-09-20T20:25:13","date_gmt":"2025-09-20T20:25:13","guid":{"rendered":"https:\/\/www.europesays.com\/es\/128125\/"},"modified":"2025-09-20T20:25:13","modified_gmt":"2025-09-20T20:25:13","slug":"30-todos-los-dias-no-soporto-tener-que-levantarme-pronto","status":"publish","type":"post","link":"https:\/\/www.europesays.com\/es\/128125\/","title":{"rendered":"30 todos los d\u00edas. No soporto tener que levantarme pronto\u00bb"},"content":{"rendered":"<p>Si hay una actriz que representa el carisma, la fuerza y la versatilidad del cine espa\u00f1ol, esa es <a href=\"https:\/\/www.clara.es\/celebrities\/maribel-verdu-practico-yoga-ando-mucho-y-hago-entrenamiento-de-fuerza_43672\" rel=\"nofollow noopener\" target=\"_blank\">Maribel Verd\u00fa<\/a>. Desde que debut\u00f3 en la gran pantalla a los 13 a\u00f1os, <strong>la int\u00e9rprete madrile\u00f1a ha forjado una carrera imparable<\/strong> que la ha llevado a ser reconocida tanto dentro como fuera de nuestras fronteras. Pel\u00edculas como &#8216;Y tu mam\u00e1 tambi\u00e9n&#8217; (2001),\u00a0&#8216;El laberinto del fauno&#8217; (2006) o &#8216;Blancanieves&#8217; (2012) la han convertido en uno de los rostros m\u00e1s respetados y queridos de la industria.<\/p>\n<p>Pero m\u00e1s all\u00e1 de los focos, de los premios Goya y de <a href=\"https:\/\/www.clara.es\/celebrities\/curly-arrasa-premios-goya-2025-mini-bob-maribel-verdu-semirecogido-candela-marquez_40504\" rel=\"nofollow noopener\" target=\"_blank\">las alfombras rojas<\/a>, Maribel Verd\u00fa tambi\u00e9n se define por su forma de entender la vida. Cercana, espont\u00e1nea y con un sentido del humor inconfundible, <strong>la actriz nunca ha ocultado que si hay algo que detesta de su profesi\u00f3n son los madrugones.<\/strong><\/p>\n<p><img loading=\"lazy\" decoding=\"async\" src=\"https:\/\/www.europesays.com\/es\/wp-content\/uploads\/2025\/09\/maribel-verdu_a4d79ab0_250919123157_800x1200.webp.webp\" alt=\"Maribel Verd\u00fa\" class=\"lazyload\" width=\"800\" height=\"1200\" data-aspectratio=\"800\/1200\"\/>&#13;gtres<\/p>\n<p>Y es que, aunque para muchos madrugar puede ser parte inevitable de la rutina, para ella se convierte en <a href=\"https:\/\/www.clara.es\/bienestar\/dormir-mal-engorda-hormonas-leptina-grelina-adelgazar_42839\" rel=\"nofollow noopener\" target=\"_blank\">un aut\u00e9ntico suplicio<\/a>. Lo ha confesado en varias ocasiones y lo repite siempre que puede: si no tiene rodajes o compromisos profesionales, <strong>disfruta de levantarse sin despertador,<\/strong> dejando que el cuerpo marque su propio ritmo.<\/p>\n<p>&#13;<img loading=\"lazy\" decoding=\"async\"   src=\"https:\/\/www.europesays.com\/es\/wp-content\/uploads\/2025\/09\/maribel-verdun-adjunta_737fdf2c_250905132234_900x900.webp.webp\" alt=\"Maribel Verd\u00fan adjunta\" class=\"image lazyload\" width=\"900\" height=\"900\" data-aspectratio=\"900\/900\"\/>EL TRAUMA DE LOS MADRUGONES SEG\u00daN MARIBEL VERD\u00da<\/p>\n<p>En el libro de Nuria Vidal (2012) dedicado a su trayectoria, la actriz lo explica sin rodeos:<\/p>\n<p><strong>\u00abLo \u00fanico que no soportaba del colegio era tener que levantarme pronto. Y sigo sin soportarlo<\/strong>. Para m\u00ed es un trauma, es el \u00fanico trauma de mi profesi\u00f3n. A veces pienso que no quiero hacer m\u00e1s cine por eso. <strong>Solo quiero hacer teatro, no quiero volver a madrugar nunca m\u00e1s. <\/strong>Es tal el trauma, que el d\u00eda antes ya estoy amargada sabiendo que tengo que despertarme temprano. Si no trabajo me despierto a las diez o diez y media. Pero \u00a1por Dios, a las seis de la ma\u00f1ana es un horror!\u00bb<\/p>\n<p><img loading=\"lazy\" decoding=\"async\" src=\"https:\/\/www.europesays.com\/es\/wp-content\/uploads\/2025\/09\/maribel-verdu_7c5dd574_084_250919123221_800x1079.webp.webp\" alt=\"Maribel Verd\u00fa\" class=\"lazyload\" width=\"800\" height=\"1079\" data-aspectratio=\"800\/1079\"\/>&#13;gtres<\/p>\n<p>Una confesi\u00f3n que muestra la otra cara de un oficio lleno de exigencias, en el que <strong>los rodajes comienzan cuando todav\u00eda no ha amanecido.<\/strong> Eso s\u00ed, cuando la historia lo requiere, Verd\u00fa lo da todo: madruga, se transforma y entrega su mejor versi\u00f3n frente a la c\u00e1mara, aunque no oculte que esos madrugones siguen siendo, a d\u00eda de hoy, uno de sus grandes sacrificios.<\/p>\n<p>&#13;<\/p>\n<p class=\"by\">Clara<\/p>\n<p>\u00bfTienes m\u00e1s de 50 a\u00f1os y notas que empiezas a tener insomnio por la noche? \u00a1Haz clic en el v\u00eddeo y descubre 5 estrategias de conducta para mejorar la calidad de sue\u00f1o y dormirte m\u00e1s r\u00e1pido!<\/p>\n<p>5 trucos efectivos para dormir mejor a partir de los 50\u00bfPOR QU\u00c9 EL DESCANSO ES EL MEJOR SUPLEMENTO?<\/p>\n<p>Aunque los horarios de los rodajes son tan exigentes como cambiantes, Maribel Verd\u00fa siempre ha tenido claro que <a href=\"https:\/\/www.clara.es\/estilo-de-vida\/25-frases-motivadoras-positivas-para-dar-buenas-noches-y-descansar-bien_36582\" rel=\"nofollow noopener\" target=\"_blank\">el descanso<\/a> es fundamental para rendir bien en cada proyecto. <strong>Y en esto coinciden los expertos.<\/strong><\/p>\n<p><img loading=\"lazy\" decoding=\"async\" src=\"https:\/\/www.europesays.com\/es\/wp-content\/uploads\/2025\/09\/maribel-verdu_d5dbdec7_250919123307_800x1254.webp.webp\" alt=\"Maribel Verd\u00fa\" class=\"lazyload\" width=\"800\" height=\"1254\" data-aspectratio=\"800\/1254\"\/>&#13;gtres<\/p>\n<p><strong>\u00abEl mejor suplemento es dormir\u00bb,<\/strong> asegura <a href=\"https:\/\/www.clara.es\/bienestar\/aldo-martinez-doctor-mejor-suplemento-dormir_43689\" rel=\"nofollow noopener\" target=\"_blank\">Aldo Mart\u00ednez<\/a>, doctor en Ciencias del Deporte. Dormir entre 7 y 9 horas de calidad no solo influye en nuestro estado de \u00e1nimo, tambi\u00e9n en nuestra capacidad cognitiva, el rendimiento f\u00edsico e incluso en la regeneraci\u00f3n celular.<\/p>\n<p>Y es que, por m\u00e1s rutinas de belleza, ejercicio o <a href=\"https:\/\/www.clara.es\/bienestar\/recetas\/lista-compra-saludable-y-por-temporada-invierno-otono-primavera-y-verano_13047\" rel=\"nofollow noopener\" target=\"_blank\">alimentaci\u00f3n saludable<\/a> que se lleven a cabo, si no hay un descanso adecuado, el cuerpo lo nota. <strong>No descansar lo suficiente puede derivar en falta de concentraci\u00f3n,<\/strong> fatiga cr\u00f3nica, irritabilidad y un envejecimiento prematuro de la piel.<\/p>\n<p>\u00bfC\u00f3mo podemos mejorar nuestra calidad de sue\u00f1o en el d\u00eda a d\u00eda?<\/p>\n<p>Aqu\u00ed tienes algunos <strong>consejos sencillos<\/strong> que te ayudar\u00e1n cuando necesites una ayuda extra a la hora de <a href=\"https:\/\/www.clara.es\/bienestar\/maria-real-capell-nutricionista-farmaceutica-y-psiconeuroinmunoendocrina-belleza-comienza-buen-descanso_40286\" rel=\"nofollow noopener\" target=\"_blank\">conciliar el sue\u00f1o<\/a> sin pasarte horas contando ovejitas.<\/p>\n<ul>\n<li><strong>Rutina fija: <\/strong>intenta acostarte y levantarte siempre a la misma hora, incluso los fines de semana.<\/li>\n<li><strong>Adi\u00f3s pantallas: <\/strong>evita el uso de m\u00f3viles, tablets o televisi\u00f3n al menos 1 hora antes de dormir.<\/li>\n<li><strong>Ambiente adecuado:<\/strong> una habitaci\u00f3n fresca, silenciosa y oscura favorece un descanso reparador.<\/li>\n<li><strong>Cenas ligeras:<\/strong> evita comidas copiosas antes de acostarte. Una infusi\u00f3n relajante puede ayudarte a desconectar.<\/li>\n<li><strong>Actividad f\u00edsica:<\/strong> el ejercicio moderado durante el d\u00eda contribuye a dormir mejor por la noche.<\/li>\n<\/ul>\n<p><img loading=\"lazy\" decoding=\"async\" src=\"https:\/\/www.europesays.com\/es\/wp-content\/uploads\/2025\/09\/maribel-verdu_a68b4b49_250919123348_800x1200.webp.webp\" alt=\"Maribel Verd\u00fa\" class=\"lazyload\" width=\"800\" height=\"1200\" data-aspectratio=\"800\/1200\"\/>&#13;gtres<\/p>\n<p>El ejemplo de <strong>Maribel Verd\u00fa<\/strong> nos recuerda algo esencial: no todo se trata de productividad y rutinas estrictas, tambi\u00e9n hay que <strong>escuchar al cuerpo y priorizar el descanso. <\/strong>Porque al final, dormir bien no solo es un placer, es la base sobre la que se sostiene nuestra salud f\u00edsica y mental.<\/p>\n","protected":false},"excerpt":{"rendered":"Si hay una actriz que representa el carisma, la fuerza y la versatilidad del cine espa\u00f1ol, esa es&hellip;\n","protected":false},"author":2,"featured_media":128126,"comment_status":"","ping_status":"","sticky":false,"template":"","format":"standard","meta":{"footnotes":""},"categories":[169],"tags":[177,146,147,25,24,176,175,23],"class_list":{"0":"post-128125","1":"post","2":"type-post","3":"status-publish","4":"format-standard","5":"has-post-thumbnail","7":"category-cine","8":"tag-cine","9":"tag-entertainment","10":"tag-entretenimiento","11":"tag-es","12":"tag-espana","13":"tag-film","14":"tag-movies","15":"tag-spain"},"share_on_mastodon":{"url":"","error":""},"_links":{"self":[{"href":"https:\/\/www.europesays.com\/es\/wp-json\/wp\/v2\/posts\/128125","targetHints":{"allow":["GET"]}}],"collection":[{"href":"https:\/\/www.europesays.com\/es\/wp-json\/wp\/v2\/posts"}],"about":[{"href":"https:\/\/www.europesays.com\/es\/wp-json\/wp\/v2\/types\/post"}],"author":[{"embeddable":true,"href":"https:\/\/www.europesays.com\/es\/wp-json\/wp\/v2\/users\/2"}],"replies":[{"embeddable":true,"href":"https:\/\/www.europesays.com\/es\/wp-json\/wp\/v2\/comments?post=128125"}],"version-history":[{"count":0,"href":"https:\/\/www.europesays.com\/es\/wp-json\/wp\/v2\/posts\/128125\/revisions"}],"wp:featuredmedia":[{"embeddable":true,"href":"https:\/\/www.europesays.com\/es\/wp-json\/wp\/v2\/media\/128126"}],"wp:attachment":[{"href":"https:\/\/www.europesays.com\/es\/wp-json\/wp\/v2\/media?parent=128125"}],"wp:term":[{"taxonomy":"category","embeddable":true,"href":"https:\/\/www.europesays.com\/es\/wp-json\/wp\/v2\/categories?post=128125"},{"taxonomy":"post_tag","embeddable":true,"href":"https:\/\/www.europesays.com\/es\/wp-json\/wp\/v2\/tags?post=128125"}],"curies":[{"name":"wp","href":"https:\/\/api.w.org\/{rel}","templated":true}]}}