{"id":128131,"date":"2025-09-20T20:28:15","date_gmt":"2025-09-20T20:28:15","guid":{"rendered":"https:\/\/www.europesays.com\/es\/128131\/"},"modified":"2025-09-20T20:28:15","modified_gmt":"2025-09-20T20:28:15","slug":"hay-reconciliacion-a-la-vista","status":"publish","type":"post","link":"https:\/\/www.europesays.com\/es\/128131\/","title":{"rendered":"\u00bfhay reconciliaci\u00f3n a la vista?"},"content":{"rendered":"<p id=\"eKD9HYZqj9\" data-wc=\"53\">Despu\u00e9s de las desavenencias familiares que han tenido en los \u00faltimos a\u00f1os, <strong>Francisco Rivera se ha reencontrado con su hermano Kiko<\/strong>. Ha sido en Santiago donde ambos se han visto cara a cara, y all\u00ed han mantenido una peque\u00f1a conversaci\u00f3n de un par de minutos que han capturado las c\u00e1maras de Europa Press.\u00a0<\/p>\n<p> <img src=\"https:\/\/www.europesays.com\/es\/wp-content\/uploads\/2025\/09\/0541eeab2159-kiko-fran-cayetano-t.jpg\"   width=\"1024\" height=\"614\" loading=\"lazy\" decoding=\"async\" alt=\"kiko fran cayetano \" fetchpriority=\"auto\" class=\"image ho-image\"\/>\u00a9 Redes socialesFrancisco, Kiko y Cayetano Rivera en una imagen de archivo<\/p>\n<p id=\"eceXvj-OrZa\" data-wc=\"52\">Era el propio Francisco quien desvelaba, al <a class=\"hm-link ho-link\" href=\"https:\/\/www.hola.com\/actualidad\/20250827851943\/kiko-rivera-e-irene-rosales-se-separan-despues-de-9-anios-de-casados\/\" data-mrf-recirculation=\"article-body-link\" rel=\"nofollow noopener\" target=\"_blank\">preguntarle por el DJ, que se ha separado recientemente de Irene Rosales y ha relanzado su carrera como compositor y m\u00fasico<\/a>, que \u00abhoy me lo he encontrado\u00bb y aseguraba que ambos han intercambiado palabras entre las v\u00edas del tren: \u00abHombre, claro\u00bb, dec\u00eda en tono jocoso.\u00a0<\/p>\n<p> <img src=\"https:\/\/www.europesays.com\/es\/wp-content\/uploads\/2025\/09\/f1eb1e40aaaa-captura-de-pantalla-2025-09-20-181009.jpg\"   width=\"1024\" height=\"754\" loading=\"lazy\" decoding=\"async\" alt=\"Francisco Rivera atiende a la prensa tras su fugaz 'encontronazo' con su hermano Kiko en la estaci\u00f3n de tren de Santiago\" fetchpriority=\"auto\" class=\"image ho-image\"\/>Francisco Rivera atiende a la prensa tras su fugaz &#8216;encontronazo&#8217; con su hermano Kiko en la estaci\u00f3n de tren de Santiago<\/p>\n<p id=\"eyW_GLnjOX\" data-wc=\"75\">El torero se re\u00eda al ser preguntado por si este peque\u00f1o &#8216;encontronazo&#8217; supone un acercamiento entre ambos, o si simplemente se trata de un cruce de palabras cordial que se va a quedar en un saludo: <strong>\u00abTe vas a quedar con las ganas\u00bb<\/strong>, ha respondido contundente a los periodistas all\u00ed presentes. <strong>El diestro ha sido m\u00e1s cercano con la prensa, pues Kiko ha escapado al ver las c\u00e1maras\u00a0<\/strong>y no ha respondido a ninguna pregunta.<\/p>\n<p> <img src=\"https:\/\/www.europesays.com\/es\/wp-content\/uploads\/2025\/09\/1758400089_479_299f9a380af8-gettyimages-1439748246.jpg\"   width=\"1024\" height=\"683\" loading=\"lazy\" decoding=\"async\" alt=\"CASTILLEJA DE LA CUESTA, SPAIN - NOVEMBER 07: Kiko Rivera leaves home to pick up his daughters from school on November 7, 2022, in Castilleja de la Cuesta (Seville, Spain). (Photo By Europa Press via Getty Images)\" fetchpriority=\"auto\" class=\"image ho-image\"\/>\u00a9 Europa Press via Getty Images<\/p>\n<p id=\"eOfI_tny69O\" data-wc=\"65\">Hace unas semanas, <a class=\"hm-link ho-link\" href=\"https:\/\/www.hola.com\/actualidad\/20250827852334\/kiko-rivera-comunicado-separacion-irene-rosales\/\" data-mrf-recirculation=\"article-body-link\" rel=\"nofollow noopener\" target=\"_blank\">el DJ admit\u00eda estar pasando por uno de los momentos m\u00e1s complicados de su vida<\/a>, motivo que podr\u00eda haber llevado a Francisco a querer preguntarle en persona qu\u00e9 tal se encuentra y brindarle apoyo en esta situaci\u00f3n tan adversa para \u00e9l. <strong>Su reuni\u00f3n ha sido toda una sorpresa: \u00bfhay una posible reconciliaci\u00f3n entre ambos a la vista tras a\u00f1os de desavenencias p\u00fablicas?<\/strong><\/p>\n<p>Acusaciones directas\u00a0<\/p>\n<p class=\"\" id=\"eSIWh-m45i\" data-wc=\"139\"><strong>Ambos hermanos llevan muchos a\u00f1os sin tener relaci\u00f3n directa, con alguna otra ida y venida que no ha terminado de cuajar sus diferencias<\/strong>. Sin embargo, en el a\u00f1o 2022, Francisco Rivera protagoniz\u00f3 la portada de \u00a1HOLA! y en ella rompi\u00f3, de forma definitiva, sus lazos con el m\u00fasico y DJ tras unas declaraciones muy da\u00f1inas en televisi\u00f3n hacia su madre, Carmina Ord\u00f3\u00f1ez. \u00ab<strong>Todos tenemos un l\u00edmite de perdones y oportunidades&#8230; y el m\u00edo ya ha llegado. Esto no se va a perdonar.\u00a0<\/strong>Tanto va el c\u00e1ntaro a la fuente que al final se rompe. Han sido ya muchas veces y llega un momento en el que hay cosas que no pueden ser y ya no tenemos nada que hablar. Se acab\u00f3\u00bb, confes\u00f3 el diestro a esta revista, dejando claro que la relaci\u00f3n con su hermano se quebraba para siempre.\u00a0<\/p>\n<p> <img src=\"https:\/\/www.europesays.com\/es\/wp-content\/uploads\/2025\/09\/4baa6dea6dbd-hermanos.jpg\"   width=\"1024\" height=\"1024\" loading=\"lazy\" decoding=\"async\" alt=\"Media Image\" fetchpriority=\"auto\" class=\"image ho-image\"\/>\u00a9 cayetanorivera<\/p>\n<p class=\"\" id=\"eT4WkAwUKqP\" data-wc=\"88\">Su contundente respuesta se produjo despu\u00e9s de que el hijo de Isabel Pantoja se sentase en el sill\u00f3n del ya difunto S\u00e1lvame Deluxe y advirtiera al torero de que no hablase de su madre. \u00abLas personas malas se merecen que le pasen cosas malas\u00bb, dijo Francisco, un alegato que enfad\u00f3 a un Kiko que no dud\u00f3 en tomarse la revancha. Entre acusaciones, el DJ admiti\u00f3 que Carmina tampoco era \u00abejemplo de nada y todo el mundo lo sabe\u00bb, una frase que acab\u00f3 con la paciencia de su hermano.\u00a0<\/p>\n<p> <img src=\"https:\/\/www.europesays.com\/es\/wp-content\/uploads\/2025\/09\/4d7004ec0e13-hermanos1.jpg\"   width=\"1024\" height=\"634\" loading=\"lazy\" decoding=\"async\" alt=\"Media Image\" fetchpriority=\"auto\" class=\"image ho-image\"\/>\u00a9 cayetanorivera<br \/>\nKiko Rivera, desolado<\/p>\n<p data-wc=\"75\" id=\"ebPLfstosj\"><strong>La ruptura entre el hijo de Isabel Pantoja e Irene Rosales, que ha sido cordial y sin terceras personas implicadas<\/strong>, pill\u00f3 a todos por sorpresa, puesto que hace apenas un mes <a class=\"hm-link ho-link\" href=\"https:\/\/www.hola.com\/actualidad\/20250813849916\/el-duro-mensaje-de-kiko-rivera-durante-su-viaje-a-menorca\/\" data-mrf-recirculation=\"article-body-link\" rel=\"nofollow noopener\" target=\"_blank\">pon\u00edan tierra de por medio para disfrutar, junto a sus tres hijos, de las vacaciones de verano<\/a> en Menorca: un viaje en el que Kiko Rivera no dud\u00f3 en lanzar un dardo al aire y hablar de la importancia de pasar tiempo en familia.\u00a0<\/p>\n<p> <img src=\"https:\/\/www.europesays.com\/es\/wp-content\/uploads\/2025\/09\/0981e40d201a-europapress6944645irenerosaleskikoriveradejarhijacolegio10septiembre2.jpg\"   width=\"1024\" height=\"682\" loading=\"lazy\" decoding=\"async\" alt=\"Media Image\" fetchpriority=\"auto\" class=\"image ho-image\"\/>\u00a9 Europa Press<\/p>\n<p data-wc=\"61\" id=\"eRZmqa_6ZL\">Irene, que hab\u00eda sido su refugio entre las tempestades familiares, se mostr\u00f3 <a class=\"hm-link ho-link\" href=\"https:\/\/www.hola.com\/actualidad\/20250827851943\/kiko-rivera-e-irene-rosales-se-separan-despues-de-9-anios-de-casados\/\" data-mrf-recirculation=\"article-body-link\" rel=\"nofollow noopener\" target=\"_blank\">muy molesta tras algunas de las informaciones que se vertieron acerca de su separaci\u00f3n<\/a>. La exmujer de Kiko quiso <strong>aclarar de manera contundente que no hab\u00eda concedido ninguna entrevista a ning\u00fan medio de comunicaci\u00f3n<\/strong>: \u00abEs totalmente mentira. Es muy injusto\u00bb, expres\u00f3 rotunda sin ocultar su malestar. \u00abEstoy muy enfadada\u00bb.<\/p>\n<p> <img src=\"https:\/\/www.europesays.com\/es\/wp-content\/uploads\/2025\/09\/8fa7a2a42723-540105034245134823182880515276770898035494050n.jpg\"   width=\"576\" height=\"1024\" loading=\"lazy\" decoding=\"async\" alt=\"Kiko Rivera\" fetchpriority=\"auto\" class=\"image ho-image\"\/>\u00a9 riverakiko<\/p>\n<p data-wc=\"73\" id=\"ezI147wKGfg\">La historia de amor de Kiko e Irene comenzaba gracias a un amigo en com\u00fan. <a class=\"hm-link ho-link\" href=\"https:\/\/www.hola.com\/actualidad\/20211029198679\/kiko-rivera-irene-rosales-como-se-conocieron-nf\/\" data-mrf-recirculation=\"article-body-link\" rel=\"nofollow noopener\" target=\"_blank\">\u00c9l se qued\u00f3 prendado de ella<\/a> y le propuso participar en uno de sus videoclips, pero tras una cita fallida, decidieron conocerse primero como amigos. Fue en<a class=\"hm-link ho-link\" href=\"https:\/\/www.hola.com\/actualidad\/20200524168607\/kiko-rivera-irene-rosales-sexto-aniversario\/\" data-mrf-recirculation=\"article-body-link\" rel=\"nofollow noopener\" target=\"_blank\">\u00a0mayo de 2014 cuando ambos dieron un paso al frente e iniciaron su relaci\u00f3n<\/a>. Pronto se convirtieron en una de las parejas del momento, inseparables en cada una de sus apariciones.<\/p>\n<p> <img src=\"https:\/\/www.europesays.com\/es\/wp-content\/uploads\/2025\/09\/c13895d4e3e5-dlu516797009.jpg\"   width=\"1024\" height=\"682\" loading=\"lazy\" decoding=\"async\" alt=\"Media Image\" fetchpriority=\"auto\" class=\"image ho-image\"\/>\u00a9 GTRES<\/p>\n<p data-wc=\"69\" id=\"eJGTJ-mGk6\"><strong data-gid=\"elsfR-Q_3W\">El 7 de octubre de 2016 se daban el &#8216;s\u00ed, quiero&#8217;\u00a0<\/strong>en<a class=\"hm-link ho-link\" href=\"https:\/\/www.hola.com\/actualidad\/2016100988894\/boda-kiko-rivera-irene-rosales-portada\/\" data-mrf-recirculation=\"article-body-link\" rel=\"nofollow noopener\" target=\"_blank\">\u00a0una de las bodas m\u00e1s esperadas y de la que \u00a1HOLA! fue testigo de excepci\u00f3n<\/a>. La pareja se cas\u00f3 en la Hacienda de los Parrales, en Sanl\u00facar la Mayor (Sevilla) ante m\u00e1s de 300 invitados y con la notable presencia de Isabel Pantoja, que no pudo reprimir su alegr\u00eda ante un d\u00eda tan especial para su hijo.\u00a0<\/p>\n<p> <img src=\"https:\/\/www.europesays.com\/es\/wp-content\/uploads\/2025\/08\/fc62b6c7f2d3-kiko1.jpg\"   width=\"1024\" height=\"1024\" loading=\"lazy\" decoding=\"async\" alt=\"Kiko Rivera e Irene Rosales\" fetchpriority=\"auto\" class=\"image ho-image\"\/>\u00a9 riverakiko<\/p>\n","protected":false},"excerpt":{"rendered":"Despu\u00e9s de las desavenencias familiares que han tenido en los \u00faltimos a\u00f1os, Francisco Rivera se ha reencontrado con&hellip;\n","protected":false},"author":2,"featured_media":128132,"comment_status":"","ping_status":"","sticky":false,"template":"","format":"standard","meta":{"footnotes":""},"categories":[91],"tags":[517,146,147,25,24,6487,6370,12466,23],"class_list":{"0":"post-128131","1":"post","2":"type-post","3":"status-publish","4":"format-standard","5":"has-post-thumbnail","7":"category-entretenimiento","8":"tag-actualidad","9":"tag-entertainment","10":"tag-entretenimiento","11":"tag-es","12":"tag-espana","13":"tag-francisco-rivera","14":"tag-isabel-pantoja","15":"tag-kiko-rivera","16":"tag-spain"},"share_on_mastodon":{"url":"","error":""},"_links":{"self":[{"href":"https:\/\/www.europesays.com\/es\/wp-json\/wp\/v2\/posts\/128131","targetHints":{"allow":["GET"]}}],"collection":[{"href":"https:\/\/www.europesays.com\/es\/wp-json\/wp\/v2\/posts"}],"about":[{"href":"https:\/\/www.europesays.com\/es\/wp-json\/wp\/v2\/types\/post"}],"author":[{"embeddable":true,"href":"https:\/\/www.europesays.com\/es\/wp-json\/wp\/v2\/users\/2"}],"replies":[{"embeddable":true,"href":"https:\/\/www.europesays.com\/es\/wp-json\/wp\/v2\/comments?post=128131"}],"version-history":[{"count":0,"href":"https:\/\/www.europesays.com\/es\/wp-json\/wp\/v2\/posts\/128131\/revisions"}],"wp:featuredmedia":[{"embeddable":true,"href":"https:\/\/www.europesays.com\/es\/wp-json\/wp\/v2\/media\/128132"}],"wp:attachment":[{"href":"https:\/\/www.europesays.com\/es\/wp-json\/wp\/v2\/media?parent=128131"}],"wp:term":[{"taxonomy":"category","embeddable":true,"href":"https:\/\/www.europesays.com\/es\/wp-json\/wp\/v2\/categories?post=128131"},{"taxonomy":"post_tag","embeddable":true,"href":"https:\/\/www.europesays.com\/es\/wp-json\/wp\/v2\/tags?post=128131"}],"curies":[{"name":"wp","href":"https:\/\/api.w.org\/{rel}","templated":true}]}}