{"id":128139,"date":"2025-09-20T20:32:12","date_gmt":"2025-09-20T20:32:12","guid":{"rendered":"https:\/\/www.europesays.com\/es\/128139\/"},"modified":"2025-09-20T20:32:12","modified_gmt":"2025-09-20T20:32:12","slug":"salvemos-el-riqui-raca-cd-tenerife","status":"publish","type":"post","link":"https:\/\/www.europesays.com\/es\/128139\/","title":{"rendered":"Salvemos el \u2018Riqui Raca\u2019 | CD Tenerife"},"content":{"rendered":"<p style=\"text-align: justify;\">El CD Tenerife y su Fundaci\u00f3n vienen trabajando en el desarrollo de acciones favorecedoras del rescate del \u2018Riqui Raca\u2019, c\u00e1ntico de \u00e1nimo que popularizara uno de sus aficionados m\u00e1s singulares, Paco Zuppo, y convertido con el tiempo en elemento cultural del tinerfe\u00f1ismo. De hecho, el himno oficial del club, que el pasado d\u00eda 11 cumpli\u00f3 65 a\u00f1os de vida, tiene como colof\u00f3n el referido c\u00e1ntico, figurando tambi\u00e9n en la letra del himno del Centenario.<\/p>\n<p style=\"text-align: justify;\">Durante el pasado curso escolar, el alumnado de Primaria participante en el programa \u201cSe\u00f1a de identidad\u201d, de la Fundaci\u00f3n Canaria CD Tenerife, ha tenido oportunidad de conocer la letra del \u2018Riqui Raca\u2019 e interpretarlo en las visitas realizadas al Estadio Heliodoro Rodr\u00edguez L\u00f3pez y la Ciudad Deportiva de Tenerife Javier P\u00e9rez.<\/p>\n<p style=\"text-align: justify;\">Adem\u00e1s, fruto de la colaboraci\u00f3n establecida desde el club con El T\u00edpico de Tenerife, en coincidencia con el inicio de la temporada 2025-2026, ha tenido lugar el lanzamiento de una camiseta en torno al \u2018Riqui Raca\u2019. Dise\u00f1ada por el mencionado personaje, reproduce la letra de este c\u00e1ntico popular y se apoya con la difusi\u00f3n de vi\u00f1etas en las redes sociales, con m\u00e1s de 180.000 visualizaciones.<\/p>\n<p style=\"text-align: justify;\">Ahora, con ocasi\u00f3n del partido que disputan este domingo el CD Tenerife y el Ourense CF, ser\u00e1n los descendientes de Paco Zuppo, sus nietos y bisnietos, quienes dirijan como hac\u00eda \u00e9l, desde el centro del terreno de juego, la interpretaci\u00f3n del \u2018Riqui Raca\u2019 por parte de toda la afici\u00f3n blanquiazul. Seguidamente, uno de ellos efectuar\u00e1 el saque de honor.<\/p>\n<p style=\"text-align: justify;\">De esta manera, el CD Tenerife y su Fundaci\u00f3n quieren seguir trabajando para la conservaci\u00f3n que este elemento identitario, patrimonio de todos, y rendir tributo a la memoria de Paco Zuppo.<\/p>\n<blockquote>\n<p style=\"text-align: justify;\"><strong>Mito del tinerfe\u00f1ismo<\/strong><\/p>\n<\/blockquote>\n<p style=\"text-align: justify;\">Francisco Zuppo N\u00fa\u00f1ez (1919-2010) fue un futbolista del Price y del Real Uni\u00f3n, enamorado del deporte y de la tierra que lo vio nacer. No jug\u00f3 jam\u00e1s con el CD Tenerife y tiene, con todo merecimiento, la insignia de oro y brillantes de la entidad blanquiazul, impuesta en los a\u00f1os noventa por el presidente Javier P\u00e9rez.<\/p>\n<p style=\"text-align: justify;\">La raz\u00f3n de esta distinci\u00f3n fue que, durante casi medio siglo, Paco Zuppo fue un ejemplo de \u00e1nimo constante e indesmayable al CD Tenerife, aunque tambi\u00e9n prest\u00f3 su apoyo al N\u00e1utico de baloncesto y al Real Uni\u00f3n. Incluso fue capaz de encender el antiguo Estadio Insular grancanario, en 1951, cuando la UD Las Palmas logr\u00f3 su primer ascenso a Primera Divisi\u00f3n.<\/p>\n<p style=\"text-align: justify;\">En el Heliodoro Rodr\u00edguez, hizo del \u2018Riqui Raca\u2019 una se\u00f1a de identidad de la afici\u00f3n blanquiazul. Y de la entonaci\u00f3n del c\u00e1ntico, un arte: acud\u00eda con traje, se colocaba en el centro del terreno de juego antes del inicio del partido, mov\u00eda de forma fren\u00e9tica su menuda figura para hacerse ver y empezaba el ritual.<\/p>\n<p style=\"text-align: justify;\">As\u00ed, ataviado a veces de una batuta de director de orquesta, Zuppo se dirig\u00eda a la grada de General (hoy en d\u00eda, Popular) al grito de \u201c\u00a1Una!\u201d, luego se giraba hacia San Sebasti\u00e1n y exclamaba \u201c\u00a1Dos!\u201d y, ya encarado a Herradura, finalizaba la preparaci\u00f3n con el \u201c\u00a1\u2026 y tres!\u201d. Entonces, todo el Heliodoro gritaba a una sola voz el \u201c\u00a1Riqui raca \/ zumba raca \/ sim, bom, ba\/ ria, ria, ria \/ Tenerife, Tenerife \/ y nadie m\u00e1s!\u201d<\/p>\n<p style=\"text-align: justify;\">#HistoriaCDT #LaBregaNosUne<\/p>\n","protected":false},"excerpt":{"rendered":"El CD Tenerife y su Fundaci\u00f3n vienen trabajando en el desarrollo de acciones favorecedoras del rescate del \u2018Riqui&hellip;\n","protected":false},"author":2,"featured_media":128140,"comment_status":"","ping_status":"","sticky":false,"template":"","format":"standard","meta":{"footnotes":""},"categories":[8],"tags":[17,18,25,24,13,14,11,19,20,9,10,15,16,23,12,21,22],"class_list":{"0":"post-128139","1":"post","2":"type-post","3":"status-publish","4":"format-standard","5":"has-post-thumbnail","7":"category-espana","8":"tag-breaking-news","9":"tag-breakingnews","10":"tag-es","11":"tag-espana","12":"tag-featured-news","13":"tag-featurednews","14":"tag-headlines","15":"tag-latest-news","16":"tag-latestnews","17":"tag-news","18":"tag-noticias","19":"tag-noticias-destacadas","20":"tag-noticiasdestacadas","21":"tag-spain","22":"tag-titulares","23":"tag-ultimas-noticias","24":"tag-ultimasnoticias"},"share_on_mastodon":{"url":"","error":""},"_links":{"self":[{"href":"https:\/\/www.europesays.com\/es\/wp-json\/wp\/v2\/posts\/128139","targetHints":{"allow":["GET"]}}],"collection":[{"href":"https:\/\/www.europesays.com\/es\/wp-json\/wp\/v2\/posts"}],"about":[{"href":"https:\/\/www.europesays.com\/es\/wp-json\/wp\/v2\/types\/post"}],"author":[{"embeddable":true,"href":"https:\/\/www.europesays.com\/es\/wp-json\/wp\/v2\/users\/2"}],"replies":[{"embeddable":true,"href":"https:\/\/www.europesays.com\/es\/wp-json\/wp\/v2\/comments?post=128139"}],"version-history":[{"count":0,"href":"https:\/\/www.europesays.com\/es\/wp-json\/wp\/v2\/posts\/128139\/revisions"}],"wp:featuredmedia":[{"embeddable":true,"href":"https:\/\/www.europesays.com\/es\/wp-json\/wp\/v2\/media\/128140"}],"wp:attachment":[{"href":"https:\/\/www.europesays.com\/es\/wp-json\/wp\/v2\/media?parent=128139"}],"wp:term":[{"taxonomy":"category","embeddable":true,"href":"https:\/\/www.europesays.com\/es\/wp-json\/wp\/v2\/categories?post=128139"},{"taxonomy":"post_tag","embeddable":true,"href":"https:\/\/www.europesays.com\/es\/wp-json\/wp\/v2\/tags?post=128139"}],"curies":[{"name":"wp","href":"https:\/\/api.w.org\/{rel}","templated":true}]}}