{"id":128143,"date":"2025-09-20T20:34:07","date_gmt":"2025-09-20T20:34:07","guid":{"rendered":"https:\/\/www.europesays.com\/es\/128143\/"},"modified":"2025-09-20T20:34:07","modified_gmt":"2025-09-20T20:34:07","slug":"anaitasuna-se-impone-en-alcobendas-con-una-solida-defensa-y-suma-su-segunda-victoria-en-la-liga","status":"publish","type":"post","link":"https:\/\/www.europesays.com\/es\/128143\/","title":{"rendered":"Anaitasuna se impone en Alcobendas con una s\u00f3lida defensa y suma su segunda victoria en la liga"},"content":{"rendered":"<p>\n<strong>Anaitasuna<\/strong> ha sumado este s\u00e1bado 20 de septiembre por la tarde su segunda victoria consecutiva en la <strong>Divisi\u00f3n de Honor Plata masculina <\/strong>de balonmano. El conjunto navarro ha sabido leer bien el partido y, con una eficaz defensa y cabeza fr\u00eda en muchas ocasiones, ha conseguido <strong>sumar dos nuevos puntos<\/strong> a su casillero.<\/p>\n<p>En la primera mitad, Anaitasuna ha jugado <strong>a tirones<\/strong>. Comenzaba bien el duelo, con una intensa defensa que lograba frenar al Alcobendas y un juego ofensivo liderado por <strong>Elola<\/strong> con el que la primera l\u00ednea navarra -con un <strong>Elustondo muy acertado<\/strong>&#8211; consegu\u00eda poner un 2-6. Sin embargo, el Alcobendas ha intensificado su trabajo defensivo y, aprovechando algunas imprecisiones navarras, endosaba un 4-1 para volver a entrar de lleno en el duelo (6-7, m.12). Y aunque, merced a <strong>Kisselev<\/strong> y <strong>Redondo<\/strong>, los de Nacho Moyano volv\u00edan a romper el duelo apenas minuto y medio despu\u00e9s (6-9), el Alcobendas -liderado por Col\u00f3n y sobre todo su meta Fuentes- volv\u00eda a tomar aire, aprovechando cinco minutos sin goles navarros, para acercarse a un inquietante <strong>9-10 (m.20)<\/strong>.<\/p>\n<p>A Moyano, muy enfadado con algunas precisiones arbitrales no le gustaba demasiado la situaci\u00f3n aunque su equipo, perdiendo alguna ocasi\u00f3n clara para ampliar su renta como ya le ocurri\u00f3 en la primera jornada frente al Contazara Zaragorza, segu\u00eda por delante en el marcador.\u00a0\u00a0<\/p>\n<p>Pero entonces lleg\u00f3 una <strong>roja directa a Teo<\/strong> (m.26) por una acci\u00f3n defensiva en el extremo y, seguidamente, una exclusi\u00f3n a Kisselev. A Anaita le tocaba <strong>defender con cuatro<\/strong> hombres en pista. Y sin embargo, cuando peor pintaba, el equipo navarro supo afrontar la dificultad y lograba irse <strong>al descanso con un 11-16<\/strong>.<\/p>\n<p>No solo eso sino que, al regreso a la pista, los de Moyano tardaban apenas dos minutos en ampliar su renta a un 11-18 que parec\u00eda despejar las posibles dudas dejadas por ese final de primera mitad.<\/p>\n<p>El duelo, convertido en esos minutos en un toma y daca, se trab\u00f3 m\u00e1s de lo que hab\u00eda venido ocurriendo. A las interrupciones se unieron <strong>protestas<\/strong>, alg\u00fan que otro <strong>gesto poco deportivo<\/strong> -como cuando dos jugadores trataron de levantar a Elustondo cuando \u00e9ste se dol\u00eda de un golpe en la cara o al irse el meta Fuentes a por Silva tras parar el local un 7 metros con el pie al visitante-, <strong>agarrones<\/strong>, <strong>gestos<\/strong>&#8230; Pero Anaitasuna ha sabido seguir a lo suyo, sin caer en ello.\u00a0<\/p>\n<p>Y aunque tambi\u00e9n hubo protestas visitantes -Moyano vio una exclusi\u00f3n por ellas-, el equipo navarro ha seguido buscando mantener su juego. Cerrar bien atr\u00e1s -con un <strong>Alin aportando <\/strong>en momentos puntuales con algunas paradas de gran m\u00e9rito- y seguir atacando con circulaciones amplias de bal\u00f3n tratando de abrir la 6-0 de un Alcobendas que, poco a poco, ve\u00eda como su desventaja se ampliaba. As\u00ed, los navarros lograban pasar de un 14-21 tras un tanto de Etxarte (m.38) a un <strong>16-25<\/strong> conseguido por Kisselev (m.44).\u00a0<\/p>\n<p>A partir de ese momento el duelo se traslad\u00f3 a las porter\u00edas. Con <strong>m\u00e1s de 8 minutos sin goles locales -6 sin que anotase Anaitasuna<\/strong>-, las paradas de Alin y Fuentes o las imprecisiones se convert\u00edan en protagonistas. Pero el tiempo segu\u00eda pasando y la renta de los de Pamplona no peligraba. Menos a\u00fan cuando Elola, en un 7 metros y tras un tanto de Etxarte, llevaba el<strong> 17-27<\/strong> al electr\u00f3nico para entrar en los \u00faltimos cinco minutos de encuentro. Tiempo en el que, ante ese margen, Moyano pudo dar entrada a algunos de los m\u00e1s j\u00f3venes de la plantilla: <strong>Pablo Fern\u00e1ndez<\/strong> en el pivote o <strong>Imanol Nuin<\/strong> en el extremo derecho.\u00a0<\/p>\n<p>El trabajo estaba hecho y la recompensa, obtenida. Anaitasuna se mantiene, por el momento, como <strong>uno de los cuatro equipos que suman dos victorias\u00a0<\/strong> en la liga junto al Bar\u00e7a B, Agustinos Alicante y Oar Coru\u00f1a.<\/p>\n","protected":false},"excerpt":{"rendered":"Anaitasuna ha sumado este s\u00e1bado 20 de septiembre por la tarde su segunda victoria consecutiva en la Divisi\u00f3n&hellip;\n","protected":false},"author":2,"featured_media":128144,"comment_status":"","ping_status":"","sticky":false,"template":"","format":"standard","meta":{"footnotes":""},"categories":[278],"tags":[1938,2617,376,168,25,24,375,11812,23,167,41385,1261],"class_list":{"0":"post-128143","1":"post","2":"type-post","3":"status-publish","4":"format-standard","5":"has-post-thumbnail","7":"category-balonmano","8":"tag-alcobendas","9":"tag-anaitasuna","10":"tag-balonmano","11":"tag-deportes","12":"tag-es","13":"tag-espana","14":"tag-handball","15":"tag-logra","16":"tag-spain","17":"tag-sports","18":"tag-trabajada","19":"tag-victoria"},"share_on_mastodon":{"url":"","error":""},"_links":{"self":[{"href":"https:\/\/www.europesays.com\/es\/wp-json\/wp\/v2\/posts\/128143","targetHints":{"allow":["GET"]}}],"collection":[{"href":"https:\/\/www.europesays.com\/es\/wp-json\/wp\/v2\/posts"}],"about":[{"href":"https:\/\/www.europesays.com\/es\/wp-json\/wp\/v2\/types\/post"}],"author":[{"embeddable":true,"href":"https:\/\/www.europesays.com\/es\/wp-json\/wp\/v2\/users\/2"}],"replies":[{"embeddable":true,"href":"https:\/\/www.europesays.com\/es\/wp-json\/wp\/v2\/comments?post=128143"}],"version-history":[{"count":0,"href":"https:\/\/www.europesays.com\/es\/wp-json\/wp\/v2\/posts\/128143\/revisions"}],"wp:featuredmedia":[{"embeddable":true,"href":"https:\/\/www.europesays.com\/es\/wp-json\/wp\/v2\/media\/128144"}],"wp:attachment":[{"href":"https:\/\/www.europesays.com\/es\/wp-json\/wp\/v2\/media?parent=128143"}],"wp:term":[{"taxonomy":"category","embeddable":true,"href":"https:\/\/www.europesays.com\/es\/wp-json\/wp\/v2\/categories?post=128143"},{"taxonomy":"post_tag","embeddable":true,"href":"https:\/\/www.europesays.com\/es\/wp-json\/wp\/v2\/tags?post=128143"}],"curies":[{"name":"wp","href":"https:\/\/api.w.org\/{rel}","templated":true}]}}