{"id":128177,"date":"2025-09-20T20:55:17","date_gmt":"2025-09-20T20:55:17","guid":{"rendered":"https:\/\/www.europesays.com\/es\/128177\/"},"modified":"2025-09-20T20:55:17","modified_gmt":"2025-09-20T20:55:17","slug":"por-andalucia-lanza-su-proyecto-para-echar-a-moreno-sin-podemos-pero-con-la-mano-tendida","status":"publish","type":"post","link":"https:\/\/www.europesays.com\/es\/128177\/","title":{"rendered":"Por Andaluc\u00eda lanza su proyecto para \u00abechar a Moreno\u00bb sin Podemos pero con \u00abla mano tendida\u00bb"},"content":{"rendered":"<p class=\"article-text\">\n        <a href=\"https:\/\/www.eldiario.es\/temas\/por-andalucia\/\" target=\"_blank\" data-mrf-recirculation=\"links-noticia\" class=\"link\" rel=\"nofollow noopener\">Por Andaluc\u00eda<\/a> ha lanzado este s\u00e1bado su carrera a las elecciones auton\u00f3micas en una puesta de largo marcada por la ausencia de Podemos, <a href=\"https:\/\/www.eldiario.es\/politica\/izquierda-andaluza-arranca-camino-elecciones-dividida-estrategias-estatales_1_12617161.html\" data-mrf-recirculation=\"links-noticia\" class=\"link\" rel=\"nofollow noopener\" target=\"_blank\">cuya direcci\u00f3n estatal pugna de momento por trazar un camino en solitario<\/a>.\u00a0De los seis partidos que integraron la coalici\u00f3n en su nacimiento, solo Izquierda Unida, Movimiento Sumar e Iniciativa del Pueblo Andaluz han participado en el acto de presentaci\u00f3n de su nueva candidatura celebrado en Sevilla, mientras Verdes Equo \u2013otro de los partidos que conforman el grupo parlamentario\u2013 organizaba un acto paralelo en Torremolinos.\n    <\/p>\n<p>    <a href=\"https:\/\/www.eldiario.es\/andalucia\/primarias-iu-presidente-junta-andalucia-garantizan-tres-puestos-salida-listas-electorales_1_12607705.html\" data-mrf-recirculation=\"saber-mas\" data-dl-event=\"saber-mas\" rel=\"nofollow noopener\" target=\"_blank\"><\/p>\n<p class=\"know-more__title\">Las primarias de IU a Presidente de la Junta de Andaluc\u00eda garantizan tres puestos de salida en las listas electorales<\/p>\n<p>            <img decoding=\"async\" class=\"lazy\" loading=\"lazy\" data-src=\"https:\/\/static.eldiario.es\/clip\/611621bf-91dd-4293-bc93-f1e80e767a73_16-9-aspect-ratio_default_0.jpg\" src=\"data:image\/svg+xml,%3Csvg xmlns=\" http:=\"\" viewbox=\"0 0 880 495\" alt=\"Las primarias de IU a Presidente de la Junta de Andaluc\u00eda garantizan tres puestos de salida en las listas electorales\"\/><\/p>\n<p>                        <\/a><\/p>\n<p class=\"article-text\">\n        A pesar de no tener a\u00fan el nombre del candidato o candidata (que se espera elegir a finales del mes de octubre), la coalici\u00f3n ha querido ponerse en marcha para demostrar a la poblaci\u00f3n andaluza que \u201cPor Andaluc\u00eda ya est\u00e1 en su hoja de ruta para echar a Moreno Bonilla de la Junta y ya est\u00e1 hoy brindando herramientas para que la gente se incorpore con nosotros\u201d.\n    <\/p>\n<p class=\"article-text\">\n        Mientras avanza, mantiene \u201cla mano tendida\u201d a todo aquel que se quiera incorporar \u201chasta el \u00faltimo d\u00eda\u201d, como ha dicho Toni Valero, coordinador general de IU en Andaluc\u00eda, minutos antes de comenzar un acto dirigido a movilizar a \u201clos andaluces que desean un cambio pol\u00edtico\u201d en su comunidad. Por eso, los dirigentes de la coalici\u00f3n solo han tomado la palabra para declarar ante los medios de comunicaci\u00f3n y luego han cedido el escenario del centro c\u00edvico Sindicalistas Soto, Saborido y Acosta a \u201cpersonas independientes que lideran los movimientos sociales de Andaluc\u00eda\u201d, como Marea Blanca, el movimiento de solidaridad con Palestina o la Federaci\u00f3n de Asociaciones de Madres y Padres del Alumnado que defienden la educaci\u00f3n p\u00fablica\n    <\/p>\n<p>            <img decoding=\"async\" class=\"lazy\" loading=\"lazy\" data-src=\"https:\/\/static.eldiario.es\/clip\/ad378df1-e235-4515-a468-4bddb8a3645f_16-9-discover-aspect-ratio_default_0.jpg\" src=\"data:image\/svg+xml,%3Csvg xmlns=\" http:=\"\" viewbox=\"0 0 1200 675\" alt=\"Representantes de movimientos sociales durante el lanzamiento de la coalici\u00f3n celebrado en Sevilla\"\/><\/p>\n<p>    Puertas abiertas hasta el \u00faltimo momento<\/p>\n<p class=\"article-text\">\n        Para evitar tropezar con el \u201cerror\u201d que cometieron en las elecciones de 2022 \u2013cuando la confluencia Por Andaluc\u00eda se cerr\u00f3 in extremis, minutos antes del plazo para inscribirse ante la Junta Electoral, qued\u00e1ndose fuera Podemos\u2013 los tres partidos que avanzan en la reedici\u00f3n de Por Andaluc\u00eda han decidido arrancar ya la carrera preelectoral con la mirada puesta en lanzar a su candidato oficial y sus listas electorales entre octubre y noviembre.\n    <\/p>\n<p class=\"article-text\">\n        Aun as\u00ed, desde IU \u2013el partido que pilota la coalici\u00f3n desde hace m\u00e1s de un a\u00f1o\u2013 reconocen que \u201cdejar\u00e1n la puerta abierta hasta el final\u201d por si Podemos y el resto de fuerzas deciden sumarse. Si eso ocurriera, habr\u00eda que renegociar las candidaturas y las listas que ya hayan aprobado los partidos integrantes hasta ese momento. En cualquier caso, las tres formaciones que permanecen en la \u201cmesa de partidos\u201d \u2013el \u00f3rgano de negociaci\u00f3n de la confluencia\u2013 han querido avanzar en el lanzamiento de la nueva candidatura tomando el pulso a la poblaci\u00f3n civil.\n    <\/p>\n<p class=\"article-text\">\n        \u201cNo hay que empezar la casa por el tejado, lo principal es el proyecto, qu\u00e9 Andaluc\u00eda queremos, qu\u00e9 Andaluc\u00eda desea nuestra gente, qu\u00e9 Andaluc\u00eda merece la pena&#8230; para que cualquier persona que nos est\u00e1 escuchando diga &#8216;yo quiero estar con vosotros y vosotras y quiero participar&#8217;; los nombres a su debido tiempo, ahora toca hablar de proyecto pol\u00edtico y de brindar herramientas y tender la mano a la gente corriente que quiere hacer algo con nosotros\u201d, ha se\u00f1alado Toni Valero antes del acto celebrado junto a la antigua c\u00e1rcel de la Ranilla.\n    <\/p>\n<p>    La opci\u00f3n de la unidad<\/p>\n<p class=\"article-text\">\n        Sobre la ausencia de Podemos, Alianza Verde y Equo \u2013que tampoco asistieron a las dos \u00faltimas reuniones del grupo, pese a ser convocados\u2013, el coordinador andaluz de IU ha dicho que \u201ccorresponde a cada partido pol\u00edtico responder por qu\u00e9 est\u00e1 con la unidad o por qu\u00e9 decide no estar\u201d. Al hilo, ha a\u00f1adido que Por Andaluc\u00eda \u201csiempre va a mantener la mano tendida para que toda fuerza pol\u00edtica o persona independiente pueda contribuir con nosotras y con nosotros a cambiar nuestra tierra\u201d.\n    <\/p>\n<p class=\"article-text\">\n        \u201cNosotros y nosotras nos ponemos a trabajar desde ya y, a partir de ah\u00ed, que cada cual decida si se quiere poner en el lado del cambio pol\u00edtico en Andaluc\u00eda o si est\u00e1 en otras cosas, lo cual es leg\u00edtimo, pero a nosotros no nos compete\u201d, ha zanjado Valero. M\u00e1s all\u00e1 de tenderles la mano a las formaciones que componen el grupo parlamentario, en sus declaraciones ante los medios, Valero ha optado por \u201cinterpelar\u201d a \u201cla gente independiente que se siente andalucista y necesita un espacio pol\u00edtico como Por Andaluc\u00eda que le da la oportunidad de participar en el cambio en Andaluc\u00eda\u201d.\n    <\/p>\n<p class=\"article-text\">\n        Con ese mensaje, la coalici\u00f3n trata de mostrarse como la opci\u00f3n capaz de aglutinar a la izquierda andaluza. \u201cHoy Por Andaluc\u00eda da el protagonismo a la gente corriente porque no es solo una conjunci\u00f3n de partidos, sino un espacio pol\u00edtico donde la gente independiente es protagonista\u201d, insisti\u00f3 el coordinador de IU ante los medios.\n    <\/p>\n<p class=\"article-text\">\n        De esta manera, los tres partidos que conforman el proyecto se presentan a la sociedad andaluza como una alternativa al Gobierno de Moreno para \u201ctodo ese andaluz que quiere cambiar su tierra, que tiene inquietudes, que sabe que la batalla se puede ganar\u201d. En esa misma l\u00ednea, la coordinadora de Sumar en Andaluc\u00eda, Esperanza G\u00f3mez, explic\u00f3 que \u201cquer\u00edamos arrancar escuchando a la sociedad civil porque ahora mismo hay un clamor popular en Andaluc\u00eda de que las cosas no se est\u00e1n haciendo bien\u201d.  La diputada en el Parlamento andaluz se\u00f1al\u00f3 as\u00ed que los asuntos que preocupan a la gente \u2014sanidad, educaci\u00f3n, dependencia, medio ambiente\u2014 son los que marcar\u00e1n la agenda de su candidatura.\n    <\/p>\n<p>    Contraprogramar un acto a la misma hora<\/p>\n<p class=\"article-text\">\n        En paralelo, Verdes Equo ha empezado a trazar otra l\u00ednea, de la que a\u00fan no es posible saber si se cruzar\u00e1 en alg\u00fan punto con la de Por Andaluc\u00eda, con la de Podemos, o con ninguna de las dos, dando lugar a tres proyectos que discurran en paralelo. Como en todos los comicios, la formaci\u00f3n, que se integr\u00f3 en la coalici\u00f3n Sumar en las \u00faltimas elecciones generales y en Por Andaluc\u00eda en las auton\u00f3micas, busca alg\u00fan puesto de salida para defender sus posiciones en las instituciones, algo que no logr\u00f3 en las auton\u00f3micas de 2002, y coquetea ahora incluso con desligarse de Movimiento Sumar.\n    <\/p>\n<p class=\"article-text\">\n        De ah\u00ed que sea sintom\u00e1tico que haya programado un acto para presentar en Torremolinos el llamamiento a \u201cuna gran coalici\u00f3n ecoandalucista\u201d este mismo s\u00e1bado por la ma\u00f1ana, a la misma hora en que Por Andaluc\u00eda hab\u00eda convocado el acto de presentaci\u00f3n con la sociedad civil en Sevilla. Equo est\u00e1 en la mesa de partidos de Por Andaluc\u00eda, \u00f3rgano de negociaci\u00f3n de las seis formaciones pol\u00edticas que integran la coalici\u00f3n. Sin embargo, no ha asistido a las dos \u00faltimas reuniones, igual que Podemos.\n    <\/p>\n<p class=\"article-text\">\n        Verdes Equo ha planteado su acto como un encuentro \u201cpara promover un acuerdo pol\u00edtico en Andaluc\u00eda, que desborde las fronteras del bipartidismo tradicional\u201d, apuntando indirectamente a IU y Podemos. \u201cVerdes Equo Andaluc\u00eda defiende que la pol\u00edtica no puede quedar atrapada en etiquetas limitantes como \u2018la izquierda del PSOE\u2019, que subordinan un proyecto propio a la l\u00f3gica bipartidista\u201d, se lee en su convocatoria. El objetivo de su iniciativa, dicen, es \u201csuperar etiquetas y marcos que reducen la pol\u00edtica\u201d.\n    <\/p>\n<p>    <a href=\"https:\/\/www.eldiario.es\/politica\/izquierda-andaluza-arranca-camino-elecciones-dividida-estrategias-estatales_1_12617161.html\" data-mrf-recirculation=\"saber-mas-abajo\" data-dl-event=\"saber-mas-abajo\" rel=\"nofollow noopener\" target=\"_blank\"><\/p>\n<p class=\"know-more__title\">La izquierda andaluza arranca su camino a las elecciones dividida por las estrategias estatales\n<\/p>\n<p>            <img decoding=\"async\" class=\"lazy\" loading=\"lazy\" data-src=\"https:\/\/static.eldiario.es\/clip\/40f376b5-b833-426c-93a6-780472085305_16-9-aspect-ratio_default_0.jpg\" src=\"data:image\/svg+xml,%3Csvg xmlns=\" http:=\"\" viewbox=\"0 0 880 495\" alt=\"La izquierda andaluza arranca su camino a las elecciones dividida por las estrategias estatales\"\/><\/p>\n<p>                        <\/a><\/p>\n<p class=\"article-text\">\n        Entretanto, el calendario de Por Andaluc\u00eda avanza, a su vez, con <a href=\"https:\/\/www.eldiario.es\/andalucia\/primarias-iu-presidente-junta-andalucia-garantizan-tres-puestos-salida-listas-electorales_1_12607705.html\" data-mrf-recirculation=\"links-noticia\" class=\"link\" rel=\"nofollow noopener\" target=\"_blank\">las primarias de los partidos que la integran, entre ellos Izquierda Unida<\/a>, cuyo plazo de presentaci\u00f3n de candidaturas se cierra el pr\u00f3ximo lunes 22 de septiembre. Una vez resuelto ese proceso, los miembros de la coalici\u00f3n esperan tener lista la candidatura y las listas electorales a finales de octubre, dejando abierta la posibilidad de integrar a Podemos u otras fuerzas que decidan sumarse antes del cierre definitivo. Con la puesta de largo celebrada en la capital andaluza, Por Andaluc\u00eda busca consolidarse como \u201cun espacio colectivo de izquierdas, andalucista, feminista, ecologista y democr\u00e1tico\u201d, que convoque a la ciudadan\u00eda a participar activamente en \u201cel cambio que su tierra necesita\u201d.\n    <\/p>\n<p class=\"article-text\">\n        A trav\u00e9s de\u00a0<strong>nuestra cuenta de Instagram<\/strong>, trasladamos lo que ocurre en Andaluc\u00eda m\u00e1s all\u00e1 de las palabras: te informamos de las \u00faltimas noticias de manera visual y te ofrecemos contenido extra para que conozcas la realidad al detalle.\n    <\/p>\n<p class=\"article-text\">\n        S\u00famate a nuestra comunidad en\u00a0<a href=\"https:\/\/www.instagram.com\/eldiarioesandalucia\/\" target=\"_blank\" data-mrf-recirculation=\"links-noticia\" class=\"link\" rel=\"nofollow noopener\">este enlace<\/a>.\n    <\/p>\n<p>                                    <script async src=\"\/\/www.instagram.com\/embed.js\"><\/script><\/p>\n","protected":false},"excerpt":{"rendered":"Por Andaluc\u00eda ha lanzado este s\u00e1bado su carrera a las elecciones auton\u00f3micas en una puesta de largo marcada&hellip;\n","protected":false},"author":2,"featured_media":128178,"comment_status":"","ping_status":"","sticky":false,"template":"","format":"standard","meta":{"footnotes":""},"categories":[8],"tags":[1705,259,17,18,2760,3854,25,24,13,14,494,11,1667,19,20,3855,9,10,15,16,1925,1171,23,12,21,22],"class_list":{"0":"post-128177","1":"post","2":"type-post","3":"status-publish","4":"format-standard","5":"has-post-thumbnail","7":"category-espana","8":"tag-analisis","9":"tag-andalucia","10":"tag-breaking-news","11":"tag-breakingnews","12":"tag-cordoba","13":"tag-eldiario-es","14":"tag-es","15":"tag-espana","16":"tag-featured-news","17":"tag-featurednews","18":"tag-granada","19":"tag-headlines","20":"tag-informacion","21":"tag-latest-news","22":"tag-latestnews","23":"tag-malaga","24":"tag-news","25":"tag-noticias","26":"tag-noticias-destacadas","27":"tag-noticiasdestacadas","28":"tag-opinion","29":"tag-sevilla","30":"tag-spain","31":"tag-titulares","32":"tag-ultimas-noticias","33":"tag-ultimasnoticias"},"share_on_mastodon":{"url":"","error":""},"_links":{"self":[{"href":"https:\/\/www.europesays.com\/es\/wp-json\/wp\/v2\/posts\/128177","targetHints":{"allow":["GET"]}}],"collection":[{"href":"https:\/\/www.europesays.com\/es\/wp-json\/wp\/v2\/posts"}],"about":[{"href":"https:\/\/www.europesays.com\/es\/wp-json\/wp\/v2\/types\/post"}],"author":[{"embeddable":true,"href":"https:\/\/www.europesays.com\/es\/wp-json\/wp\/v2\/users\/2"}],"replies":[{"embeddable":true,"href":"https:\/\/www.europesays.com\/es\/wp-json\/wp\/v2\/comments?post=128177"}],"version-history":[{"count":0,"href":"https:\/\/www.europesays.com\/es\/wp-json\/wp\/v2\/posts\/128177\/revisions"}],"wp:featuredmedia":[{"embeddable":true,"href":"https:\/\/www.europesays.com\/es\/wp-json\/wp\/v2\/media\/128178"}],"wp:attachment":[{"href":"https:\/\/www.europesays.com\/es\/wp-json\/wp\/v2\/media?parent=128177"}],"wp:term":[{"taxonomy":"category","embeddable":true,"href":"https:\/\/www.europesays.com\/es\/wp-json\/wp\/v2\/categories?post=128177"},{"taxonomy":"post_tag","embeddable":true,"href":"https:\/\/www.europesays.com\/es\/wp-json\/wp\/v2\/tags?post=128177"}],"curies":[{"name":"wp","href":"https:\/\/api.w.org\/{rel}","templated":true}]}}