{"id":128179,"date":"2025-09-20T20:56:13","date_gmt":"2025-09-20T20:56:13","guid":{"rendered":"https:\/\/www.europesays.com\/es\/128179\/"},"modified":"2025-09-20T20:56:13","modified_gmt":"2025-09-20T20:56:13","slug":"junts-eleva-al-maximo-la-presion-sobre-sanchez-y-acusa-a-podemos-de-anticatalanismo","status":"publish","type":"post","link":"https:\/\/www.europesays.com\/es\/128179\/","title":{"rendered":"Junts eleva al m\u00e1ximo la presi\u00f3n sobre S\u00e1nchez y acusa a Podemos de \u00abanticatalanismo\u00bb"},"content":{"rendered":"<p><strong>Junts per Catalunya<\/strong> ha elevado la presi\u00f3n sobre el Gobierno de <strong>Pedro S\u00e1nchez<\/strong> tras tumbar la reducci\u00f3n de la jornada laboral y constatar el fracaso de la reuni\u00f3n con el expresidente <a href=\"https:\/\/theobjective.com\/etiqueta\/jose-luis-rodriguez-zapatero\/\" rel=\"nofollow noopener\" target=\"_blank\">Jos\u00e9 Luis Rodr\u00edguez Zapatero<\/a>, que seg\u00fan los posconvergentes tuvo lugar en Bruselas. Los socios independentistas del Ejecutivo de coalici\u00f3n han amenazado a Moncloa asegurando que todav\u00eda es posible encarrilar la situaci\u00f3n, pero que \u00abpronto\u00bb tomar\u00e1n decisiones. Adem\u00e1s, la formaci\u00f3n de <a href=\"https:\/\/theobjective.com\/etiqueta\/carles-puigdemont\/\" rel=\"nofollow noopener\" target=\"_blank\">Carles Puigdemont<\/a> ha acusado a <strong>Podemos<\/strong> de \u00abanticatalanismo\u00bb por bloquear el traspaso de las competencias migratorias a la Generalitat de Catalu\u00f1a.<\/p>\n<p>El secretario general de JxCat, <strong>Jordi Turull<\/strong>, ha emplazado este s\u00e1bado a las bases del partido a \u201cprepararse\u201d para el \u201cnuevo ciclo que puede empezar\u201d tras las decisiones que Junts \u201cdebe tomar s\u00ed o s\u00ed bien pronto\u201d. As\u00ed lo ha dicho en una intervenci\u00f3n en abierto ante el Consell Nacional de JxCat, m\u00e1ximo \u00f3rgano de decisi\u00f3n del partido entre congresos, despu\u00e9s de que este jueves la direcci\u00f3n de Junts haya trasladado al PSOE su negativa a apoyar los presupuestos generales del Estado si los socialistas no cumplen los acuerdos que tienen pendientes.<\/p>\n<p>\u201cSer\u00e1 un ciclo donde los independentistas seremos motivo de muchas presiones, una brutal prueba de resistencia. Nuestro pa\u00eds y nuestro partido tendremos que jugar la partida que definir\u00e1 nuestro futuro. De nuestros \u00e9xitos depender\u00e1 que Catalu\u00f1a ponga freno a la estrategia desnacionalizadora del president <strong>Salvador Illa<\/strong>\u201c, ha declarado. A lo largo de su discurso, Turull ha empleado en varias ocasiones una met\u00e1fora sobre \u201cun tiempo de barbecho\u201d, en el que \u201cla tierra necesita reponerse\u201d, ya que, \u201cdespu\u00e9s de la cosecha, hay que dejar el campo, y cuidarlo para que se vuelva a nutrir\u201d. Por ello, ha hecho un llamamiento a \u201caprovechar este tiempo de barbecho\u201d \u201cpriorizando la acci\u00f3n pol\u00edtica\u201d y concentr\u00e1ndose en resolver los problemas de la gente.<\/p>\n<p>\u201cAhora, bien pronto, cuando tomemos decisiones complejas, cuando sea que empiece un nuevo ciclo, en JxCat ya estemos preparados para reunir una gran mayor\u00eda, para seguir avanzando, para generar una gran ola, un gran reinicio que genere ilusi\u00f3n, esperanza y nos lleve al pleno progreso y bienestar de los catalanes\u201d, ha indicado. Y ha agregado: \u201cHag\u00e1moslo, para que cuando se produzca el anhelado retorno del conseller <strong>Llu\u00eds Puig<\/strong> y <strong>Toni Com\u00edn<\/strong> y del president<strong> Carles Puigdemont<\/strong>, que ser\u00e1 una victoria de la libertad y la democracia contra la represi\u00f3n de las que pasar\u00e1n a la historia, encuentren un partido con ojos de futuro conectado con lo que quiere\u201d Catalu\u00f1a.\u00a0<\/p>\n<p>Asimismo, ha acusado a Podemos de \u201canticatalanismo\u201d por su rechazo a la delegaci\u00f3n a Catalu\u00f1a de competencias en materia de inmigraci\u00f3n. As\u00ed lo ha dicho en su intervenci\u00f3n ante el consell nacional de Junts, celebrado hoy en <strong>Figueres<\/strong> (Girona), en la que se ha referido al debate el pr\u00f3ximo martes en el Congreso sobre la delegaci\u00f3n de competencias, que a todas luces no saldr\u00e1 adelante por la negativa de Podemos, PP y Vox. Uno de los argumentos de la formaci\u00f3n morada para oponerse a esta delegaci\u00f3n es que consideran el texto \u201cracista\u201d, a lo que Turull ha respondido que se trata de \u201cun calificativo que ni las peores cloacas del Estado se atreven a decir\u201d para referirse a Junts.<\/p>\n<p>\u201cNo es una cuesti\u00f3n de <strong>racismo<\/strong> es una cuesti\u00f3n de <strong>anticatalanismo<\/strong>, pero de ellos. Porque no es una cuesti\u00f3n de traspasos, es una cuesti\u00f3n, al final, como siempre, de qui\u00e9n pide los traspasos y desde d\u00f3nde se piden los traspasos. No se explican estas declaraciones. O no se han le\u00eddo esta ley, o no conocen Catalu\u00f1a o no conocen los valores de siempre del catalanismo\u201d, ha indicado. En caso de que la ley se tumbe, Turull ha dicho que \u201cse activar\u00e1 aquello de \u2018antes roja que rota&#8217;\u201d, a la par que ha subrayado que Podemos comparte \u201cmodelo territorial con Vox y el PP\u201d.<\/p>\n<p>Por su parte, la l\u00edder de las filas moradas,<strong> Ione Belarra<\/strong>, ha reiterado que es inamovible su \u201cno\u201d a la proposici\u00f3n de ley pactada por PSOE y Junts para la delegaci\u00f3n de competencias en materia de inmigraci\u00f3n a Catalu\u00f1a, que debatir\u00e1 el pr\u00f3ximo martes el Congreso. En una entrevista emitida este s\u00e1bado en RNE, la secretaria general de Podemos ha sido preguntada por si el no de Podemos es inamovible y ha afirmado que el partido no va a permitir con sus votos que se extienda la \u201cagenda del odio\u201d y del \u201cracismo\u201d que quiere llevar a cabo Junts. Por lo tanto, \u201ccon los votos de Podemos no se van a hacer leyes racistas\u201d, ha declarado.<\/p>\n<p>La formaci\u00f3n ha dicho desde el principio que esta ley \u201ctiene una motivaci\u00f3n racista\u201d, ha insistido Belarra, quien ha recordado que ya en el pre\u00e1mbulo la ley dice que \u201cla inmigraci\u00f3n es un problema\u201d y que \u201cpone en riesgo la cohesi\u00f3n social\u201d. La posici\u00f3n de Podemos ha sido duramente criticada por el secretario general de JxCat, Jordi Turull, que ha acusado este s\u00e1bado a Podemos de \u201canticatalanismo\u201d y le ha dicho que el calificativo de \u201cracista\u201d se trata de un t\u00e9rmino \u201cque ni las peores cloacas del Estado se atreven a decir\u201d para referirse a Junts.<\/p>\n<p>La proposici\u00f3n de ley ser\u00e1 debatida el pr\u00f3ximo martes y a todas luces no saldr\u00e1 adelante por la negativa de Podemos, PP y Vox. Belarra ha dicho que lo que le pedir\u00eda a Junts, al PSOE y a sus socios de Gobierno es que no se \u201cescondan\u201d detr\u00e1s de las \u201cleg\u00edtimas demandas de autogobierno\u201d de Catalu\u00f1a, que Podemos siempre ha respaldado, \u201cincluso en los momentos m\u00e1s dif\u00edciles\u201d. Seg\u00fan ha afirmado, el problema es que Junts est\u00e1 utilizando esas \u201cleg\u00edtimas aspiraciones\u201d para \u201cextender su agenda racista\u201d como parte de su competici\u00f3n electoral con Alianza catalana.<\/p>\n","protected":false},"excerpt":{"rendered":"Junts per Catalunya ha elevado la presi\u00f3n sobre el Gobierno de Pedro S\u00e1nchez tras tumbar la reducci\u00f3n de&hellip;\n","protected":false},"author":2,"featured_media":128180,"comment_status":"","ping_status":"","sticky":false,"template":"","format":"standard","meta":{"footnotes":""},"categories":[5],"tags":[17,18,5962,25,24,13,14,5965,11,8920,19,20,9,10,15,16,5966,6067,23,12,21,22],"class_list":{"0":"post-128179","1":"post","2":"type-post","3":"status-publish","4":"format-standard","5":"has-post-thumbnail","7":"category-titulares","8":"tag-breaking-news","9":"tag-breakingnews","10":"tag-cataluu00f1a","11":"tag-es","12":"tag-espana","13":"tag-featured-news","14":"tag-featurednews","15":"tag-gobierno-de-espau00f1a","16":"tag-headlines","17":"tag-junts-per-catalunya-jxcat","18":"tag-latest-news","19":"tag-latestnews","20":"tag-news","21":"tag-noticias","22":"tag-noticias-destacadas","23":"tag-noticiasdestacadas","24":"tag-pedro-su00e1nchez","25":"tag-podemos","26":"tag-spain","27":"tag-titulares","28":"tag-ultimas-noticias","29":"tag-ultimasnoticias"},"share_on_mastodon":{"url":"","error":""},"_links":{"self":[{"href":"https:\/\/www.europesays.com\/es\/wp-json\/wp\/v2\/posts\/128179","targetHints":{"allow":["GET"]}}],"collection":[{"href":"https:\/\/www.europesays.com\/es\/wp-json\/wp\/v2\/posts"}],"about":[{"href":"https:\/\/www.europesays.com\/es\/wp-json\/wp\/v2\/types\/post"}],"author":[{"embeddable":true,"href":"https:\/\/www.europesays.com\/es\/wp-json\/wp\/v2\/users\/2"}],"replies":[{"embeddable":true,"href":"https:\/\/www.europesays.com\/es\/wp-json\/wp\/v2\/comments?post=128179"}],"version-history":[{"count":0,"href":"https:\/\/www.europesays.com\/es\/wp-json\/wp\/v2\/posts\/128179\/revisions"}],"wp:featuredmedia":[{"embeddable":true,"href":"https:\/\/www.europesays.com\/es\/wp-json\/wp\/v2\/media\/128180"}],"wp:attachment":[{"href":"https:\/\/www.europesays.com\/es\/wp-json\/wp\/v2\/media?parent=128179"}],"wp:term":[{"taxonomy":"category","embeddable":true,"href":"https:\/\/www.europesays.com\/es\/wp-json\/wp\/v2\/categories?post=128179"},{"taxonomy":"post_tag","embeddable":true,"href":"https:\/\/www.europesays.com\/es\/wp-json\/wp\/v2\/tags?post=128179"}],"curies":[{"name":"wp","href":"https:\/\/api.w.org\/{rel}","templated":true}]}}