{"id":128187,"date":"2025-09-20T21:02:08","date_gmt":"2025-09-20T21:02:08","guid":{"rendered":"https:\/\/www.europesays.com\/es\/128187\/"},"modified":"2025-09-20T21:02:08","modified_gmt":"2025-09-20T21:02:08","slug":"el-campeonato-de-espana-master-de-san-leonardo-de-yague-corona-a-los-ganadores-contra-el-crono","status":"publish","type":"post","link":"https:\/\/www.europesays.com\/es\/128187\/","title":{"rendered":"El Campeonato de Espa\u00f1a M\u00e1ster de San Leonardo de Yag\u00fce corona a los ganadores contra el crono"},"content":{"rendered":"<p>\n                    Este viernes se ha disputado en la localidad soriana la jornada inicial del Campeonato de Espa\u00f1a M\u00e1ster de Carretera con la celebraci\u00f3n de las pruebas contrarreloj.\n                <\/p>\n<p style=\"text-align: justify;\">La localidad soriana de San Leonardo de Yag\u00fce ha sido testigo este viernes del inicio del Campeonato de Espa\u00f1a M\u00e1ster, que ya ha dejado a los primeros ganadores de las pruebas contra el crono.<\/p>\n<p style=\"text-align: justify;\">Cerca de 170 corredores han participado en esta prueba, que ha coronado a los primeros campeones de Espa\u00f1a de la competici\u00f3n sobre un recorrido de 12 km, dejando para el s\u00e1bado y el domingo las carreras en l\u00ednea.\u00a0<\/p>\n<p style=\"text-align: justify;\">En M30A, Luis Borr\u00e1s (Mancor de la Vall) ha vuelto a revalidar su t\u00edtulo nacional contra el crono conseguido en Albacete, por delante de \u00d3scar Gonz\u00e1lez y Javier Hern\u00e1ndez; por su parte, Joaqu\u00edn Gim\u00e9nez (Mundobicis) tambi\u00e9n hacia la propio en la categor\u00eda M30B, con Fernando Benito y Sergio Verd\u00fa, en segunda y tercera posici\u00f3n.<\/p>\n<p style=\"text-align: justify;\">En lo que respecta a M40A, Pedro S\u00e1nchez Cidoncha (Tanynature) sigue cosechando campeonatos de Espa\u00f1a y se ha llevado otro maillot m\u00e1s, parando el crono en 14:18, mejor tiempo de la jornada, escoltado en el podio por Alberto Hernando y V\u00edctor Castro. En M40B, Jos\u00e9 Luis Lombao (Norinver) consegu\u00eda una ajustad\u00edsima victoria que le val\u00eda para coronarse campe\u00f3n por delante de Diego \u00c1lvarez y Alberto Manuel \u00c1lvarez.<\/p>\n<p style=\"text-align: justify;\"><img loading=\"lazy\" decoding=\"async\" src=\"https:\/\/www.europesays.com\/es\/wp-content\/uploads\/2025\/09\/doc_68ce4b153a7623.62208077_549515574_811161464801972_2499637283844430214_n.jpg\" alt=\"imagen\" width=\"750\" height=\"500\"\/><\/p>\n<p style=\"text-align: justify;\">Fotos: BYM Producciones<\/p>\n<p style=\"text-align: justify;\">En M50A, Ra\u00fal Pati\u00f1o (Aluminios Cayvi) tambi\u00e9n revalidaba su t\u00edtulo con contundencia ante sus rivales, Albert Pi\u00f1ana y Luis Alberto Leonardo, en segunda y tercera posici\u00f1on. En M50B, Santi Sala (Club Ciclista Bas) se vest\u00eda con el maillot rojigualdo por delante de Francisco Antonio Quesada y Manuel Seco Por su parte, en M60A, Mario Fern\u00e1ndez (Globerbiker) volv\u00eda a ser el m\u00e1s r\u00e1pido en esta modalidad, con Jos\u00e9 Miguel Saizar y Celest\u00ed Capell colg\u00e1ndose la plata y el bronce; mientras Juan Carlos Iglesias (Ciclos Sandonis) dominaba otro a\u00f1o m\u00e1s la categor\u00eda M60B, sobre Juan Luis Mu\u00f1oz y Luis Aurelio Cebolla.<\/p>\n<p style=\"text-align: justify;\">En las categor\u00edas de mujeres, en M30A, el triunfo ha sido nuevamente para Naomi Abrante (ACCPTFE), por delante de Nerea Alarc\u00f3n y Jenni Torreguitar; mientras en M30B, Ana Isabel Morales (Dr Bike Granada) se ha enfundado el maillot nacional, con Ester Ruiz y Cristina Barrado en el segundo y tercer caj\u00f3n del podio.\u00a0<\/p>\n<p style=\"text-align: justify;\">En M40A, la victoria ca\u00eda del lado de Elena Cavas (Pinatar) por delante de Berezi Mart\u00ednez y Fina Casas; mientras, Montserrat Pereira (Seven) volv\u00eda a demostrar su rapidez en M40B para registrar el mejor tiempo de la jornada con 17:05, y llevarse otro t\u00edtulo m\u00e1s a su palmar\u00e9s, con Mar\u00eda Esther Maqueda y Ver\u00f3nica Palazuelos, en los respectivos cajones del podio.<\/p>\n<p style=\"text-align: justify;\"><img loading=\"lazy\" decoding=\"async\" src=\"https:\/\/www.europesays.com\/es\/wp-content\/uploads\/2025\/09\/doc_68ce4b2a4f5f26.87507243_549420245_811161254801993_7986300775272492520_n.jpg\" alt=\"imagen\" width=\"750\" height=\"500\"\/><\/p>\n<p style=\"text-align: justify;\">En M50A y en M50B, Monika Daza (Bera Bera) y Raquel Monta\u00f1\u00e9s (Entrenamientociclismo.com) impon\u00edan su superioridad para vestirse como nuevas campeonas de Espa\u00f1a de contrarreloj. Raquel Mart\u00edn y\u00a0Rima Gramaliauskiene fueron segunda y tercera en M50A y Almudena Valle y Miren Artaraz hicieron lo propio en M50B.\u00a0<\/p>\n<p style=\"text-align: justify;\">Las clasificaciones completas se pueden encontrar en este <a href=\"https:\/\/www.rs-sport.es\/clasificaciones.html\" target=\"_blank\" rel=\"noopener nofollow\">enlace<\/a>. Este s\u00e1bado y domingo tendr\u00e1n lugar las pruebas en l\u00ednea en la localidad soriana de San Leonardo de Yag\u00fce.\u00a0<\/p>\n<p style=\"text-align: justify;\">Toda la informaci\u00f3n de la competici\u00f3n se puede seguir en redes sociales con el hashtag #CEMasterSoria25.<\/p>\n<p>\u00a0<\/p>\n","protected":false},"excerpt":{"rendered":"Este viernes se ha disputado en la localidad soriana la jornada inicial del Campeonato de Espa\u00f1a M\u00e1ster de&hellip;\n","protected":false},"author":2,"featured_media":128188,"comment_status":"","ping_status":"","sticky":false,"template":"","format":"standard","meta":{"footnotes":""},"categories":[273],"tags":[313,312,168,25,24,23,167],"class_list":{"0":"post-128187","1":"post","2":"type-post","3":"status-publish","4":"format-standard","5":"has-post-thumbnail","7":"category-ciclismo","8":"tag-ciclismo","9":"tag-cycling","10":"tag-deportes","11":"tag-es","12":"tag-espana","13":"tag-spain","14":"tag-sports"},"share_on_mastodon":{"url":"","error":""},"_links":{"self":[{"href":"https:\/\/www.europesays.com\/es\/wp-json\/wp\/v2\/posts\/128187","targetHints":{"allow":["GET"]}}],"collection":[{"href":"https:\/\/www.europesays.com\/es\/wp-json\/wp\/v2\/posts"}],"about":[{"href":"https:\/\/www.europesays.com\/es\/wp-json\/wp\/v2\/types\/post"}],"author":[{"embeddable":true,"href":"https:\/\/www.europesays.com\/es\/wp-json\/wp\/v2\/users\/2"}],"replies":[{"embeddable":true,"href":"https:\/\/www.europesays.com\/es\/wp-json\/wp\/v2\/comments?post=128187"}],"version-history":[{"count":0,"href":"https:\/\/www.europesays.com\/es\/wp-json\/wp\/v2\/posts\/128187\/revisions"}],"wp:featuredmedia":[{"embeddable":true,"href":"https:\/\/www.europesays.com\/es\/wp-json\/wp\/v2\/media\/128188"}],"wp:attachment":[{"href":"https:\/\/www.europesays.com\/es\/wp-json\/wp\/v2\/media?parent=128187"}],"wp:term":[{"taxonomy":"category","embeddable":true,"href":"https:\/\/www.europesays.com\/es\/wp-json\/wp\/v2\/categories?post=128187"},{"taxonomy":"post_tag","embeddable":true,"href":"https:\/\/www.europesays.com\/es\/wp-json\/wp\/v2\/tags?post=128187"}],"curies":[{"name":"wp","href":"https:\/\/api.w.org\/{rel}","templated":true}]}}