{"id":128195,"date":"2025-09-20T21:06:08","date_gmt":"2025-09-20T21:06:08","guid":{"rendered":"https:\/\/www.europesays.com\/es\/128195\/"},"modified":"2025-09-20T21:06:08","modified_gmt":"2025-09-20T21:06:08","slug":"la-emocion-de-maria-becerra-por-conocer-a-pampita-en-un-desfile-en-madrid-sos-tan-dulce","status":"publish","type":"post","link":"https:\/\/www.europesays.com\/es\/128195\/","title":{"rendered":"La emoci\u00f3n de Mar\u00eda Becerra por conocer a Pampita en un desfile en Madrid: \u201cSos tan dulce\u201d"},"content":{"rendered":"<p><img alt=\"Pampita y Mar\u00eda Becerra en\" class=\"global-image\" decoding=\"async\" fetchpriority=\"high\" height=\"1080\" loading=\"eager\" src=\"https:\/\/www.europesays.com\/es\/wp-content\/uploads\/2025\/09\/OE4GYZINXZCVLKFOWXVVGTXWTE.jpg\" width=\"1920\"\/>Pampita y Mar\u00eda Becerra en Madrid (Instagram)<\/p>\n<p class=\"paragraph\">Durante los \u00faltimos d\u00edas, los ojos del mundo de la moda se posaron en Madrid para recibir la colecci\u00f3n Primavera-Verano 2026 de <a rel=\"noopener noreferrer nofollow\" href=\"https:\/\/www.infobae.com\/tag\/carolina-herrera\/\" target=\"_blank\" title=\"https:\/\/www.infobae.com\/tag\/carolina-herrera\/\"><b>Carolina Herrera<\/b><\/a>. El evento tuvo lugar en la Plaza Mayor de la capital espa\u00f1ola, en el marco de la 40\u00aa edici\u00f3n de la <b>Madrid Fashion Week<\/b>, y asistieron figuras de diferentes partes del mundo. <\/p>\n<p class=\"paragraph\">Por primera vez en sus cuarenta y cuatro a\u00f1os de historia, la ic\u00f3nica casa <b>quiso mostrar una colecci\u00f3n principal fuera de Nueva York, <\/b>lo que termin\u00f3 de constituir un evento hist\u00f3rico. <a href=\"https:\/\/www.infobae.com\/teleshow\/2025\/09\/19\/valeria-mazza-pampita-y-maria-becerra-deslumbraron-en-el-desfile-de-carolina-herrera-en-madrid\/\" target=\"_blank\" rel=\"noreferrer nofollow noopener\" title=\"https:\/\/www.infobae.com\/teleshow\/2025\/09\/19\/valeria-mazza-pampita-y-maria-becerra-deslumbraron-en-el-desfile-de-carolina-herrera-en-madrid\/\">Argentina estuvo representada<\/a> por figuras como<b> Valeria Mazza, <\/b><a href=\"https:\/\/www.infobae.com\/tag\/pampita\/\" target=\"_blank\" rel=\"noreferrer nofollow noopener\" title=\"https:\/\/www.infobae.com\/tag\/pampita\/\"><b>Pampita Ardohain<\/b><\/a><b> <\/b>y<b> <\/b><a href=\"https:\/\/www.infobae.com\/tag\/maria-becerra\/\" target=\"_blank\" rel=\"noreferrer nofollow noopener\" title=\"https:\/\/www.infobae.com\/tag\/maria-becerra\/\"><b>Mar\u00eda Becerra<\/b><\/a><b>, <\/b>quienes<b> <\/b>se robaron la atenci\u00f3n de los flashes y las miradas. <\/p>\n<p class=\"paragraph\">Con el paso de las horas, las redes sociales se volvieron casi una bit\u00e1cora de viaje, en especial el de la modelo pampeana, quien document\u00f3 casi el paso a paso de su participaci\u00f3n. All\u00ed se mostr\u00f3 junto a otras celebrities del universo latino, como<b> Luis Fonsi,<\/b> <b>Becky G<\/b>, <b>Sebasti\u00e1n Yatra<\/b> y <b>Nicol\u00e1s Furtado<\/b>, y tambi\u00e9n replic\u00f3 una serie de fotos in\u00e9ditas con Mar\u00eda Becerra. <\/p>\n<p><img alt=\"El mensaje de Mar\u00eda Becerra\" class=\"global-image\" decoding=\"async\" fetchpriority=\"low\" height=\"3470\" loading=\"lazy\" src=\"https:\/\/www.europesays.com\/es\/wp-content\/uploads\/2025\/09\/MKZU33AXOVAFPPPSQQ4WMN4XAE.jpg\" width=\"1920\"\/>El mensaje de Mar\u00eda Becerra a Pampita (Instagram)<\/p>\n<p class=\"paragraph\">En una de las im\u00e1genes se las ve sonrientes, con el fondo inconfundible de la Plaza Mayor, abrazadas en una pose descontracturada. La siguiente es mucho m\u00e1s informal a\u00fan, y parece obra de la casualidad. Ellas tomadas de la mano, charlando algo que seguramente quede all\u00ed, bajo el cielo algo encapotado de Madrid, aunque algo dejaron ver en el ida y vuelta en las redes. <\/p>\n<p class=\"paragraph\">El de La Nena de Argentina fue el comentario m\u00e1s destacado en la publicaci\u00f3n de Pampita: <b>\u201cTan dulce que sos. Qu\u00e9 lindo conocerte\u201d<\/b>, escribi\u00f3 junto a un coraz\u00f3n. Adem\u00e1s, replic\u00f3 en sus historias una de las fotograf\u00edas con una leyenda parecida: \u201cQu\u00e9 hermoso conocerte mi reina, tan dulce sos\u201d, tambi\u00e9n junto al emoji de un coraz\u00f3n y sum\u00f3 uno m\u00e1s para acentuar su emoci\u00f3n. <\/p>\n<p><img alt=\"El impactante look de Pampita\" class=\"global-image\" decoding=\"async\" fetchpriority=\"low\" height=\"2500\" loading=\"lazy\" src=\"https:\/\/www.europesays.com\/es\/wp-content\/uploads\/2025\/09\/OMEDPERVJFDARPTRMU27K7SV3I.jpg\" width=\"1875\"\/>El impactante look de Pampita Ardohain (Gentileza Prensa)<\/p>\n<p class=\"paragraph\">En las postales madrile\u00f1as cada una refuerza su estilo, ese que fue tan destacado por propios y ajenos. Pampita con su un vestido verde strapless de dise\u00f1o irregular, corset suelto y falda recta por encima de las rodillas, con<b> una cola larga, estilo capa, que la mimetizaba con la alfombra donde desfilaban las celebridades<\/b>.<\/p>\n<p class=\"paragraph\">Previamente, Ardohain se hab\u00eda mostrado en dos vestuarios tan diferentes como deslumbrantes. <b>Pas\u00f3 del blanco absoluto de un vestido de esencia veraniega<\/b>, bordeado por botones dorados y estilo mediterr\u00e1neo que us\u00f3 en el c\u00f3ctel,<b> a un estallido de color en el vestido de un solo hombro, decorado con flores rojas, violetas, amarillas y verdes que luci\u00f3 en la cena.<\/b><\/p>\n<p><img alt=\"Mar\u00eda Becerra, con estilo franc\u00e9s\" class=\"global-image\" decoding=\"async\" fetchpriority=\"low\" height=\"2500\" loading=\"lazy\" src=\"https:\/\/www.europesays.com\/es\/wp-content\/uploads\/2025\/09\/C3VHZXPBAZADFN7ZD2FQC3RHNY.jpg\" width=\"1875\"\/>Mar\u00eda Becerra, con estilo franc\u00e9s y algo m\u00e1s (Gentileza Prensa)<\/p>\n<p class=\"paragraph\">Por su parte, Becerra opt\u00f3 para el front row por <b>mini vestido strapless blanco, salpicado de cuadrados negros<\/b>. Corte recto, ajuste impecable, la silueta chic contempor\u00e1nea. Todo potenciado por la boina negra, ladeada sobre la melena suelta y ondulada: glamour franc\u00e9s instant\u00e1neo. Los detalles fueron m\u00e1s all\u00e1: <b>una mini cartera roja con detalles florales rompi\u00f3 la monocrom\u00eda, inyectando color y personalidad<\/b>. Stilettos blancos de taco alto alargaron la figura, mientras los tatuajes \u2014lejos de ocultarse\u2014 reafirmaron su sello de artista moderna. <\/p>\n<p class=\"paragraph\">El cruce glamoroso en Madrid encuentra a las artistas en pleno crecimiento profesional. Siempre elegida por las grandes marcas y eventos, Pampita comparte su agenda de modelo con su reciente irrupci\u00f3n a la conducci\u00f3n de Los 8 escalones por la pantalla de El Trece. Por su parte, <a href=\"https:\/\/www.infobae.com\/teleshow\/2025\/09\/19\/maria-becerra-y-tini-stoessel-lanzaron-hasta-que-me-enamoro-un-tema-que-explora-la-vulnerabilidad-y-el-autoengano-en-el-amor\/\" target=\"_blank\" rel=\"noreferrer nofollow noopener\" title=\"https:\/\/www.infobae.com\/teleshow\/2025\/09\/19\/maria-becerra-y-tini-stoessel-lanzaron-hasta-que-me-enamoro-un-tema-que-explora-la-vulnerabilidad-y-el-autoengano-en-el-amor\/\">Becerra acaba de lanzar el single \u201cHasta que me enamoro\u201d<\/a>, <b>una nueva colaboraci\u00f3n con Tini Stoessel<\/b>, en el que exploran la vulnerabilidad y el autoenga\u00f1o del amor. Y sirve para palpitar los dos conciertos que tiene pautados para diciembre en River y con los que seguir\u00e1 haciendo historia en la m\u00fasica. <\/p>\n","protected":false},"excerpt":{"rendered":"Pampita y Mar\u00eda Becerra en Madrid (Instagram) Durante los \u00faltimos d\u00edas, los ojos del mundo de la moda&hellip;\n","protected":false},"author":2,"featured_media":128196,"comment_status":"","ping_status":"","sticky":false,"template":"","format":"standard","meta":{"footnotes":""},"categories":[174],"tags":[255,146,147,25,24,256,23],"class_list":{"0":"post-128195","1":"post","2":"type-post","3":"status-publish","4":"format-standard","5":"has-post-thumbnail","7":"category-famosos","8":"tag-celebrities","9":"tag-entertainment","10":"tag-entretenimiento","11":"tag-es","12":"tag-espana","13":"tag-famosos","14":"tag-spain"},"share_on_mastodon":{"url":"","error":""},"_links":{"self":[{"href":"https:\/\/www.europesays.com\/es\/wp-json\/wp\/v2\/posts\/128195","targetHints":{"allow":["GET"]}}],"collection":[{"href":"https:\/\/www.europesays.com\/es\/wp-json\/wp\/v2\/posts"}],"about":[{"href":"https:\/\/www.europesays.com\/es\/wp-json\/wp\/v2\/types\/post"}],"author":[{"embeddable":true,"href":"https:\/\/www.europesays.com\/es\/wp-json\/wp\/v2\/users\/2"}],"replies":[{"embeddable":true,"href":"https:\/\/www.europesays.com\/es\/wp-json\/wp\/v2\/comments?post=128195"}],"version-history":[{"count":0,"href":"https:\/\/www.europesays.com\/es\/wp-json\/wp\/v2\/posts\/128195\/revisions"}],"wp:featuredmedia":[{"embeddable":true,"href":"https:\/\/www.europesays.com\/es\/wp-json\/wp\/v2\/media\/128196"}],"wp:attachment":[{"href":"https:\/\/www.europesays.com\/es\/wp-json\/wp\/v2\/media?parent=128195"}],"wp:term":[{"taxonomy":"category","embeddable":true,"href":"https:\/\/www.europesays.com\/es\/wp-json\/wp\/v2\/categories?post=128195"},{"taxonomy":"post_tag","embeddable":true,"href":"https:\/\/www.europesays.com\/es\/wp-json\/wp\/v2\/tags?post=128195"}],"curies":[{"name":"wp","href":"https:\/\/api.w.org\/{rel}","templated":true}]}}