{"id":12821,"date":"2025-07-30T00:23:08","date_gmt":"2025-07-30T00:23:08","guid":{"rendered":"https:\/\/www.europesays.com\/es\/12821\/"},"modified":"2025-07-30T00:23:08","modified_gmt":"2025-07-30T00:23:08","slug":"pelearemos-por-el-numero-uno-2","status":"publish","type":"post","link":"https:\/\/www.europesays.com\/es\/12821\/","title":{"rendered":"Pelearemos por el n\u00famero uno"},"content":{"rendered":"<p class=\"L6-news-detail__text\">Es el combate que todos los aficionados a las artes marciales mixtas quiere ver. <b><a title=\"Ilia Topuria\" href=\"https:\/\/www.lasexta.com\/noticias\/deportes\/otros-deportes\/aviso-que-ilia-topuria-lanza-ufc-voy-retirar-competir-espana_20250626685d24bf1d59cc2968bad59c.html\" target=\"_blank\" rel=\"nofollow noopener\">Ilia Topuria<\/a><\/b><b> (17-0<\/b>) frente a <b>Islam Makhachev (27-1)<\/b> es el mejor enfrentamiento que se puede dar en cuanto a nivel en el oct\u00f3gono. Y el <b>presidente de la UFC, Dana White<\/b>, va a hacer todo lo posible para que suceda.<\/p>\n<p class=\"L6-news-detail__text\">Las \u00faltimas declaraciones del peleador ruso han invitado al optimismo. Makhachev estuvo presente en la \u00faltima velada de <b>UFC<\/b> celebrada en<b> Abu Dabi<\/b> este s\u00e1bado. Ha hablado sobre la irrupci\u00f3n del hispano georgiano como <b>n\u00famero uno del ranking libra por libra<\/b>. Un estatus que, hasta la <b><a title=\"\u00faltima victoria de Topuria en UFC 317\" href=\"https:\/\/www.lasexta.com\/noticias\/deportes\/otros-deportes\/ilia-topuria-hace-historia-convierte-campeon-mundo-peso-ligero-ufc_20250629686100cb3be60c2da856b713.html\" target=\"_blank\" rel=\"nofollow noopener\">\u00faltima victoria de Topuria en UFC 317<\/a><\/b>, ostentaba el daguestan\u00ed.<\/p>\n<p class=\"L6-news-detail__text\">El excampe\u00f3n del peso ligero considera que su ca\u00edda en la clasificaci\u00f3n es una cuesti\u00f3n publicitaria de la compa\u00f1\u00eda y <b>desliza su inter\u00e9s<\/b> en un duelo contra el representante espa\u00f1ol: \u00ab<b>Lo est\u00e1n haciendo a prop\u00f3sito<\/b> para promocionar el combate. La gente ya est\u00e1 interesada en \u00e9l. As\u00ed que lo est\u00e1n haciendo bien, y<b> pelearemos por el puesto n\u00famero uno<\/b> en la clasificaci\u00f3n\u00bb.<\/p>\n<p class=\"L6-news-detail__text\">La disposici\u00f3n de Topuria para medirse al ruso es total. En &#8216;<b>El Cafelito&#8217;<\/b> de <b>Josep Pedrerol<\/b> asegur\u00f3 que su gran objetivo era pelear contra <b>Islam Makhachev<\/b>, incluso antes de noquear a <b><a title=\"Charles Oliveira\" href=\"https:\/\/www.lasexta.com\/noticias\/deportes\/otros-deportes\/ultimo-rival-topuria-rinde-pegada-apagaron-fue-algo-nuevo_20250710686fac113c6d9a1f94729a4a.html\" target=\"_blank\" rel=\"nofollow noopener\">Charles Oliveira<\/a><\/b>. Eso s\u00ed, ese gran duelo no ser\u00eda el siguiente paso de &#8216;El Matador&#8217;.<\/p>\n<p class=\"L6-news-detail__text\">Se espera que el invicto peleador afincado en <b>Madrid <\/b>vuelva a pelear a finales de a\u00f1o para defender el cintur\u00f3n. Su rival puede ser <b>Justin Gaethje<\/b>, <b>Arman Tsarukyan<\/b> o su archienemigo <b>Paddy Pimblett<\/b>. Por su parte, Makhachev ha ascendido de categor\u00eda para desafiar al <b>campe\u00f3n del peso w\u00e9lter<\/b>, <b>Jack Della Maddalena<\/b>.<\/p>\n<blockquote class=\"twitter-tweet\">\n<p class=\"L6-news-detail__text\">Islam Makhachev reacts to Ilia Topuria taking his spot as the #1 pound-for-pound fighter in the world<\/p>\n<p class=\"L6-news-detail__text\">\u00abWell, it&#8217;s marketing. They&#8217;re doing it on purpose to promote this fight&#8230; So they do it right, and we&#8217;ll be fighting for the #1 spot in the rankings.\u00bb \ud83d\udc40<\/p>\n<p class=\"L6-news-detail__text\">\ud83c\udfa5 <a title=\"@ufc\" href=\"https:\/\/twitter.com\/ufc?ref_src=twsrc%5Etfw\" target=\"_blank\" rel=\"nofollow noopener\">@ufc<\/a><a title=\"pic.twitter.com\/RVjUPxBMi2\" href=\"https:\/\/t.co\/RVjUPxBMi2\" target=\"_blank\" rel=\"nofollow\">pic.twitter.com\/RVjUPxBMi2<\/a><\/p>\n<p>\u2014 Championship Rounds (@ChampRDS) <a title=\"July 27, 2025\" href=\"https:\/\/twitter.com\/ChampRDS\/status\/1949278715399098714?ref_src=twsrc%5Etfw\" target=\"_blank\" rel=\"nofollow noopener\">July 27, 2025<\/a><\/p><\/blockquote>\n<p class=\"L6-support-news-video__title\">&#8216;El Chiringuito&#8217;<\/p>\n<p>            <a href=\"https:\/\/www.lasexta.com\/noticias\/deportes\/futbol\/reflexion-pedrerol-dura-derrota-real-madrid-xabi-toca-senalar_20250710686f7c2f3c6d9a1f947261ec.html\" class=\"L6-news__link\" rel=\"nofollow noopener\" target=\"_blank\"><br \/>\n                La reflexi\u00f3n de Pedrerol tras la dura derrota del Real Madrid: \u00abXabi, toca se\u00f1alar&#8230;\u00bb<\/p>\n<p class=\"recirculation-video-desc\">El presentador de &#8216;El Chiringuito&#8217; dice que el entrenador del Real Madrid debe \u00abretratar\u00bb a los jugadores que no tienen actitud.<\/p>\n<p>            <\/a><\/p>\n<p><script async src=\"https:\/\/platform.twitter.com\/widgets.js\" charset=\"utf-8\"><\/script><\/p>\n","protected":false},"excerpt":{"rendered":"Es el combate que todos los aficionados a las artes marciales mixtas quiere ver. Ilia Topuria (17-0) frente&hellip;\n","protected":false},"author":2,"featured_media":12822,"comment_status":"","ping_status":"","sticky":false,"template":"","format":"standard","meta":{"footnotes":""},"categories":[276],"tags":[168,25,24,23,167,343],"class_list":{"0":"post-12821","1":"post","2":"type-post","3":"status-publish","4":"format-standard","5":"has-post-thumbnail","7":"category-ufc","8":"tag-deportes","9":"tag-es","10":"tag-espana","11":"tag-spain","12":"tag-sports","13":"tag-ufc"},"share_on_mastodon":{"url":"","error":""},"_links":{"self":[{"href":"https:\/\/www.europesays.com\/es\/wp-json\/wp\/v2\/posts\/12821","targetHints":{"allow":["GET"]}}],"collection":[{"href":"https:\/\/www.europesays.com\/es\/wp-json\/wp\/v2\/posts"}],"about":[{"href":"https:\/\/www.europesays.com\/es\/wp-json\/wp\/v2\/types\/post"}],"author":[{"embeddable":true,"href":"https:\/\/www.europesays.com\/es\/wp-json\/wp\/v2\/users\/2"}],"replies":[{"embeddable":true,"href":"https:\/\/www.europesays.com\/es\/wp-json\/wp\/v2\/comments?post=12821"}],"version-history":[{"count":0,"href":"https:\/\/www.europesays.com\/es\/wp-json\/wp\/v2\/posts\/12821\/revisions"}],"wp:featuredmedia":[{"embeddable":true,"href":"https:\/\/www.europesays.com\/es\/wp-json\/wp\/v2\/media\/12822"}],"wp:attachment":[{"href":"https:\/\/www.europesays.com\/es\/wp-json\/wp\/v2\/media?parent=12821"}],"wp:term":[{"taxonomy":"category","embeddable":true,"href":"https:\/\/www.europesays.com\/es\/wp-json\/wp\/v2\/categories?post=12821"},{"taxonomy":"post_tag","embeddable":true,"href":"https:\/\/www.europesays.com\/es\/wp-json\/wp\/v2\/tags?post=12821"}],"curies":[{"name":"wp","href":"https:\/\/api.w.org\/{rel}","templated":true}]}}