{"id":128215,"date":"2025-09-20T21:17:08","date_gmt":"2025-09-20T21:17:08","guid":{"rendered":"https:\/\/www.europesays.com\/es\/128215\/"},"modified":"2025-09-20T21:17:08","modified_gmt":"2025-09-20T21:17:08","slug":"sudan-75-muertos-en-un-ataque-al-campo-de-refugiados-en-darfur","status":"publish","type":"post","link":"https:\/\/www.europesays.com\/es\/128215\/","title":{"rendered":"Sud\u00e1n, 75 muertos en un ataque al campo de refugiados en Darfur"},"content":{"rendered":"<p>En este pa\u00eds africano, fuerzas paramilitares atacaron a personas desplazadas reunidas en una mezquita cerca de El-Fasher. La dram\u00e1tica situaci\u00f3n de violencia afecta a los m\u00e1s vulnerables. COOPI hace un llamamiento en favor de los ni\u00f1os: pagan el precio m\u00e1s alto.<\/p>\n<p><b>Sara Costantini \u2013 Ciudad del Vaticano<\/b><\/p>\n<p>M\u00e1s de 75 personas murieron en un ataque de fuerzas paramilitares de las Fuerzas de Apoyo R\u00e1pido (FAR) contra el campo de refugiados de Abu Chok, cerca de El Fasher, en Darfur, al norte de Sud\u00e1n. La unidad de emergencia, que gestiona el campo de refugiados con enormes dificultades, inform\u00f3 del ataque, especificando que un dron explosivo tuvo como objetivo a las personas desplazadas reunidas en una mezquita. Decenas de personas resultaron heridas, muchas de ellas en estado grave. El-Fasher, el \u00faltimo basti\u00f3n del ej\u00e9rcito sudan\u00e9s en Darfur, donde durante meses m\u00e1s de 260.000 civiles han quedado varados en condiciones desesperadas, sin ayuda y en extrema necesidad, ha estado asediado por las Fuerzas de Respuesta R\u00e1pida (FRS) desde mayo de 2024. Una investigaci\u00f3n de la ONU ha determinado que las FRS han cometido cr\u00edmenes de lesa humanidad. La guerra civil en Sud\u00e1n estall\u00f3 en abril de 2023 y, desde entonces, los combates y los ataques han causado al menos 150.000 muertes, en su mayor\u00eda civiles desarmados, 12 millones de desplazados (de un total de aproximadamente 50 millones de habitantes) y una de las peores crisis humanitarias del siglo XXI.<\/p>\n<p><b>La tragedia de los m\u00e1s peque\u00f1os<\/b> <\/p>\n<p>Un pa\u00eds entero ha quedado reducido a escombros, y quienes pagan el precio m\u00e1s alto, como siempre, son los m\u00e1s vulnerables: los ni\u00f1os. Chiara Zaccone, jefa de la misi\u00f3n de COOPI (Cooperaci\u00f3n Internacional) en Sud\u00e1n, vive en primera persona a diario el dolor y la lucha por la supervivencia de quienes se han quedado sin nada. Su testimonio, recogido por los medios vaticanos, es el de alguien que ha visto c\u00f3mo la esperanza se desvanece lentamente, pero tambi\u00e9n el de alguien que sigue luchando para ayudar a los m\u00e1s vulnerables. Zaccone explica la devastadora situaci\u00f3n que enfrentan los ni\u00f1os sudaneses: \u00abSud\u00e1n est\u00e1 atravesando una de las peores crisis humanitarias del mundo. M\u00e1s de 30 millones de personas necesitan ayuda, y la mayor\u00eda son ni\u00f1os\u00bb. De hecho, los m\u00e1s peque\u00f1os son las primeras v\u00edctimas de un conflicto que parece no tener fin. Cada d\u00eda, miles de ni\u00f1os pierden la vida, no solo por las atrocidades de la guerra, sino tambi\u00e9n por el hambre y la desnutrici\u00f3n. En El-Fasher, ciudad sitiada durante casi dos a\u00f1os, la vida cotidiana se ha convertido en una pesadilla: \u00abLa poblaci\u00f3n apenas puede permitirse una sola comida al d\u00eda\u00bb.<\/p>\n<p><b>Comedores comunitarios<\/b> <\/p>\n<p>Las familias sobreviven gracias a los comedores comunitarios, pero el precio de los alimentos es extremadamente alto y la desnutrici\u00f3n aguda, especialmente entre los menores, es un problema generalizado\u00bb, afirma. Es un c\u00edrculo vicioso que aplasta a los m\u00e1s vulnerables: ni\u00f1os, privados de comida y agua, mueren en silencio, sin ser escuchados por el mundo. \u00abRecientemente, un grupo de unas 100 personas huy\u00f3 de El- Fasher. Caminaron durante 20 d\u00edas, cruzando el desierto y Sud\u00e1n en veh\u00edculos improvisados, relatando una violencia incre\u00edble y un sufrimiento extremo. Muchos se vieron obligados a comer hojas y semillas porque la comida casi se hab\u00eda agotado\u00bb, contin\u00faa Zaccone. El sufrimiento de los peque\u00f1os es inconcebible. \u00abEn 2025, el asedio de El Fasher se ha intensificado. M\u00e1s de 250.000 civiles est\u00e1n atrapados, 150.000 de ellos ni\u00f1os\u00bb. Sin embargo, a pesar de la guerra, afirm\u00f3 en su testimonio sobre el terreno, hay quienes no se rinden. \u00abLas madres luchan con todas sus fuerzas para mantener con vida a sus hijos, incluso cuando no hay nada que comer\u00bb.<\/p>\n<p><b>La epidemia de c\u00f3lera<\/b> <\/p>\n<p>Y, por si fuera poco, una grave epidemia de c\u00f3lera tambi\u00e9n azota Sud\u00e1n. Ha devastado el pa\u00eds desde 2023. \u00abEn El-Fasher, se reportan decenas de casos cada d\u00eda y, lamentablemente, varias v\u00edctimas. La falta de agua potable y el precario saneamiento en los campamentos de desplazados se encuentran entre las principales causas de la propagaci\u00f3n del c\u00f3lera\u00bb, explica el jefe de misi\u00f3n. La atenci\u00f3n m\u00e9dica ha colapsado y \u00absolo el 25% de los centros de salud del pa\u00eds siguen operativos\u00bb. A medida que el pa\u00eds se hunde en el abismo, la educaci\u00f3n infantil tambi\u00e9n ha sido destruida. \u00abMuchas escuelas se han transformado en refugios para desplazados. En algunos lugares del este, se ha intentado abrir escuelas temporales, pero muchos ni\u00f1os han perdido al menos un a\u00f1o y medio de educaci\u00f3n\u00bb. En los campamentos de desplazados, los ni\u00f1os ya no pueden so\u00f1ar con un futuro. La guerra les ha robado el derecho a crecer, a aprender, a tener esperanza. En El-Fasher, donde el asedio es total, \u00abno hay escuelas. Los ni\u00f1os no tienen acceso a la educaci\u00f3n\u00bb.<\/p>\n<p><b>La fuerza de la desesperaci\u00f3n<\/b> <\/p>\n<p>En uno de los campamentos de desplazados, Zaccone escuch\u00f3 una historia tr\u00e1gica, imposible de olvidar. \u00abEn estos pueblos, muchas familias son madres solteras con cuatro o cinco hijos. Hemos puesto en marcha proyectos de &#8216;dinero por trabajo&#8217;, en los que hombres y mujeres cavaron canales de drenaje para proteger las tiendas de campa\u00f1a de la lluvia. Un d\u00eda conoc\u00ed a una mujer con tres hijos que hab\u00eda huido de la capital del pa\u00eds, Jartum. Su marido hab\u00eda sido arrestado y ella ya hab\u00eda cambiado de campamento dos veces antes de llegar a ese pueblo. Ese d\u00eda, finalmente, gracias al trabajo que hab\u00eda realizado, pudo comprar comida para sus hijos, tras dos semanas de ayuno\u00bb. Esta historia captura la resiliencia de quienes, a pesar de la tragedia que viven, siguen teniendo esperanza. \u00abSon historias de sufrimiento extremo, pero tambi\u00e9n de una fortaleza incre\u00edble\u00bb, comenta la jefa de misi\u00f3n de COOPI. Hace un llamado desesperado: \u00abNecesitamos seguir hablando de lo que est\u00e1 sucediendo aqu\u00ed. Necesitamos compartir el sufrimiento de la poblaci\u00f3n civil, que es la m\u00e1s afectada por la violencia, la tortura y las epidemias\u00bb.<\/p>\n<p>Pero a pesar de las dificultades, Zaccone y sus compa\u00f1eros de Coopi no tienen intenci\u00f3n de abandonar el campamento. \u00abLlevamos aqu\u00ed desde 2004 y seguimos aqu\u00ed, incluso en las zonas m\u00e1s dif\u00edciles. Proporcionamos agua potable, atenci\u00f3n m\u00e9dica y apoyo a los m\u00e1s vulnerables\u00bb.<\/p>\n","protected":false},"excerpt":{"rendered":"En este pa\u00eds africano, fuerzas paramilitares atacaron a personas desplazadas reunidas en una mezquita cerca de El-Fasher. La&hellip;\n","protected":false},"author":2,"featured_media":128216,"comment_status":"","ping_status":"","sticky":false,"template":"","format":"standard","meta":{"footnotes":""},"categories":[42],"tags":[17,18,13,14,69,11,61,62,63,64,19,20,14066,9,2932,10,15,16,1899,16262,12,21,22,7240,65,66,67],"class_list":{"0":"post-128215","1":"post","2":"type-post","3":"status-publish","4":"format-standard","5":"has-post-thumbnail","7":"category-internacional","8":"tag-breaking-news","9":"tag-breakingnews","10":"tag-featured-news","11":"tag-featurednews","12":"tag-guerra","13":"tag-headlines","14":"tag-internacional","15":"tag-international","16":"tag-international-news","17":"tag-internationalnews","18":"tag-latest-news","19":"tag-latestnews","20":"tag-migrantes-y-refugiados","21":"tag-news","22":"tag-ninos","23":"tag-noticias","24":"tag-noticias-destacadas","25":"tag-noticiasdestacadas","26":"tag-ong","27":"tag-sudan","28":"tag-titulares","29":"tag-ultimas-noticias","30":"tag-ultimasnoticias","31":"tag-violencia-politica","32":"tag-world","33":"tag-world-news","34":"tag-worldnews"},"share_on_mastodon":{"url":"","error":""},"_links":{"self":[{"href":"https:\/\/www.europesays.com\/es\/wp-json\/wp\/v2\/posts\/128215","targetHints":{"allow":["GET"]}}],"collection":[{"href":"https:\/\/www.europesays.com\/es\/wp-json\/wp\/v2\/posts"}],"about":[{"href":"https:\/\/www.europesays.com\/es\/wp-json\/wp\/v2\/types\/post"}],"author":[{"embeddable":true,"href":"https:\/\/www.europesays.com\/es\/wp-json\/wp\/v2\/users\/2"}],"replies":[{"embeddable":true,"href":"https:\/\/www.europesays.com\/es\/wp-json\/wp\/v2\/comments?post=128215"}],"version-history":[{"count":0,"href":"https:\/\/www.europesays.com\/es\/wp-json\/wp\/v2\/posts\/128215\/revisions"}],"wp:featuredmedia":[{"embeddable":true,"href":"https:\/\/www.europesays.com\/es\/wp-json\/wp\/v2\/media\/128216"}],"wp:attachment":[{"href":"https:\/\/www.europesays.com\/es\/wp-json\/wp\/v2\/media?parent=128215"}],"wp:term":[{"taxonomy":"category","embeddable":true,"href":"https:\/\/www.europesays.com\/es\/wp-json\/wp\/v2\/categories?post=128215"},{"taxonomy":"post_tag","embeddable":true,"href":"https:\/\/www.europesays.com\/es\/wp-json\/wp\/v2\/tags?post=128215"}],"curies":[{"name":"wp","href":"https:\/\/api.w.org\/{rel}","templated":true}]}}