{"id":128217,"date":"2025-09-20T21:18:13","date_gmt":"2025-09-20T21:18:13","guid":{"rendered":"https:\/\/www.europesays.com\/es\/128217\/"},"modified":"2025-09-20T21:18:13","modified_gmt":"2025-09-20T21:18:13","slug":"salvador-illa-envia-una-delegacion-de-la-generalitat-a-la-onu-para-promocionar-a-cataluna-como-pais","status":"publish","type":"post","link":"https:\/\/www.europesays.com\/es\/128217\/","title":{"rendered":"Salvador Illa env\u00eda una delegaci\u00f3n de la Generalitat a la ONU para promocionar a Catalu\u00f1a como \u00abpa\u00eds\u00bb"},"content":{"rendered":"<p>Al m\u00e1s cl\u00e1sico estilo del <strong>independentismo<\/strong> con su obsesivo \u2013y caro\u2013 empe\u00f1o de vender al mundo que<strong> Catalu\u00f1a<\/strong> es una <strong>\u00abnaci\u00f3n\u00bb<\/strong>, el ahora presidente de la Generalitat, el socialista <a href=\"https:\/\/okdiario.com\/espana\/illa-visita-puigdemont-bruselas-orden-sanchez-suplicarle-que-oxigeno-legislatura-15339964\" rel=\"nofollow noopener\" target=\"_blank\"><strong>Salvador Illa<\/strong><\/a>, ha decidido enviar a <strong>Nueva York<\/strong> una delegaci\u00f3n para, ante las <strong>Naciones Unidas<\/strong>, promocionar a Catalu\u00f1a como \u00abpa\u00eds\u00bb. No ha dicho cu\u00e1ntos van a participar en ese viaje ni cu\u00e1nto va a costar. S\u00ed que va a estar encabezada por su consejero de Acci\u00f3n Exterior, <strong>Jaume Duch<\/strong>, y que la estancia en Nueva York ser\u00e1 de tres d\u00edas, desde este lunes hasta el pr\u00f3ximo mi\u00e9rcoles.<\/p>\n<p>Esta misi\u00f3n internacional se enmarca en el programa presupuestario de \u00abAcci\u00f3n Exterior\u00bb que instauraron y regaron generosamente los sucesivos gobiernos catalanes independentistas, y que Illa \u2013investido con el apoyo de ERC\u2013 ha mantenido. De hecho, al no haber aprobado los <a href=\"https:\/\/okdiario.com\/espana\/desbarajuste-cuentas-illa-gastara-sueldos-2-000-millones-mas-lo-presupuestado-15225823\" rel=\"nofollow noopener\" target=\"_blank\">presupuestos<\/a> y no tenerlos al d\u00eda, Illa sigue gobernando con las cuentas prorrogadas de 2023, que fueron aprobadas por su antecesor al frente de la Generalitat, Pere Aragon\u00e9s (ERC). <strong>Illa ha reservado para este a\u00f1o 95 millones de euros a gastar en \u00abAcci\u00f3n Exterior\u00bb de la Generalitat<\/strong>, en la que se incluyen las embajadas catalanas. En el primer semestre de este a\u00f1o ya se hab\u00eda gastado 41 millones.<\/p>\n<p>En los presupuestos prorrogados de la Generalitat con los que gobierna Illa, se destaca que el programa de su pol\u00edtica internacional tiene como prioridad \u00abconsolidar una acci\u00f3n exterior de pa\u00eds que movilice los activos del conjunto de departamentos y de la sociedad catalana\u00bb. Es decir, <strong>extender en el extranjero y en foros internacionales que Catalu\u00f1a es un \u00abpa\u00eds\u00bb<\/strong>.<\/p>\n<p>En este marco se produce ahora esa visita del consejero de Illa a Nueva York. En este caso aprovechando el debate de la Asamblea General de Naciones Unidas.<\/p>\n<p>Reuni\u00f3n con Moratinos<\/p>\n<p>Eso s\u00ed, entre las pretensiones de Illa y la realidad que certifica la agenda de su consejero Jaume Duch hay una distancia enorme. El Gobierno de Salvador Illa dice que Duch viaja a Nueva York \u00abpara mantener reuniones de alto nivel durante la Asamblea General de la ONU\u00bb. Sin embargo, la agenda oficial que ha hecho p\u00fablica la propia Generalitat demuestra que <strong>esas \u00abreuniones de alto nivel\u00bb no pasar\u00e1n de encuentros con representantes de muy segundo nivel<\/strong> y, en la pr\u00e1ctica, de escas\u00edsimo peso en el entramado de Naciones Unidas y sin influencia relevante en el concierto occidental.<\/p>\n<p>As\u00ed, entre esas reuniones que Illa vende como \u00abde alto nivel\u00bb se incluir\u00e1 un encuentro entre Jaume Duch y el socialista <strong>Miguel \u00c1ngel Moratinos<\/strong>, ex ministro de Zapatero recolocado como \u00abalto representante de la Alianza de Civilizaciones de Naciones Unidas\u00bb. En esa reuni\u00f3n, seg\u00fan la Generalitat, se \u00ababordar\u00e1 la implicaci\u00f3n de Catalu\u00f1a en esta entidad que promueve el di\u00e1logo intercultural e interreligioso y el respeto mutuo\u00bb. Todo ello despu\u00e9s de que el Gobierno catal\u00e1n se haya negado a admitir ni uno s\u00f3lo de los menas llegados a Canarias que el Ejecutivo de S\u00e1nchez ha decidido repartir por las comunidades aut\u00f3nomas.<\/p>\n<p>Rep\u00fablica Dominicana<\/p>\n<p>Otros de los encuentros de \u00abalto nivel\u00bb ser\u00e1n la reuni\u00f3n que Duch mantendr\u00e1 con Kitty van der Heijden, directora adjunta de Alianzas Unicef-Giga, su intervenci\u00f3n en un acto organizado conjuntamente entre el Consejo Empresarial Alianza por Iberoam\u00e9rica (CEAPI) y el Programa de las Naciones Unidas para el Desarrollo (PNUD), o varios encuentros con responsables de la Oficina de las Naciones Unidas para la Coordinaci\u00f3n de Asuntos Humanitarios, de la Fundaci\u00f3n de las Naciones Unidas y de ONU Mujeres.<\/p>\n<p>Entre esas cumbres preparadas por Duch en Nueva York figura tambi\u00e9n su reuni\u00f3n con el presidente de Uruguay, Yamand\u00fa Orsi, con el de la <strong>Rep\u00fablica Dominicana, Luis Abinader<\/strong>, y con la secretaria de Medio Ambiente del estado mexicano de Jalisco.<\/p>\n","protected":false},"excerpt":{"rendered":"Al m\u00e1s cl\u00e1sico estilo del independentismo con su obsesivo \u2013y caro\u2013 empe\u00f1o de vender al mundo que Catalu\u00f1a&hellip;\n","protected":false},"author":2,"featured_media":128218,"comment_status":"","ping_status":"","sticky":false,"template":"","format":"standard","meta":{"footnotes":""},"categories":[8],"tags":[17,18,25,24,13,14,11,19,20,9,10,15,16,23,12,21,22],"class_list":{"0":"post-128217","1":"post","2":"type-post","3":"status-publish","4":"format-standard","5":"has-post-thumbnail","7":"category-espana","8":"tag-breaking-news","9":"tag-breakingnews","10":"tag-es","11":"tag-espana","12":"tag-featured-news","13":"tag-featurednews","14":"tag-headlines","15":"tag-latest-news","16":"tag-latestnews","17":"tag-news","18":"tag-noticias","19":"tag-noticias-destacadas","20":"tag-noticiasdestacadas","21":"tag-spain","22":"tag-titulares","23":"tag-ultimas-noticias","24":"tag-ultimasnoticias"},"share_on_mastodon":{"url":"","error":""},"_links":{"self":[{"href":"https:\/\/www.europesays.com\/es\/wp-json\/wp\/v2\/posts\/128217","targetHints":{"allow":["GET"]}}],"collection":[{"href":"https:\/\/www.europesays.com\/es\/wp-json\/wp\/v2\/posts"}],"about":[{"href":"https:\/\/www.europesays.com\/es\/wp-json\/wp\/v2\/types\/post"}],"author":[{"embeddable":true,"href":"https:\/\/www.europesays.com\/es\/wp-json\/wp\/v2\/users\/2"}],"replies":[{"embeddable":true,"href":"https:\/\/www.europesays.com\/es\/wp-json\/wp\/v2\/comments?post=128217"}],"version-history":[{"count":0,"href":"https:\/\/www.europesays.com\/es\/wp-json\/wp\/v2\/posts\/128217\/revisions"}],"wp:featuredmedia":[{"embeddable":true,"href":"https:\/\/www.europesays.com\/es\/wp-json\/wp\/v2\/media\/128218"}],"wp:attachment":[{"href":"https:\/\/www.europesays.com\/es\/wp-json\/wp\/v2\/media?parent=128217"}],"wp:term":[{"taxonomy":"category","embeddable":true,"href":"https:\/\/www.europesays.com\/es\/wp-json\/wp\/v2\/categories?post=128217"},{"taxonomy":"post_tag","embeddable":true,"href":"https:\/\/www.europesays.com\/es\/wp-json\/wp\/v2\/tags?post=128217"}],"curies":[{"name":"wp","href":"https:\/\/api.w.org\/{rel}","templated":true}]}}