{"id":128219,"date":"2025-09-20T21:19:14","date_gmt":"2025-09-20T21:19:14","guid":{"rendered":"https:\/\/www.europesays.com\/es\/128219\/"},"modified":"2025-09-20T21:19:14","modified_gmt":"2025-09-20T21:19:14","slug":"elpuerto-de-santa-maria-gran-ambiente-en-la-gincana-por-la-movilidad-sostenible-en-el-puerto-que-ha-sumado-ejercicio-cultura-y-trabajo-en-equipo","status":"publish","type":"post","link":"https:\/\/www.europesays.com\/es\/128219\/","title":{"rendered":"#ElPuerto de Santa Mar\u00eda &#8211; Gran ambiente en la Gincana por la Movilidad Sostenible en El Puerto, que ha sumado ejercicio, cultura y trabajo en equipo"},"content":{"rendered":"<p>El Puerto ha vivido esta ma\u00f1ana una jornada diferente y muy divertida con motivo de la Semana Europea de la Movilidad 2025. M\u00e1s de treinta inscritos, de todas las edades, participaron en la <strong>Gincana por la Movilidad Sostenible<\/strong>, organizada por el Ayuntamiento de El Puerto a trav\u00e9s del \u00e1rea de Medio Ambiente y el Campus Ocio Verde, que arranc\u00f3 en la Plaza del Polvorista.\u00a0<\/p>\n<p>Los grupos recorrieron las calles de la ciudad, buscando pistas y resolviendo retos que pon\u00edan en valor el patrimonio y la riqueza cultural portuense. Localizar una <strong>columna salom\u00f3nica en la calle Palacios<\/strong>, descubrir una <strong>torre octogonal en un antiguo colegio<\/strong>, encontrar la <strong>torre vig\u00eda con adornos cer\u00e1micos del Campo de Gu\u00eda<\/strong> o ubicar el <strong>relieve del Castillo de San Marcos en la fachada de una iglesia<\/strong>, fueron algunos de los desaf\u00edos que despertaron la curiosidad y el ingenio de los participantes.\u00a0<\/p>\n<p>Entre risas, pasos apresurados y la emoci\u00f3n de ser los primeros en resolver todas las pruebas, los equipos se adentraron en un recorrido que conjugaba <strong>diversi\u00f3n, ejercicio, cultura y trabajo en equipo<\/strong>. La meta estaba clara: completar todos los hitos antes de las dos de la tarde, hora fijada para la finalizaci\u00f3n de la gincana.\u00a0<\/p>\n<p>El teniente de alcalde de Relaciones con la Ciudadan\u00eda <strong>Javier Bello<\/strong>, acompa\u00f1\u00f3 a los participantes en la salida y la entrega de petos, dese\u00e1ndoles suerte en esta aventura urbana que convirti\u00f3 a la ciudad en un gran tablero de juego. El premio: un viaje en catamar\u00e1n entre El Puerto y la ciudad vecina de C\u00e1diz.\u00a0<\/p>\n<p><strong>Movilidad para todos<\/strong>\u00a0<\/p>\n<p>La actividad se enmarca en la <strong>Semana Europea de la Movilidad<\/strong>, que se celebra hasta el 22 de septiembre bajo el lema \u201cMovilidad para todos\u201d. Promovida por la Comisi\u00f3n Europea desde 2002, esta iniciativa persigue concienciar sobre la necesidad de apostar por sistemas de transporte m\u00e1s sostenibles, saludables e inclusivos.\u00a0<\/p>\n<p>En El Puerto, gracias a su estructura urbana y entorno natural, muchas distancias cotidianas pueden recorrerse a pie, en bicicleta, en patinete o en transporte p\u00fablico. La gincana ha querido precisamente destacar estas posibilidades, promoviendo un uso m\u00e1s diverso, saludable y responsable de la movilidad urbana.\u00a0<\/p>\n<p>El Ayuntamiento, a trav\u00e9s del Servicio Municipal de Medio Ambiente, Movilidad y Playas, organiza durante todo el a\u00f1o actividades como rutas en bici mensuales o senderos guiados, que cuentan siempre con gran acogida. La gincana suma as\u00ed una experiencia m\u00e1s a ese calendario de iniciativas que persiguen <strong>fomentar h\u00e1bitos saludables, descubrir rincones hist\u00f3ricos y naturales, y disfrutar de la ciudad de una manera activa y sostenible<\/strong>.\u00a0<\/p>\n<p>Una <strong>experiencia cultural, l\u00fadica y saludable<\/strong>, que demuestra que, entre todos, podemos construir un futuro m\u00e1s sostenible.\u00a0<\/p>\n","protected":false},"excerpt":{"rendered":"El Puerto ha vivido esta ma\u00f1ana una jornada diferente y muy divertida con motivo de la Semana Europea&hellip;\n","protected":false},"author":2,"featured_media":128220,"comment_status":"","ping_status":"","sticky":false,"template":"","format":"standard","meta":{"footnotes":""},"categories":[5],"tags":[17,18,209,4808,5446,25,24,13,14,41404,41403,11,19,20,37694,9,10,15,16,23,12,31243,21,22],"class_list":{"0":"post-128219","1":"post","2":"type-post","3":"status-publish","4":"format-standard","5":"has-post-thumbnail","7":"category-titulares","8":"tag-breaking-news","9":"tag-breakingnews","10":"tag-cultura","11":"tag-ejercicio","12":"tag-el-puerto","13":"tag-es","14":"tag-espana","15":"tag-featured-news","16":"tag-featurednews","17":"tag-gincana","18":"tag-gran-ambiente","19":"tag-headlines","20":"tag-latest-news","21":"tag-latestnews","22":"tag-movilidad-sostenible","23":"tag-news","24":"tag-noticias","25":"tag-noticias-destacadas","26":"tag-noticiasdestacadas","27":"tag-spain","28":"tag-titulares","29":"tag-trabajo-en-equipo","30":"tag-ultimas-noticias","31":"tag-ultimasnoticias"},"share_on_mastodon":{"url":"","error":""},"_links":{"self":[{"href":"https:\/\/www.europesays.com\/es\/wp-json\/wp\/v2\/posts\/128219","targetHints":{"allow":["GET"]}}],"collection":[{"href":"https:\/\/www.europesays.com\/es\/wp-json\/wp\/v2\/posts"}],"about":[{"href":"https:\/\/www.europesays.com\/es\/wp-json\/wp\/v2\/types\/post"}],"author":[{"embeddable":true,"href":"https:\/\/www.europesays.com\/es\/wp-json\/wp\/v2\/users\/2"}],"replies":[{"embeddable":true,"href":"https:\/\/www.europesays.com\/es\/wp-json\/wp\/v2\/comments?post=128219"}],"version-history":[{"count":0,"href":"https:\/\/www.europesays.com\/es\/wp-json\/wp\/v2\/posts\/128219\/revisions"}],"wp:featuredmedia":[{"embeddable":true,"href":"https:\/\/www.europesays.com\/es\/wp-json\/wp\/v2\/media\/128220"}],"wp:attachment":[{"href":"https:\/\/www.europesays.com\/es\/wp-json\/wp\/v2\/media?parent=128219"}],"wp:term":[{"taxonomy":"category","embeddable":true,"href":"https:\/\/www.europesays.com\/es\/wp-json\/wp\/v2\/categories?post=128219"},{"taxonomy":"post_tag","embeddable":true,"href":"https:\/\/www.europesays.com\/es\/wp-json\/wp\/v2\/tags?post=128219"}],"curies":[{"name":"wp","href":"https:\/\/api.w.org\/{rel}","templated":true}]}}