{"id":128225,"date":"2025-09-20T21:23:07","date_gmt":"2025-09-20T21:23:07","guid":{"rendered":"https:\/\/www.europesays.com\/es\/128225\/"},"modified":"2025-09-20T21:23:07","modified_gmt":"2025-09-20T21:23:07","slug":"la-unica-forma-en-la-que-bryson-llama-la-atencion-es-hablando-de-otros","status":"publish","type":"post","link":"https:\/\/www.europesays.com\/es\/128225\/","title":{"rendered":"\u201cLa \u00fanica forma en la que Bryson llama la atenci\u00f3n es hablando de otros\u201d"},"content":{"rendered":"<p>            <a href=\"https:\/\/www.europesays.com\/es\/wp-content\/uploads\/2025\/09\/Rory-McIlroy-Bryson-Dechambeau.jpeg\" data-caption=\"Rory McIlroy - Bryson Dechambeau\"><img decoding=\"async\" loading=\"lazy\" width=\"660\" height=\"371\" class=\"entry-thumb td-modal-image\" src=\"https:\/\/www.europesays.com\/es\/wp-content\/uploads\/2025\/09\/Rory-McIlroy-Bryson-Dechambeau.jpeg\"   alt=\"Rory McIlroy - Bryson Dechambeau\" title=\"Rory McIlroy - Bryson Dechambeau\"\/><\/a>Rory McIlroy &#8211; Bryson Dechambeau<\/p>\n<p data-start=\"247\" data-end=\"504\">La <strong>Ryder Cup<\/strong> todav\u00eda no ha comenzado y se siguen encendiendo los \u00e1nimos. <strong>Rory McIlroy<\/strong> ha respondido con dureza a <strong>Bryson DeChambeau<\/strong> tras unas declaraciones, en las que aseguraba que pensaba \u201csurrusarle al o\u00eddo\u201d para molestarle si coincid\u00edan en <strong>Bethpage Black <\/strong>y si eso era necesario para lograr un buen resultado.<\/p>\n<p data-start=\"506\" data-end=\"821\">En una entrevista concedida a The Guardian durante el pasado mes de agosto en el <strong>Tour Championship<\/strong>, McIlroy quit\u00f3 hierro al plan del estadounidense con un dardo en toda regla: \u201cLa \u00fanica manera en la que Bryson consigue atenci\u00f3n es mencionando a otras personas. Para llamar la atenci\u00f3n me menciona a m\u00ed, a Scottie [Scheffler] o a otros\u201d.<\/p>\n<p data-start=\"823\" data-end=\"1022\">La tensi\u00f3n entre ambos no es nueva. DeChambeau le arrebat\u00f3 a Rory el US Open en 2024 y el norirland\u00e9s le devolvi\u00f3 el golpe este a\u00f1o en el Masters de Augusta, compartiendo partido en la ronda final.<\/p>\n<p data-start=\"1024\" data-end=\"1412\">M\u00e1s all\u00e1 de su rivalidad personal, McIlroy tambi\u00e9n valor\u00f3 el ambiente que espera en Nueva York: \u201cCreo que es inevitable que pase algo en Nueva York. Puede que no me involucre directamente a m\u00ed, pero algo ocurrir\u00e1, ya sea como lo de Roma la \u00faltima vez o de otra manera. Cuando est\u00e1s en ese ambiente tantos d\u00edas, con el p\u00fablico encima ocho horas seguidas, es inevitable que llegue a alguien o incluso a nosotros como grupo en alg\u00fan momento\u201d, explic\u00f3.<\/p>\n<p data-start=\"1414\" data-end=\"1607\">El norirland\u00e9s, no obstante, se mostr\u00f3 optimista sobre las opciones de Europa: \u201cSeguimos siendo los underdogs, pero me siento mucho m\u00e1s confiado que en 2016 o 2021 en que podemos lograrlo\u201d.<\/p>\n<p data-start=\"1609\" data-end=\"1712\">La Ryder Cup arranca el pr\u00f3ximo viernes, la batalla apunta a \u00e9pica.<\/p>\n","protected":false},"excerpt":{"rendered":"Rory McIlroy &#8211; Bryson Dechambeau La Ryder Cup todav\u00eda no ha comenzado y se siguen encendiendo los \u00e1nimos.&hellip;\n","protected":false},"author":2,"featured_media":128226,"comment_status":"","ping_status":"","sticky":false,"template":"","format":"standard","meta":{"footnotes":""},"categories":[275],"tags":[39987,15916,168,25,24,329,336,339,340,1909,1910,606,2624,23,167],"class_list":{"0":"post-128225","1":"post","2":"type-post","3":"status-publish","4":"format-standard","5":"has-post-thumbnail","7":"category-golf","8":"tag-bethpage-black","9":"tag-bryson-dechambeau","10":"tag-deportes","11":"tag-es","12":"tag-espana","13":"tag-golf","14":"tag-notificacion","15":"tag-portada-america","16":"tag-portada-global","17":"tag-portada-top","18":"tag-portada-top-america","19":"tag-rory-mcilroy","20":"tag-ryder-cup","21":"tag-spain","22":"tag-sports"},"share_on_mastodon":{"url":"","error":""},"_links":{"self":[{"href":"https:\/\/www.europesays.com\/es\/wp-json\/wp\/v2\/posts\/128225","targetHints":{"allow":["GET"]}}],"collection":[{"href":"https:\/\/www.europesays.com\/es\/wp-json\/wp\/v2\/posts"}],"about":[{"href":"https:\/\/www.europesays.com\/es\/wp-json\/wp\/v2\/types\/post"}],"author":[{"embeddable":true,"href":"https:\/\/www.europesays.com\/es\/wp-json\/wp\/v2\/users\/2"}],"replies":[{"embeddable":true,"href":"https:\/\/www.europesays.com\/es\/wp-json\/wp\/v2\/comments?post=128225"}],"version-history":[{"count":0,"href":"https:\/\/www.europesays.com\/es\/wp-json\/wp\/v2\/posts\/128225\/revisions"}],"wp:featuredmedia":[{"embeddable":true,"href":"https:\/\/www.europesays.com\/es\/wp-json\/wp\/v2\/media\/128226"}],"wp:attachment":[{"href":"https:\/\/www.europesays.com\/es\/wp-json\/wp\/v2\/media?parent=128225"}],"wp:term":[{"taxonomy":"category","embeddable":true,"href":"https:\/\/www.europesays.com\/es\/wp-json\/wp\/v2\/categories?post=128225"},{"taxonomy":"post_tag","embeddable":true,"href":"https:\/\/www.europesays.com\/es\/wp-json\/wp\/v2\/tags?post=128225"}],"curies":[{"name":"wp","href":"https:\/\/api.w.org\/{rel}","templated":true}]}}