{"id":128241,"date":"2025-09-20T21:31:27","date_gmt":"2025-09-20T21:31:27","guid":{"rendered":"https:\/\/www.europesays.com\/es\/128241\/"},"modified":"2025-09-20T21:31:27","modified_gmt":"2025-09-20T21:31:27","slug":"calonge-mucho-mas-que-libros","status":"publish","type":"post","link":"https:\/\/www.europesays.com\/es\/128241\/","title":{"rendered":"Calonge, mucho m\u00e1s que libros"},"content":{"rendered":"<p class=\"ft-text\">En 2022, Calonge recibi\u00f3 el galard\u00f3n de pueblo cultural del a\u00f1o, galard\u00f3n concedido por Prensa Ib\u00e9rica, grupo editor de este diario. Tambi\u00e9n es conocido popularmente por ser el pueblo de los libros y es que en sus calles coexisten diferentes librer\u00edas especializadas en diversos g\u00e9neros literarios. El pueblo ofrece muchos m\u00e1s atractivos para disfrutar al largo de todo el a\u00f1o. Calonge re\u00fane gastronom\u00eda, excelentes playas, un gran legado cultural y diversas rutas para descubrir muchos rincones naturales y patrimoniales.<\/p>\n<p class=\"ft-text\">Una de las opciones que tienen los visitantes es el camino de ronda. Se trata de un itinerario de gran belleza pues recorre todo el trazado de la costa a trav\u00e9s de un paisaje compuesto por pinos y aguas cristalinas. Aseguran que hay puntos donde la Costa Brava alcanza su m\u00e1ximo esplendor. Los acantilados son espectaculares y a lo largo de la excursi\u00f3n podemos darnos un ba\u00f1o en alguna de sus playas y calas. No debemos pasar por alto una parada en la zona conocida como Torre Valentina, al sur de la playa de Sant Antoni de Calonge. El camino sigue la ruta que siglos atr\u00e1s hac\u00edan los habitantes de la zona para vigilar y avisar de la presencia de piratas que frecuentaban la costa. Tambi\u00e9n nos recomiendan hacer parte de esta ruta a bordo de un kayak.<\/p>\n<p>En bicicleta y a pie <\/p>\n<p class=\"ft-text\">Otra opci\u00f3n de aventura es la zona de vi\u00f1edos del Tinar. Se puede hacer tanto en bicicleta como a pie. Nuestra ruta cruzar\u00e1 zonas agr\u00edcolas. Las caracter\u00edsticas particulares del terreno y las temperaturas suaves han propiciado zonas de vi\u00f1edos desde donde salen y se elaboran excelentes vinos. La zona comprende mas\u00edas de Calonge y Vall-llobrega donde se mantienen formas de vida y producci\u00f3n artesanal.<\/p>\n<p class=\"ft-text\">El conocido como Sender de l\u2019Aigua es otro de los itinerarios que ofrece Calonge a sus visitantes. La riera de Romany\u00e0 baja desde el macizo de las Gavarres para encontrarse con la riera de Calonge a la altura del pueblo. Se trata de un valle de un alto valor ecol\u00f3gico y donde abunda la presencia de agua limpia. Esto posibilita una elevada biodiversidad tanto vegetal como animal. Este itinerario est\u00e1 perfectamente descrito en la web de Turismo de Calonge. Empieza en la zona del Pont Penjat de Calonge y finaliza en la zona conocida popularmente como el Mol\u00ed d\u2019en Llu\u00eds.<\/p>\n","protected":false},"excerpt":{"rendered":"En 2022, Calonge recibi\u00f3 el galard\u00f3n de pueblo cultural del a\u00f1o, galard\u00f3n concedido por Prensa Ib\u00e9rica, grupo editor&hellip;\n","protected":false},"author":2,"featured_media":128242,"comment_status":"","ping_status":"","sticky":false,"template":"","format":"standard","meta":{"footnotes":""},"categories":[172],"tags":[224,13379,146,147,25,24,225,41409,23],"class_list":{"0":"post-128241","1":"post","2":"type-post","3":"status-publish","4":"format-standard","5":"has-post-thumbnail","7":"category-libros","8":"tag-books","9":"tag-costa-brava","10":"tag-entertainment","11":"tag-entretenimiento","12":"tag-es","13":"tag-espana","14":"tag-libros","15":"tag-prensa-iberica","16":"tag-spain"},"share_on_mastodon":{"url":"","error":""},"_links":{"self":[{"href":"https:\/\/www.europesays.com\/es\/wp-json\/wp\/v2\/posts\/128241","targetHints":{"allow":["GET"]}}],"collection":[{"href":"https:\/\/www.europesays.com\/es\/wp-json\/wp\/v2\/posts"}],"about":[{"href":"https:\/\/www.europesays.com\/es\/wp-json\/wp\/v2\/types\/post"}],"author":[{"embeddable":true,"href":"https:\/\/www.europesays.com\/es\/wp-json\/wp\/v2\/users\/2"}],"replies":[{"embeddable":true,"href":"https:\/\/www.europesays.com\/es\/wp-json\/wp\/v2\/comments?post=128241"}],"version-history":[{"count":0,"href":"https:\/\/www.europesays.com\/es\/wp-json\/wp\/v2\/posts\/128241\/revisions"}],"wp:featuredmedia":[{"embeddable":true,"href":"https:\/\/www.europesays.com\/es\/wp-json\/wp\/v2\/media\/128242"}],"wp:attachment":[{"href":"https:\/\/www.europesays.com\/es\/wp-json\/wp\/v2\/media?parent=128241"}],"wp:term":[{"taxonomy":"category","embeddable":true,"href":"https:\/\/www.europesays.com\/es\/wp-json\/wp\/v2\/categories?post=128241"},{"taxonomy":"post_tag","embeddable":true,"href":"https:\/\/www.europesays.com\/es\/wp-json\/wp\/v2\/tags?post=128241"}],"curies":[{"name":"wp","href":"https:\/\/api.w.org\/{rel}","templated":true}]}}