{"id":128257,"date":"2025-09-20T21:40:13","date_gmt":"2025-09-20T21:40:13","guid":{"rendered":"https:\/\/www.europesays.com\/es\/128257\/"},"modified":"2025-09-20T21:40:13","modified_gmt":"2025-09-20T21:40:13","slug":"la-plataforma-usada-por-jovenes-que-quedo-en-el-centro-de-dos-hechos-determinantes-a-nivel-global","status":"publish","type":"post","link":"https:\/\/www.europesays.com\/es\/128257\/","title":{"rendered":"La plataforma usada por j\u00f3venes que qued\u00f3 en el centro de dos hechos determinantes a nivel global"},"content":{"rendered":"<p class=\"com-paragraph   --s\"><strong>Las maneras en las que los j\u00f3venes se vinculan con la pol\u00edtica pueden ser un verdadero enigma para los adultos.<\/strong> Y si no, que levante la mano el que hubiera sospechado que dos eventos determinantes a nivel global de los \u00faltimos d\u00edas, <strong>la <\/strong><a href=\"https:\/\/www.lanacion.com.ar\/el-mundo\/las-fuerzas-que-impulsan-las-explosivas-protestas-de-la-generacion-z-en-nepal-nid09092025\/\" target=\"_self\" title=\"https:\/\/www.lanacion.com.ar\/el-mundo\/las-fuerzas-que-impulsan-las-explosivas-protestas-de-la-generacion-z-en-nepal-nid09092025\/\" class=\"com-link break-word\" data-mrf-recirculation=\"n_link_parrafo\" rel=\"nofollow noopener\"><strong>revuelta de la generaci\u00f3n Z<\/strong><\/a><strong> en Nepal y el asesinato de Charlie Kirk<\/strong>, iban a estar vinculados a una misma plataforma digital alejada del mainstream.<\/p>\n<p class=\"com-paragraph   --s\">De la inteligencia artificial (IA) a las redes, la relaci\u00f3n entre la tecnolog\u00eda y los procesos pol\u00edticos cambia a la velocidad de la luz. Si en 2009 el mundo se enter\u00f3 de c\u00f3mo los manifestantes se organizaban por Twitter durante las protestas en Ir\u00e1n y en 2016 el esc\u00e1ndalo de Cambridge Analytica demostr\u00f3 hasta d\u00f3nde llegaba el poder electoral de Facebook, <strong>2025 bien podr\u00eda marcar un hito como el a\u00f1o en que un pa\u00eds, Nepal, <\/strong><a href=\"https:\/\/www.lanacion.com.ar\/el-mundo\/la-nueva-primera-ministra-de-nepal-fue-elegida-por-discord-disolvio-el-parlamento-y-convoco-a-nid13092025\/\" target=\"_self\" title=\"https:\/\/www.lanacion.com.ar\/el-mundo\/la-nueva-primera-ministra-de-nepal-fue-elegida-por-discord-disolvio-el-parlamento-y-convoco-a-nid13092025\/\" class=\"com-link break-word\" data-mrf-recirculation=\"n_link_parrafo\" rel=\"nofollow noopener\"><strong>eligi\u00f3 a su primer ministro por Discord.<\/strong><\/a><\/p>\n<p class=\"com-paragraph   --s\">Discord es una plataforma de mensajer\u00eda y redes sociales lanzada en 2015 por Jason Citron y Stan Vishnevskiy en San Francisco. <strong>Originalmente, fue creada para que los usuarios de videojuegos<\/strong> pudieran comunicarse f\u00e1cilmente mientras jugaban. Pero durante la \u00faltima d\u00e9cada se fue transformando y peg\u00f3 un salto importante durante la pandemia, como un lugar que ayud\u00f3 a comunidades a mantenerse conectadas. Hoy tiene m\u00e1s de 200 millones de usuarios activos mensuales en todo el mundo.<\/p>\n<p>El CEO de Discord, Jason Citron, a la izquierda, junto a otros l\u00edderes de tecnol\u00f3gicas en una audiencia en el Congreso norteamericanoJose Luis Magana  &#8211; FR159526 AP <\/p>\n<p class=\"com-paragraph   --s\">\u201cLo particular de este tipo de tecnolog\u00eda es que funciona en servidores: <strong>para poder participar alguien debe invitarte a ingresar.<\/strong> A diferencia de plataformas abiertas como Twitter o Facebook, estos son espacios cerrados que generan comunidades con una l\u00f3gica propia, centradas en tem\u00e1ticas espec\u00edficas y con moderadores, lo que adem\u00e1s permite que no sean f\u00e1cilmente monitoreadas desde afuera\u201d, dice a LA NACION Juan Ignacio Belbis, profesor de la maestr\u00eda en Comunicaci\u00f3n Pol\u00edtica de la Universidad Austral.<\/p>\n<p class=\"com-paragraph   --s\">El hecho de que a los espacios se acceda por invitaci\u00f3n puede ofrecer una<strong> sensaci\u00f3n de mayor seguridad y cercan\u00eda<\/strong> en comparaci\u00f3n con plataformas de difusi\u00f3n masiva, como X, Facebook o Instagram. Adem\u00e1s, al no tener feeds infinitos, Discord no tiene un flujo interminable de contenido, lo que la vuelve m\u00e1s atractiva para discusiones espec\u00edficas.<\/p>\n<p>Un stand de Discord en una convenci\u00f3n en San FranciscoJeff Chiu &#8211; AP<\/p>\n<p class=\"com-paragraph   --s\">Aunque mantiene una fuerte base de usuarios de videojuegos,<strong> su atractivo se extendi\u00f3 a m\u00faltiples intereses<\/strong> como la m\u00fasica o el deporte, y tambi\u00e9n sirvi\u00f3 para armar comunidades que debaten temas que prefieren mantener alejados del escrutinio p\u00fablico, como las criptomonedas o las apuestas.<\/p>\n<p class=\"com-paragraph   --s\">La expansi\u00f3n de Discord <strong>tambi\u00e9n alcanz\u00f3 el terreno pol\u00edtico<\/strong>, a medida que la plataforma dej\u00f3 de ser un espacio casi exclusivo para gamers y comenz\u00f3 a ser utilizada por activistas y grupos con agendas ideol\u00f3gicas. Este paso estuvo cargado de varias pol\u00e9micas, que le valieron a la plataforma <strong>ser se\u00f1alada como un lugar que puede incentivar conductas radicalizadas<\/strong> e incluso se usado como sitio de reclutamiento de grupos neonazis.<\/p>\n<p class=\"com-paragraph   --s\">El primero de esos episodios ocurri\u00f3 en 2017, cuando supremacistas blancos recurrieron a Discord para coordinar la marcha \u201cUnite the Right\u201d en <strong>Charlottesville<\/strong>, que<a href=\"https:\/\/www.lanacion.com.ar\/el-mundo\/violencia-y-muerte-en-una-marcha-de-supremacistas-blancos-en-eeuu-nid2052686\/\" target=\"_self\" title=\"https:\/\/www.lanacion.com.ar\/el-mundo\/violencia-y-muerte-en-una-marcha-de-supremacistas-blancos-en-eeuu-nid2052686\/\" class=\"com-link break-word\" data-mrf-recirculation=\"n_link_parrafo\" rel=\"nofollow noopener\"> termin\u00f3 con m\u00faltiples hechos de violencia y dej\u00f3 un muerto<\/a>. En 2022, Discord qued\u00f3 en la mira por la masacre de <strong>Buffalo<\/strong>, en la que un joven de 18 a\u00f1os asesin\u00f3 a diez personas en un supermercado. El atacante utilizaba la plataforma para registrar pensamientos, conversar con conocidos y compartir memes racistas. Y el caso m\u00e1s resonante probablemente sea la<strong> <\/strong><a href=\"https:\/\/www.lanacion.com.ar\/el-mundo\/sospechan-que-la-filtracion-de-documentos-del-pentagono-pudo-originarse-en-una-plataforma-para-nid11042023\/\" target=\"_self\" title=\"https:\/\/www.lanacion.com.ar\/el-mundo\/sospechan-que-la-filtracion-de-documentos-del-pentagono-pudo-originarse-en-una-plataforma-para-nid11042023\/\" class=\"com-link break-word\" data-mrf-recirculation=\"n_link_parrafo\" rel=\"nofollow noopener\"><strong>filtraci\u00f3n de documentos clasificados del Pent\u00e1gono<\/strong><\/a> en 2023 por parte de un joven universitario, que expuso la seguridad nacional norteamericana.<\/p>\n<p>Miembros del Ku Klux Klan estuvieron presentes en los enfrentamientos violentos en Charlottesville, Virginia, en 2017Reuters<\/p>\n<p class=\"com-paragraph   --s\">Lejos de aceptar ser considerada como un caldo de cultivo para la extrema derecha y la radicalizaci\u00f3n, <strong>la plataforma lanz\u00f3 varias iniciativas y afirma que esas actividades son minoritarias en sus servidores<\/strong>. \u201cDiscord hizo varias cosas, como el filtrado de grupos, han dado de baja usuarios. Pretende seguir siendo una plataforma vendible, popularmente aceptada\u201d, dijo Belbis.<\/p>\n<p class=\"com-paragraph   --s\">Pero <strong>volvi\u00f3 a quedar en el centro del debate tras el asesinato del activista conservador Charlie Kirk<\/strong>. El acusado, Tyler Robinson, de 22 a\u00f1os, us\u00f3 la plataforma pocas horas despu\u00e9s de disparar y <a href=\"https:\/\/www.lanacion.com.ar\/estados-unidos\/que-dice-el-chat-en-el-que-el-presunto-asesino-de-charlie-kirk-habria-confesado-su-crimen-nid16092025\/\" target=\"_self\" title=\"https:\/\/www.lanacion.com.ar\/estados-unidos\/que-dice-el-chat-en-el-que-el-presunto-asesino-de-charlie-kirk-habria-confesado-su-crimen-nid16092025\/\" class=\"com-link break-word\" data-mrf-recirculation=\"n_link_parrafo\" rel=\"nofollow noopener\">confes\u00f3 ante un grupo privado de amigos<\/a>. \u201cFui yo, lo siento por todo esto\u201d, escribi\u00f3, antes de anunciar que se entregar\u00eda. Discord colabor\u00f3 con el FBI aportando copias de estos mensajes y datos sobre la actividad de Robinson.<\/p>\n<p>Foto policial de Tyler Robinson, el presunto asesino de Charlie Kirk.<\/p>\n<p class=\"com-paragraph   --s\">La noche anterior a su detenci\u00f3n, Robinson tambi\u00e9n hab\u00eda participado en distintos chats en los que bromeaba sobre las im\u00e1genes difundidas por la polic\u00eda. Tambi\u00e9n trascendieron comentarios sobre la necesidad de recuperar armas y municiones escondidas, aunque la empresa aclar\u00f3 que esos intercambios probablemente ocurrieron en otra aplicaci\u00f3n de mensajer\u00eda y no en su plataforma.<\/p>\n<p class=\"com-paragraph   --s\">Discord suspendi\u00f3 la cuenta de Robinson por violar su pol\u00edtica de \u201ccomportamiento fuera de la plataforma\u201d y afirm\u00f3 <strong>que no encontr\u00f3 pruebas de que hubiera planificado el ataque dentro de sus servidores.<\/strong> Sin embargo, el caso reaviv\u00f3 el debate sobre el rol de este tipo de espacios en procesos de radicalizaci\u00f3n de los j\u00f3venes. El gobernador de Utah, Spencer Cox, denunci\u00f3 que Robinson habr\u00eda adoptado posturas extremistas en \u201clos rincones m\u00e1s oscuros de Internet\u201d, entre los que incluy\u00f3 foros, memes pol\u00edticos y chats de Discord.<\/p>\n<p class=\"com-paragraph   --s\">El papel de Discord en la crisis en <strong>Nepal <\/strong>puede verse como un contraejemplo. <strong>El arco narrativo no est\u00e1 exento de cierta iron\u00eda<\/strong>: un gobierno proh\u00edbe las redes sociales, es derrocado por una ola de protestas y luego reemplazado por uno interino elegido a trav\u00e9s de una de las plataformas digitales que hab\u00eda intentado bloquear.<\/p>\n<p class=\"com-paragraph   --s\"><strong>\u201cEl Parlamento de Nepal ahora es Discord\u201d<\/strong>, dijo un creador de contenido de 23 a\u00f1os citado por The New York Times, cuando la plataforma ya desempe\u00f1aba un papel central e in\u00e9dito en la toma de decisiones pol\u00edticas.<\/p>\n<p>Manifestantes se sacan selfies frente al Parlamento durante las protestas en Katmand\u00faNiranjan Shrestha  &#8211; AP <\/p>\n<p class=\"com-paragraph   --s\">\u00bfC\u00f3mo se lleg\u00f3 hasta aqu\u00ed? Despu\u00e9s de la turbulenta abolici\u00f3n de una monarqu\u00eda absolutista en 2008 se inici\u00f3 un per\u00edodo democr\u00e1tico de nuevas libertades que se fue deteriorando. Este mes, la decisi\u00f3n del gobierno de bloquear 26 plataformas de redes sociales desencaden\u00f3 un estallido de los j\u00f3venes de la Generaci\u00f3n Z. El bloqueo fue la punta del iceberg de un malestar m\u00e1s profundo con el autoritarismo, la desigualdad y la corrupci\u00f3n de la \u00e9lite pol\u00edtica.<\/p>\n<p class=\"com-paragraph   --s\">La represi\u00f3n a las protestas dej\u00f3 30 muertos y retroaliment\u00f3 la ira. Lo que sigui\u00f3 dio la vuelta al mundo: <a href=\"https:\/\/www.lanacion.com.ar\/el-mundo\/estallido-en-nepal-dimitio-el-primer-ministro-tras-el-incendio-del-parlamento-y-las-protestas-mas-nid09092025\/\" target=\"_self\" title=\"https:\/\/www.lanacion.com.ar\/el-mundo\/estallido-en-nepal-dimitio-el-primer-ministro-tras-el-incendio-del-parlamento-y-las-protestas-mas-nid09092025\/\" class=\"com-link break-word\" data-mrf-recirculation=\"n_link_parrafo\" rel=\"nofollow noopener\">el gobierno colaps\u00f3 en una Katmand\u00fa en llamas<\/a>. Cuando el ej\u00e9rcito entr\u00f3 en acci\u00f3n para restablecer el orden e impuso un toque de queda, <strong>miles de nepal\u00edes recurrieron a Discord para debatir el futuro del pa\u00eds.<\/strong><\/p>\n<p class=\"com-paragraph   --s\">\u201cDiscord se convirti\u00f3 en un espacio de encuentro para que los j\u00f3venes nepaleses se reunieran y debatieran el camino a seguir\u201d, dijo a LA NACION Pranaya Rana, un periodista residente en Katmand\u00fa que escribe el newsletter Kalam Weekly.<\/p>\n<p class=\"com-paragraph   --s\">Con el Parlamento cerrado y un toque de queda, Discord se convirti\u00f3 en una suerte de asamblea en la que participaron m\u00e1s de 100.000 j\u00f3venes. El punto culminante fue l<strong>a selecci\u00f3n de un candidato para ocupar el cargo de primer ministro interino <\/strong>hasta las pr\u00f3ximas elecciones. Los organizadores del canal, miembros de la organizaci\u00f3n c\u00edvica Hami Nepal, se reunieron con los jefes del ej\u00e9rcito, quienes les pidieron que propusieran un nombre. Despu\u00e9s de horas de debates y varias encuestas realizadas en la plataforma, el grupo de Discord<strong> se uni\u00f3 en torno a Sushila Karki<\/strong>, una expresidenta del Tribunal Supremo de Nepal, conocida por su oposici\u00f3n a la corrupci\u00f3n.<\/p>\n<p>As\u00ed propon\u00edan a Sushila Karki como nueva primera ministra de Nepal.<\/p>\n<p class=\"com-paragraph   --s\">\u201cLa votaci\u00f3n <strong>no fue vinculante, sino m\u00e1s bien una encuesta de percepci\u00f3n<\/strong> sobre la opini\u00f3n de la Generaci\u00f3n Z respecto a los candidatos. La decisi\u00f3n fue bien recibida por las instituciones estatales, especialmente el ej\u00e9rcito y el presidente, que coincidieron en nombrar a Sushila Karki como primer ministro interino, respetando la decisi\u00f3n de los manifestantes de la Generaci\u00f3n Z\u201d, relat\u00f3 Rana.<\/p>\n<p class=\"com-paragraph   --s\">Las conversaciones y decisiones tomadas en el canal de Discord fueron tan relevantes que se debatieron en la televisi\u00f3n nacional y se transmitieron en vivo en sitios de noticias. Shaswot Lamichhane, moderador del canal, afirm\u00f3 que <strong>el servidor de Discord lleg\u00f3 a \u201cnegociar con el ej\u00e9rcito\u201d.<\/strong><\/p>\n<p class=\"com-paragraph   --s\">\u00bfEstamos entonces ante una utop\u00eda digital de una revoluci\u00f3n con final feliz? No tan r\u00e1pido. La plataforma<strong> tambi\u00e9n enfrent\u00f3 desaf\u00edos y cuestionamientos<\/strong>: las discusiones a menudo eran desorganizadas, ca\u00f3ticas y ruidosas, y los moderadores tuvieron que bloquear los llamados a la violencia y combatir las fake news.<\/p>\n<p>Las manifestaciones de la Generaci\u00f3n Z en NepalAryan Dhimal  &#8211; ZUMA Press Wire <\/p>\n<p class=\"com-paragraph   --s\">\u201cDado que Discord permite identidades an\u00f3nimas, cualquiera puede participar en la discusi\u00f3n. No es necesario ser de la Generaci\u00f3n Z ni siquiera nepal\u00ed. Adem\u00e1s, si alguien lo desea, podr\u00eda movilizar f\u00e1cilmente a un grupo de personas para que se infiltren en el grupo de Discord e influyan en el rumbo de la conversaci\u00f3n\u201d, explic\u00f3 Rana.<\/p>\n<p class=\"com-paragraph   --s\">Pero los resultados, de todas maneras, fueron sorprendentes. Steven Feldstein, experto de la Fundaci\u00f3n Carnegie para la Paz Internacional en el papel de la tecnolog\u00eda en los movimientos sociales, dijo a The New York Times que el protagonismo pol\u00edtico de Discord fue <strong>\u201cbastante sin precedente\u201d<\/strong>. Y sobre todo un logro para una camada que est\u00e1 haciendo sus primeras armas en pol\u00edtica.<\/p>\n<p class=\"com-paragraph   --s\">\u201cLas generaciones anteriores de nepal\u00edes, millennials y la Generaci\u00f3n X, probablemente <strong>ni siquiera hab\u00edan o\u00eddo hablar de Discord hasta la semana pasada<\/strong>\u201d, concluy\u00f3 Rana.<\/p>\n<p class=\"com-paragraph   --s\">El experimento tambi\u00e9n plantea el interrogante de si lograr\u00e1 inspirar a j\u00f3venes en otros pa\u00edses. Nepal no es un caso aislado en Asia. Indonesia, Tailandia y Timor del Este son otros tres pa\u00edses en los que la Generaci\u00f3n Z ha salido a la calle en las \u00faltimas semanas, por disparadores distintos, pero con un malestar con una ra\u00edz com\u00fan: el descontento con los privilegios pol\u00edticos.<\/p>\n<p class=\"com-paragraph   --s\">\u201cEn muchos otros lugares del mundo, <strong>los j\u00f3venes est\u00e1n completamente hartos de la pol\u00edtica<\/strong>\u201d, dijo al sitio Gzero Joshua Kurlantzick, del Consejo de Relaciones Exteriores norteamericano.<\/p>\n<p class=\"com-paragraph   --s\">Discord parece especialmente exitosa en captar ese malestar, pero tambi\u00e9n plantea una advertencia sobre c\u00f3mo <strong>tendencias y conversaciones pueden pasar totalmente inadvertidas para la mayor\u00eda de la sociedad.<\/strong><\/p>\n<p class=\"com-paragraph   --s\">\u201cDespu\u00e9s de la pandemia Discord fue uno de los lugares donde las ideas de Javier Milei tuvieron gran acogida. No de forma militante, sino org\u00e1nica. Ah\u00ed surgieron memes, sobrenombres. Esas conversaciones pasaron muy fuera del radar\u201d, explic\u00f3 Belbis.<\/p>\n","protected":false},"excerpt":{"rendered":"Las maneras en las que los j\u00f3venes se vinculan con la pol\u00edtica pueden ser un verdadero enigma para&hellip;\n","protected":false},"author":2,"featured_media":128258,"comment_status":"","ping_status":"","sticky":false,"template":"","format":"standard","meta":{"footnotes":""},"categories":[42],"tags":[17,18,13,14,11,61,62,63,64,19,20,9,10,15,16,12,21,22,65,66,67],"class_list":{"0":"post-128257","1":"post","2":"type-post","3":"status-publish","4":"format-standard","5":"has-post-thumbnail","7":"category-internacional","8":"tag-breaking-news","9":"tag-breakingnews","10":"tag-featured-news","11":"tag-featurednews","12":"tag-headlines","13":"tag-internacional","14":"tag-international","15":"tag-international-news","16":"tag-internationalnews","17":"tag-latest-news","18":"tag-latestnews","19":"tag-news","20":"tag-noticias","21":"tag-noticias-destacadas","22":"tag-noticiasdestacadas","23":"tag-titulares","24":"tag-ultimas-noticias","25":"tag-ultimasnoticias","26":"tag-world","27":"tag-world-news","28":"tag-worldnews"},"share_on_mastodon":{"url":"","error":""},"_links":{"self":[{"href":"https:\/\/www.europesays.com\/es\/wp-json\/wp\/v2\/posts\/128257","targetHints":{"allow":["GET"]}}],"collection":[{"href":"https:\/\/www.europesays.com\/es\/wp-json\/wp\/v2\/posts"}],"about":[{"href":"https:\/\/www.europesays.com\/es\/wp-json\/wp\/v2\/types\/post"}],"author":[{"embeddable":true,"href":"https:\/\/www.europesays.com\/es\/wp-json\/wp\/v2\/users\/2"}],"replies":[{"embeddable":true,"href":"https:\/\/www.europesays.com\/es\/wp-json\/wp\/v2\/comments?post=128257"}],"version-history":[{"count":0,"href":"https:\/\/www.europesays.com\/es\/wp-json\/wp\/v2\/posts\/128257\/revisions"}],"wp:featuredmedia":[{"embeddable":true,"href":"https:\/\/www.europesays.com\/es\/wp-json\/wp\/v2\/media\/128258"}],"wp:attachment":[{"href":"https:\/\/www.europesays.com\/es\/wp-json\/wp\/v2\/media?parent=128257"}],"wp:term":[{"taxonomy":"category","embeddable":true,"href":"https:\/\/www.europesays.com\/es\/wp-json\/wp\/v2\/categories?post=128257"},{"taxonomy":"post_tag","embeddable":true,"href":"https:\/\/www.europesays.com\/es\/wp-json\/wp\/v2\/tags?post=128257"}],"curies":[{"name":"wp","href":"https:\/\/api.w.org\/{rel}","templated":true}]}}