{"id":128263,"date":"2025-09-20T21:44:17","date_gmt":"2025-09-20T21:44:17","guid":{"rendered":"https:\/\/www.europesays.com\/es\/128263\/"},"modified":"2025-09-20T21:44:17","modified_gmt":"2025-09-20T21:44:17","slug":"el-hc-eivissa-se-ve-superado-por-el-agustinos","status":"publish","type":"post","link":"https:\/\/www.europesays.com\/es\/128263\/","title":{"rendered":"El HC Eivissa se ve superado por el Agustinos"},"content":{"rendered":"<p>El Trasmapi Gobycar Citubo <a href=\"https:\/\/www.periodicodeibiza.es\/etiqueta\/HC+Eivissa.html?utm_source=Inline-tag&amp;utm_medium=internal\" rel=\"nofollow noopener\" target=\"_blank\">HC Eivissa<\/a> se vio completamente superado por el Agustinos Alicante (28-33) este s\u00e1bado en Es Pratet. Los de Eugenio Tilves nunca se rindieron, pero los visitantes estuvieron mejor en todos los aspectos del juego. Primera derrota de la temporada para un equipo que hab\u00eda empezado goleando en Soria.<\/p>\n<p>El choque arranc\u00f3 con un penalti transformado por Valera, al que respondi\u00f3 el cuadro visitante, d\u00e1ndole la vuelta al marcador (1-2). El partido ten\u00eda ritmo y los goles llegaban en ambas porter\u00edas. Al minuto cinco, el marcador reflejaba un ajustado 3-4.<\/p>\n<p>La primera diferencia peligrosa lleg\u00f3 con el 3-6, mostrando la mayor solidez del equipo alicantino tanto en ataque como en defensa. Con el 3-7, Eugenio Tilves pidi\u00f3 su primer tiempo muerto, buscando soluciones antes de que el partido se le escapara. La sequ\u00eda de m\u00e1s de cinco minutos sin marcar se rompi\u00f3 con un gol de Rubio.<\/p>\n<p>Al ecuador de la primera parte, el marcador mostraba un 6-9, con una diferencia estabilizada de tres a cuatro goles. Los ibicencos no consegu\u00edan reducir la distancia. Con el 9-14, y con los visitantes ampliando a\u00fan m\u00e1s su ventaja, lleg\u00f3 la primera parada importante de Jorge Broto, lo que gener\u00f3 algo de esperanza. La aparici\u00f3n de Broto cambi\u00f3 el curso del encuentro.<\/p>\n<p>La mejora defensiva y una exclusi\u00f3n permitieron a los ibicencos acercarse a tres goles (11-14). Adem\u00e1s, Es Pratet empez\u00f3 a caldearse, creando un ambiente tenso. Sin embargo, los visitantes no se dejaron afectar y lograron ampliar su ventaja antes del descanso, con un 13-17 en el marcador. Lo peor para los locales fue que sufrieron dos exclusiones consecutivas, lo que les oblig\u00f3 a empezar la segunda parte con dos jugadores menos.<\/p>\n<p>Esto permiti\u00f3 a Agustinos comenzar la segunda mitad con una ventaja de cinco goles. Era el momento de remar. El equipo ibicenco, con mucho trabajo y esfuerzo, mejor\u00f3 en defensa y, con un Valera muy enchufado, logr\u00f3 reducir la diferencia a dos goles antes del minuto 10 (20-22). En la acci\u00f3n siguiente, Montoto coloc\u00f3 al equipo a solo un gol. El partido comenzaba de nuevo. Los ibicencos ya estaban tocando la puerta.<\/p>\n<p>Sin embargo, no lograron derribarla. Agustinos resisti\u00f3 el empuje local y, con un 24-27, llegaron los \u00faltimos 10 minutos. A pesar de que a\u00fan quedaba tiempo, la misi\u00f3n parec\u00eda casi imposible. Lo fue. Agustinos elev\u00f3 nuevamente su nivel tanto en defensa como en ataque y el partido se cerr\u00f3 con un 28-33 en el marcador.<\/p>\n","protected":false},"excerpt":{"rendered":"El Trasmapi Gobycar Citubo HC Eivissa se vio completamente superado por el Agustinos Alicante (28-33) este s\u00e1bado en&hellip;\n","protected":false},"author":2,"featured_media":128264,"comment_status":"","ping_status":"","sticky":false,"template":"","format":"standard","meta":{"footnotes":""},"categories":[278],"tags":[376,41412,10586,168,25,24,375,10585,23,167],"class_list":{"0":"post-128263","1":"post","2":"type-post","3":"status-publish","4":"format-standard","5":"has-post-thumbnail","7":"category-balonmano","8":"tag-balonmano","9":"tag-deporte-en-ibiza","10":"tag-deporte-ibiza","11":"tag-deportes","12":"tag-es","13":"tag-espana","14":"tag-handball","15":"tag-hc-eivissa","16":"tag-spain","17":"tag-sports"},"share_on_mastodon":{"url":"","error":""},"_links":{"self":[{"href":"https:\/\/www.europesays.com\/es\/wp-json\/wp\/v2\/posts\/128263","targetHints":{"allow":["GET"]}}],"collection":[{"href":"https:\/\/www.europesays.com\/es\/wp-json\/wp\/v2\/posts"}],"about":[{"href":"https:\/\/www.europesays.com\/es\/wp-json\/wp\/v2\/types\/post"}],"author":[{"embeddable":true,"href":"https:\/\/www.europesays.com\/es\/wp-json\/wp\/v2\/users\/2"}],"replies":[{"embeddable":true,"href":"https:\/\/www.europesays.com\/es\/wp-json\/wp\/v2\/comments?post=128263"}],"version-history":[{"count":0,"href":"https:\/\/www.europesays.com\/es\/wp-json\/wp\/v2\/posts\/128263\/revisions"}],"wp:featuredmedia":[{"embeddable":true,"href":"https:\/\/www.europesays.com\/es\/wp-json\/wp\/v2\/media\/128264"}],"wp:attachment":[{"href":"https:\/\/www.europesays.com\/es\/wp-json\/wp\/v2\/media?parent=128263"}],"wp:term":[{"taxonomy":"category","embeddable":true,"href":"https:\/\/www.europesays.com\/es\/wp-json\/wp\/v2\/categories?post=128263"},{"taxonomy":"post_tag","embeddable":true,"href":"https:\/\/www.europesays.com\/es\/wp-json\/wp\/v2\/tags?post=128263"}],"curies":[{"name":"wp","href":"https:\/\/api.w.org\/{rel}","templated":true}]}}