{"id":128275,"date":"2025-09-20T21:54:09","date_gmt":"2025-09-20T21:54:09","guid":{"rendered":"https:\/\/www.europesays.com\/es\/128275\/"},"modified":"2025-09-20T21:54:09","modified_gmt":"2025-09-20T21:54:09","slug":"luanconatur-explora-la-fotografia-en-la-naturaleza-con-ponencias-y-talleres","status":"publish","type":"post","link":"https:\/\/www.europesays.com\/es\/128275\/","title":{"rendered":"Luanconatur explora la fotograf\u00eda en la naturaleza con ponencias y talleres"},"content":{"rendered":"<p>Este a\u00f1o, la segunda edici\u00f3n de la Feria de Fotograf\u00eda y Naturaleza de <a href=\"https:\/\/www.elcomercio.es\/area-metropolitana-asturias\/gozon\/\" target=\"_self\" title=\"Noticias de Goz\u00f3n\" data-voc-vtm-id=\"in-text-traffic\" data-mrf-link=\"www.elcomercio.es\" rel=\"nofollow noopener\">Goz\u00f3n<\/a>, <strong>Luanconatur<\/strong>, promete ser \u00abun bombazo\u00bb con grandes profesionales de  &#8230; esta \u00e1rea para consolidar un certamen que es \u00ab\u00fanico en el norte de Espa\u00f1a\u00bb, del viernes 26 al domingo 28, en Luanco.<\/p>\n<p class=\"v-p\">La <strong>Agrupaci\u00f3n Fotogr\u00e1fica Cabo Pe\u00f1as<\/strong>, en colaboraci\u00f3n con el Ayuntamiento, present\u00f3 las actividades este viernes, donde las \u00abjoyas de la corona son las estrellas invitadas\u00bb, destac\u00f3 el presidente de la entidad, Francisco Roso.<\/p>\n<p class=\"v-p\">De manera permanente, en la plaza frente al Consistorio, estar\u00e1n expuestas las fotograf\u00edas del concurso Memorial Mar\u00eda Luisa, \u00abuno de los m\u00e1s importantes de Europa\u00bb. Ah\u00ed tambi\u00e9n estar\u00e1n las carpas de empresas \u00abde peso\u00bb en el mundo de la fotograf\u00eda, \u00abprimeras marcas como Sony y FotoCam\u00bb. La inauguraci\u00f3n de Luanconatur ser\u00e1 a las 19 horas del viernes 26 y la primera ponencia ser\u00e1 del asturiano Jos\u00e9 D\u00edaz, protagonista y director de<strong> &#8216;100 d\u00edas de soledad&#8217;<\/strong>. Todas las charlas se har\u00e1n en el sal\u00f3n de actos del IES Cristo del Socorro, frente a la plaza.<\/p>\n<p class=\"v-p\">El s\u00e1bado 27, a las 10 horas, hablar\u00e1n Carlos G. Do Santos y Diego Manrique, artistas en capturar im\u00e1genes del \u00c1rtico en invierno. A las 12.15 horas hablar\u00e1 Laura N\u00fa\u00f1ez, fot\u00f3grafa de fauna salvaje. A las 18 horas, se estrenar\u00e1 la pel\u00edcula &#8216;Do\u00f1ana, donde el agua es sagrada&#8217;, in\u00e9dita en Asturias. Ser\u00e1 un cinef\u00f3rum, en presencia de los directores Carmen Rodr\u00edguez y Joaqu\u00edn G. Acha, quien cuenta con dos nominaciones a los Goya. Les acompa\u00f1ar\u00e1 Odile Rodr\u00edguez de la Fuente como narradora de la pel\u00edcula, hija del famoso naturalista F\u00e9lix Rodr\u00edguez de la Fuente.<\/p>\n<p class=\"v-p\">La \u00faltima ponencia la dar\u00e1 Merche Llobera, experta en fotograf\u00edas submarinas.<\/p>\n<p class=\"v-p\">Entre las novedades, este a\u00f1o habr\u00e1 talleres de fotograf\u00eda para los cuales habr\u00e1 que registrarse a trav\u00e9s de la web de la feria. El s\u00e1bado 27, a las 16 horas, Om-System donar\u00e1 material para practicar y a las 23 horas habr\u00e1 uno de fotograf\u00eda nocturna. El domingo 28, a las 9 horas, habr\u00e1 uno de avistamiento de aves de costa.<\/p>\n","protected":false},"excerpt":{"rendered":"Este a\u00f1o, la segunda edici\u00f3n de la Feria de Fotograf\u00eda y Naturaleza de Goz\u00f3n, Luanconatur, promete ser \u00abun&hellip;\n","protected":false},"author":2,"featured_media":128276,"comment_status":"","ping_status":"","sticky":false,"template":"","format":"standard","meta":{"footnotes":""},"categories":[173],"tags":[229,233,231,230,232,234,146,147,25,24,36598,244,41413,1409,41414,23,7830],"class_list":{"0":"post-128275","1":"post","2":"type-post","3":"status-publish","4":"format-standard","5":"has-post-thumbnail","7":"category-arte-y-diseno","8":"tag-arte","9":"tag-arte-y-diseno","10":"tag-arts","11":"tag-arts-and-design","12":"tag-design","13":"tag-diseno","14":"tag-entertainment","15":"tag-entretenimiento","16":"tag-es","17":"tag-espana","18":"tag-explora","19":"tag-fotografia","20":"tag-luanconatur","21":"tag-naturaleza","22":"tag-ponencias","23":"tag-spain","24":"tag-talleres"},"share_on_mastodon":{"url":"","error":""},"_links":{"self":[{"href":"https:\/\/www.europesays.com\/es\/wp-json\/wp\/v2\/posts\/128275","targetHints":{"allow":["GET"]}}],"collection":[{"href":"https:\/\/www.europesays.com\/es\/wp-json\/wp\/v2\/posts"}],"about":[{"href":"https:\/\/www.europesays.com\/es\/wp-json\/wp\/v2\/types\/post"}],"author":[{"embeddable":true,"href":"https:\/\/www.europesays.com\/es\/wp-json\/wp\/v2\/users\/2"}],"replies":[{"embeddable":true,"href":"https:\/\/www.europesays.com\/es\/wp-json\/wp\/v2\/comments?post=128275"}],"version-history":[{"count":0,"href":"https:\/\/www.europesays.com\/es\/wp-json\/wp\/v2\/posts\/128275\/revisions"}],"wp:featuredmedia":[{"embeddable":true,"href":"https:\/\/www.europesays.com\/es\/wp-json\/wp\/v2\/media\/128276"}],"wp:attachment":[{"href":"https:\/\/www.europesays.com\/es\/wp-json\/wp\/v2\/media?parent=128275"}],"wp:term":[{"taxonomy":"category","embeddable":true,"href":"https:\/\/www.europesays.com\/es\/wp-json\/wp\/v2\/categories?post=128275"},{"taxonomy":"post_tag","embeddable":true,"href":"https:\/\/www.europesays.com\/es\/wp-json\/wp\/v2\/tags?post=128275"}],"curies":[{"name":"wp","href":"https:\/\/api.w.org\/{rel}","templated":true}]}}