{"id":128277,"date":"2025-09-20T21:55:34","date_gmt":"2025-09-20T21:55:34","guid":{"rendered":"https:\/\/www.europesays.com\/es\/128277\/"},"modified":"2025-09-20T21:55:34","modified_gmt":"2025-09-20T21:55:34","slug":"aviles-getxo-pamplona-y-diario-sur","status":"publish","type":"post","link":"https:\/\/www.europesays.com\/es\/128277\/","title":{"rendered":"Avil\u00e9s, Getxo, Pamplona y\u2026 | Diario Sur"},"content":{"rendered":"<p>&#8216;Vi\u00f1etarama&#8217; es una newsletter cultural, y gutural, con el c\u00f3mic como columna vertebral que est\u00e1 escrita por el historietista y periodista Borja Crespo. Llega  &#8230; cada tercer mi\u00e9rcoles del mes a tu buz\u00f3n y, si te gusta, puedes compartirla. \u00a1Gracias por leer!<\/p>\n<p class=\"v-p\">Vuelta al ruedo tras el siempre fugaz verano, donde todo se para un poco. El c\u00f3mic est\u00e1 de nuevo en primera l\u00ednea de fuego. Estos d\u00edas no faltan los eventos en torno a las vi\u00f1etas, uno detr\u00e1s de otro, con la correspondiente avalancha de novedades, semanales y mensuales. Muchas editoriales no paran la maquinaria en \u00e9poca estival para cumplir con las periodicidades anunciadas. De hecho, vengo de las Jornadas de C\u00f3mic de Avil\u00e9s, el para\u00edso de los cazadores de aut\u00f3grafos, donde se pod\u00eda conseguir, en vivo y en directo, una firma de los autores de &#8216;Absolute Martian Manhunter&#8217;, reci\u00e9n salido del horno de Panini. Javier Rodr\u00edguez, el dibujante de uno de los tebeos de grapa del momento, y Deniz Camp, su guionista, estuvieron en la localidad asturiana compartiendo su experiencia profesional con los aficionados. Dif\u00edcil que el a\u00f1o que viene esta aplaudida obra no se lleve alg\u00fan premio Eisner, que quede por escrito. Ambos autores mostraron su buena sinton\u00eda y reivindicaron la importancia de compartir y debatir ideas para enriquecer un proyecto creativo conjunto, una manera de trabajar, cercana y entregada, poco habitual en el \u00e1mbito de los superh\u00e9roes.<\/p>\n<p><img decoding=\"async\" loading=\"lazy\" src=\"https:\/\/www.europesays.com\/es\/wp-content\/uploads\/2025\/09\/nw7-1-1920-kebG-U2302985526221dYF-650x455@RC.jpg\" class=\"v-a-img\" width=\"650\" height=\"455\" alt=\"\" data-voc-vtm-id=\"in-text-traffic\"\/><\/p>\n<p><img loading=\"lazy\" decoding=\"async\" src=\"https:\/\/www.europesays.com\/es\/wp-content\/uploads\/2025\/09\/nw7-1-1920.jpg\" class=\"v-mdl__img-z\" width=\"1920\" height=\"1344\" alt=\"\"\/><\/p>\n<p class=\"v-p\">Avil\u00e9s se caracteriza por reunir a un ej\u00e9rcito de fans cuya fidelidad -y activismo- es indiscutible. El contacto directo con los artistas es el principal reclamo de una cita entra\u00f1able que consigue llenar hasta arriba las diferentes charlas que programa a lo largo de pr\u00e1cticamente una intensa semana de vi\u00f1etas y comida asturiana. L\u00e1pices y patatas al cabrales. Entre otros primeros espadas, pudimos escuchar al mism\u00edsimo Garth Ennis, una debilidad del que esto escribe (s\u00ed, me gusta hasta &#8216;Crossed&#8217;, y mucho). En las Jornadas se firman servilletas de bar, funkos y cualquier superficie imaginable. El p\u00fablico est\u00e1 en todo momento a favor de obra. El \u00fanico problema, que nadie esconde, es la escasa renovaci\u00f3n de la audiencia, masculina en un 99 %, con una edad provecta. Vamos pintando canas, un escollo extensible a otros eventos especializados que no encuentran un relevo generacional, o sencillamente no lo buscan.<\/p>\n<p><img decoding=\"async\" loading=\"lazy\" src=\"https:\/\/www.europesays.com\/es\/wp-content\/uploads\/2025\/09\/nw7-2-650-kebG-U230298552622103H-650x455@RC.jpg\" class=\"v-a-img\" width=\"650\" height=\"455\" alt=\"\" data-voc-vtm-id=\"in-text-traffic\"\/><\/p>\n<p><img loading=\"lazy\" decoding=\"async\" src=\"https:\/\/www.europesays.com\/es\/wp-content\/uploads\/2025\/09\/nw7-2-650.jpg\" class=\"v-mdl__img-z\" width=\"1920\" height=\"1344\" alt=\"\"\/><\/p>\n<p class=\"v-p\">Desde el pasado d\u00eda 5 de septiembre, hasta el d\u00eda 28 de este mes, se celebra el Sal\u00f3n del C\u00f3mic de Navarra, organizado por TIZA, con invitados, actividades y, sobre todo, potent\u00edsimas exposiciones, entre ellas las dedicadas a Manuel Brieva, Javier Olivares, Irene M\u00e1rquez, Magius o Genie Espinosa, autora del cartel de este a\u00f1o, entre otras propuestas de inter\u00e9s. Pamplona acoge una edici\u00f3n, expandida en el tiempo, que cuida al m\u00e1ximo su oferta. En el festival de Sitges tendremos una nueva muestra que relacionar\u00e1 el c\u00f3mic y el cine. La culpa ser\u00e1 m\u00eda, una vez m\u00e1s, y el tema, sumamente atractivo: comedia y terror. En la pr\u00f3xima newsletter, a toro pasado, dar\u00e9 m\u00e1s pistas. Mi labor como gestor cultural, toca publirreportaje, sigue vinculada en parte, por este a\u00f1o, al Sal\u00f3n del C\u00f3mic de Getxo, cuya excelsa imagen ha perge\u00f1ado la siempre enigm\u00e1tica Laura P\u00e9rez. Toca reivindicar la calidad y originalidad de los carteles que han representado el festival a lo largo de 23 ediciones, ah\u00ed es nada, con algunos hits brutales (no ha habido nada igual al p\u00f3ster firmado por el maestro Be\u00e0). La programaci\u00f3n getxotarra anuncia la presencia de nombres propios afianzados en el medio, acompa\u00f1ados de talentos emergentes: Paco Roca, Jon Mikel Ba\u00f1ales, Irene M\u00e1rquez, Raquel Gu, Rub\u00e9n Pellejero, Be\u00f1at Olea, Sebas Mart\u00edn, Marika Vila, Fernando Blanco, \u00c1lvaro Mart\u00ednez Bueno, Mamen Moreu\u2026 El sarao promete, aunque lo diga el menda lerenda. Tendr\u00e1 lugar del 3 al 5 de octubre. Ah\u00ed nos vemos.<\/p>\n<p>&#8230; M\u00e1laga<\/p>\n<p class=\"v-p\">Cap\u00edtulo aparte merece la inminente Comic-Con de M\u00e1laga, donde tambi\u00e9n har\u00e9 acto de presencia para seguir midiendo el pulso al panorama festivalero, del 25 al 28 de septiembre, un mes que se nos escapa entre los dedos. Los grandes medios est\u00e1n sufriendo cierto s\u00edndrome de adanismo con este fen\u00f3meno, como si antes no hubieran existido eventos nacionales con el c\u00f3mic por bandera, algunos con varias d\u00e9cadas a sus espaldas. Desde luego, ninguno con tantas ayudas institucionales. Tal y como \u00edbamos aventurando en este bolet\u00edn dedicado al maravilloso mundo de los tebeos, los aficionados al arte secuencial estamos, crucemos los dedos, sonriendo, porque aparentemente hay m\u00e1s vi\u00f1etas de lo esperado. <\/p>\n<p><img decoding=\"async\" loading=\"lazy\" src=\"https:\/\/www.europesays.com\/es\/wp-content\/uploads\/2025\/09\/nw7-3-650-kebG-U2302985526221kpE-650x455@RC.jpg\" class=\"v-a-img\" width=\"650\" height=\"455\" alt=\"\" data-voc-vtm-id=\"in-text-traffic\"\/><\/p>\n<p><img loading=\"lazy\" decoding=\"async\" src=\"https:\/\/www.europesays.com\/es\/wp-content\/uploads\/2025\/09\/nw7-3-650.jpg\" class=\"v-mdl__img-z\" width=\"1920\" height=\"1344\" alt=\"\"\/><\/p>\n<p class=\"v-p\">La teor\u00eda de este juntaletras es que han tenido que rellenar la programaci\u00f3n con temas vinculados a la historieta, ya que trabajar con tan poco margen con posibles invitados del medio audiovisual es harto complicado. As\u00ed, hay anunciados unos cuantos nombres de inter\u00e9s: Jim Lee, Simon Bisley, Emma R\u00edos, Natacha Bustos, Kelly Sue DeConnick, Matt Fraction, la tropa de The Green Room&#8230; El problema quiz\u00e1s sea que los compradores compulsivos de funkos y devoradores de videos de influencers en TikTok igual no ven satisfechas sus discutibles necesidades (viendo las reservas que se han agotado de los encuentros, podemos imaginar por d\u00f3nde van los tiros). Schwarzenegger es uno de los grandes invitados, habl\u00e9 de ello <a href=\"https:\/\/www.google.com\/url?q=https:\/\/www.elcorreo.com\/culturas\/tv\/borja-crespo-schwarzenegger-20250907002807-ntrc.html&amp;sa=D&amp;source=docs&amp;ust=1758291461435002&amp;usg=AOvVaw20qc5EVF7u5IJuLLMejj9T\" target=\"_blank\" data-voc-vtm-id=\"in-text-traffic\" title=\"aqu\u00ed\" data-mrf-link=\"www.google.com\" rel=\"nofollow noopener\">aqu\u00ed<\/a>. La parrilla de \u00abpaneles\u00bb, le\u00e1se charlas de toda la vida, se antoja un popurr\u00ed con m\u00e1s de una ponencia con t\u00edtulo de taller de academia de arte de los a\u00f1os 90, pero vamos a ser positivos y pensar que todo lo dedicado a las vi\u00f1etas va a funcionar, llegando a una audiencia diferente. Laura P\u00e9rez, David Rub\u00edn, Bel\u00e9n Ortega y Jorge Jim\u00e9nez han realizado cuatro carteles comiqueros para anunciar el acontecimiento. Un puntazo.<\/p>\n<p>Ricas recomendaciones<\/p>\n<p class=\"v-p\">En X, antes Twitter, donde estoy de fisg\u00f3n, hago alg\u00fan RT y poco m\u00e1s, le\u00ed hace unos d\u00edas una referencia a una eterna cuesti\u00f3n: \u00bfpor qu\u00e9 no hay cr\u00edticas negativas de tebeos? Haberlas, haylas, pero es un tema complicado, a debatir largo y tendido, que quiz\u00e1s retome con m\u00e1s enjundia en otro momento (apuntado queda). En esta newsletter, por ejemplo, se anima a la lectura, se recomienda y se subrayan las virtudes, porque si tuviera que citar uno de los peores tebeos que he le\u00eddo en tiempo, ser\u00eda probablemente obra de un conocido, y visto lo que cuesta currarse un c\u00f3mic, sin apenas recompensa por ello, econ\u00f3mica y emocional, solo falta que vengamos aqu\u00ed a ponerlo por los suelos, como si nos regalasen habitualmente el espacio en los medios&#8230; Como al cine, al que, proporcionalmente, se trata con bastante condescendencia, sobre todo si es nacional (la generaci\u00f3n de &#8216;hypes&#8217; es tremebunda). No tenemos en el \u00e1mbito de la historieta un fen\u00f3meno similar a &#8216;Sirat&#8217;. \u00bfLo estudiamos? Lanzada esta pregunta al aire, toca citar el reciente Premio Nacional, otorgado a Candela Sierra por &#8216;Lo sabes aunque no te lo he dicho&#8217; (Astiberri), una propuesta original y pegada a la realidad, con un estilo gr\u00e1fico que, probablemente, moleste a los fundamentalistas de las vi\u00f1etas, como ocurri\u00f3 con el galard\u00f3n del pasado a\u00f1o, bien defendido por la innovadora Bea Lema (ganas de ver el cortometraje animado basado en &#8216;El Cuerpo de Cristo&#8217;).<\/p>\n<p><img decoding=\"async\" loading=\"lazy\" src=\"https:\/\/www.europesays.com\/es\/wp-content\/uploads\/2025\/09\/nw7-4-650-kebG-U2302985526221M9H-650x455@RC.jpg\" class=\"v-a-img\" width=\"650\" height=\"455\" alt=\"\" data-voc-vtm-id=\"in-text-traffic\"\/><\/p>\n<p><img loading=\"lazy\" decoding=\"async\" src=\"https:\/\/www.europesays.com\/es\/wp-content\/uploads\/2025\/09\/nw7-4-650.jpg\" class=\"v-mdl__img-z\" width=\"1920\" height=\"1344\" alt=\"\"\/><\/p>\n<p class=\"v-p\">Candela Sierra, con su personal envoltorio, nos habla de la comunicaci\u00f3n y las emociones en los tiempos que corren, con una estructura narrativa muy especial. Ahora est\u00e1 de moda comentar que no hay que relacionar la pol\u00edtica con el arte, cuando es todo lo contrario. Inevitable. Que se lo digan a Alison Bechdel, la autora de &#8216;Fun Home&#8217;, de lectura obligatoria, cuyo \u00faltima novela gr\u00e1fica, &#8216;Consumida&#8217; (Reservoir Books), no se corta un pelo a la hora de hablar del capitalismo o el cambio clim\u00e1tico. Cr\u00edtica y diversi\u00f3n en un mundo, el nuestro, que cada d\u00eda se parece m\u00e1s a una distop\u00eda. Sigo en la misma l\u00ednea, aconsejando &#8216;Historia del arte en femenino&#8217; (Garbuix Books&#8217;), en cuyas p\u00e1ginas recuperan su espacio artistas silenciadas, pintoras, escultoras, fot\u00f3grafas y creadoras audiovisuales. Marion Augustin y Sara Colaone firman un recorrido \u00e1gil, bajo una medida perspectiva de g\u00e9nero que aporta una visi\u00f3n diferente de hechos hist\u00f3ricos en el terreno del arte. &#8216;Roncas&#8217; (Grafito Editorial), por su parte, cuenta, con un agradecido sentido del humor, las tribulaciones de una treinta\u00f1era que busca una relaci\u00f3n a trav\u00e9s de Internet. Elva Lombard\u00eda se llev\u00f3 el Premio &#8216;Josep Sanchis Grau&#8217; de c\u00f3mic, de los Premios Literarios &#8216;Ciutat de Val\u00e8ncia&#8217;, con esta propuesta fresca y dicharachera.<\/p>\n<p><img decoding=\"async\" loading=\"lazy\" src=\"https:\/\/www.europesays.com\/es\/wp-content\/uploads\/2025\/09\/nw7-5-650-kebG-U2302985526221i-650x455@RC.jpg\" class=\"v-a-img\" width=\"650\" height=\"455\" alt=\"\" data-voc-vtm-id=\"in-text-traffic\"\/><\/p>\n<p><img loading=\"lazy\" decoding=\"async\" src=\"https:\/\/www.europesays.com\/es\/wp-content\/uploads\/2025\/09\/nw7-5-650.jpg\" class=\"v-mdl__img-z\" width=\"1920\" height=\"1344\" alt=\"\"\/><\/p>\n<p class=\"v-p\">Cambio de tercio con un &#8216;cross-over&#8217; que fusiona dos franquicias, &#8216;AVA&#8217;, l\u00e9ase &#8216;Aliens vs. Avengers&#8217;. Una lectura ideal, ahora que podemos consumir la serie &#8216;Alien Earth&#8217; en &#8216;streaming&#8217;. Por cierto, me est\u00e1 sorprendiendo para bien. <a href=\"https:\/\/www.google.com\/url?q=https:\/\/www.elcorreo.com\/pantallas\/borja-crespo-alien-nunca-20250831000237-ntrc.html&amp;sa=D&amp;source=docs&amp;ust=1758291461435408&amp;usg=AOvVaw3SGbHFTv0AGHl32iDgCODk\" target=\"_blank\" data-voc-vtm-id=\"in-text-traffic\" title=\"Aqu\u00ed \" data-mrf-link=\"www.google.com\" rel=\"nofollow noopener\">Aqu\u00ed <\/a>pod\u00e9is leer mi defensa. El c\u00f3mic, con un aspecto visual rese\u00f1able, abanderado por Panini, est\u00e1 escrito por Jonathan Hickman e ilustrado por Esad Ribi\u0107. Ver a los Vengadores peg\u00e1ndose con los xenomorfos nunca est\u00e1 de m\u00e1s. Y hablando de mamporros en grado m\u00e1ximo, Moztros ya tiene otra novedad del gigante Godzilla en cat\u00e1logo, bajo el t\u00edtulo &#8216;Aqu\u00ed hay dragones&#8217;. Un relato de \u00e9poca, que transcurre en alta mar, para el regocijo de los fans del carism\u00e1tico monstruo. Para quien prefiera el horror, la inquietud y la perversidad en la ficci\u00f3n, Hideshi Hino nunca falla. La C\u00fapula nos trae otra de sus obras de perturbador trazo, &#8216;Mandala, princesa de las tinieblas&#8217;, protagonizada por una ni\u00f1a muy peculiar que ve cosas terribles, inaccesibles para el resto de los humanos.<\/p>\n<p class=\"v-p\">Una referencia te\u00f3rica, &#8216;Frederik Peeters. Cuesti\u00f3n de escala&#8217;, escrita por Yexus, uno de los grandes divulgadores de nuestra historieta. El periodista c\u00e1ntabro estudia la obra y milagros de un autor esencial en la historia del concepto novela gr\u00e1fica. Spaceman Project est\u00e1 detr\u00e1s de la edici\u00f3n. Astiberri ha lanzado &#8216;El otro mundo&#8217;, obra de inter\u00e9s inspirada en la experiencia real de la Misi\u00f3n Pedag\u00f3gica desarrollada en varios pueblos de la Alpujarra granadina en agosto de 1933, entre cuyos miembros se encontraban el m\u00edtico cineasta Jos\u00e9 Val del Omar y el escritor y poeta Antonio S\u00e1nchez Barbudo. Firman el curro, al alim\u00f3n, Enrique Bonet y Joaqu\u00edn L\u00f3pez Cruces, planteando una reflexi\u00f3n necesaria sobre el choque cultural entre la tradici\u00f3n y la modernidad. &#8216;El maravilloso mundo de Amazon&#8217;, un volumen publicado por Norma, con varios creadores en la portada, re\u00fane los c\u00f3mics y art\u00edculos aparecidos en la publicaci\u00f3n francesa La revue dessin\u00e9e y el peri\u00f3dico digital Mediapart. Periodismo gr\u00e1fico en busca de la verdad sobre el gigante de la venta online.<\/p>\n<p><img decoding=\"async\" loading=\"lazy\" src=\"https:\/\/www.europesays.com\/es\/wp-content\/uploads\/2025\/09\/nw7-6-1920-kebG-U23029855262218MI-650x455@RC.jpg\" class=\"v-a-img\" width=\"650\" height=\"455\" alt=\"\" data-voc-vtm-id=\"in-text-traffic\"\/><\/p>\n<p><img loading=\"lazy\" decoding=\"async\" src=\"https:\/\/www.europesays.com\/es\/wp-content\/uploads\/2025\/09\/nw7-6-650.jpg\" class=\"v-mdl__img-z\" width=\"1920\" height=\"1344\" alt=\"\"\/><\/p>\n<p class=\"v-p\">Ojo, que vuelven los ya legendarios Sos\u00f3n Goku y Vegetal en &#8216;Dragon Fall Returns&#8217;, con Nacho Fern\u00e1ndez a los mandos. El regreso de la serie par\u00f3dica multiventas, que marc\u00f3 a m\u00e1s de una generaci\u00f3n, ofrece una desternillante haza\u00f1a completamente in\u00e9dita. En esta entrega tambi\u00e9n participan Enrique Vegas, Ricardo Peregrina y Norberto Fern\u00e1ndez, con el patrocinio de Dolmen. Atenci\u00f3n tambi\u00e9n a &#8216;No es mi trabajo&#8217;, el \u00faltimo lanzamiento de Autsaider, con el inquieto Ata manejando el tim\u00f3n como editor incombustible. Ernesto Murillo &#8216;Simonides&#8217; y Jabier Etxagibel han perge\u00f1ando un buen c\u00f3ctel explosivo en tiempos de edadismo. La burocracia infinita y el deseo de jubilarse antes de tiempo acaba con el protagonista formando parte del cuerpo s\u00e9nior de la Ertzaintza en calidad de agente infiltrado. Con esta premisa no se puede pedir m\u00e1s. Cachondeo y mala baba.<\/p>\n<p>\u00a1Vamos al cine tambi\u00e9n! \u00a1Y a Kosm\u00f3polis!<\/p>\n<p class=\"v-p\">Para acabar, y que sirva como precedente, voy a recomendar una pel\u00edcula que est\u00e1 en la cartelera, reci\u00e9n estrenada: &#8216;Angelo en el bosque misterioso&#8217;, una deliciosa comedia de animaci\u00f3n infantil con mensaje que merece la pena ver en pantalla grande. De producci\u00f3n francesa, se present\u00f3 en el Festival de Cannes y en el Festival Internacional de Cine de Animaci\u00f3n de Annecy. <\/p>\n<p><img decoding=\"async\" loading=\"lazy\" src=\"https:\/\/www.europesays.com\/es\/wp-content\/uploads\/2025\/09\/nw7-7-650-kebG-U23029855262219AG-650x455@RC.jpg\" class=\"v-a-img\" width=\"650\" height=\"455\" alt=\"\" data-voc-vtm-id=\"in-text-traffic\"\/><\/p>\n<p><img loading=\"lazy\" decoding=\"async\" src=\"https:\/\/www.europesays.com\/es\/wp-content\/uploads\/2025\/09\/nw7-7-650.jpg\" class=\"v-mdl__img-z\" width=\"1920\" height=\"1344\" alt=\"\"\/><\/p>\n<p class=\"v-p\">El filme adapta el c\u00f3mic hom\u00f3nimo de Vincent Paronnaud, tambi\u00e9n conocido como Winshluss, Pepita de oro en el sal\u00f3n del libro joven de Montreuil en 2016. Estamos ante un divertido cuento que co-dirigen el propio Paronnaud (&#8216;Pers\u00e9polis&#8217;) y Alexis Ducord (&#8216;Zombill\u00e9nium&#8217;). El peque\u00f1o protagonista de la aventura sue\u00f1a con ser explorador y no le queda m\u00e1s remedio que meterse de lleno en su deseo cuando sale de viaje por carretera con su familia, para visitar a su querida abuela, y sus atolondrados padres pierden a su v\u00e1stago por el camino. Al pobre infante no le queda otra que cruzar un misterioso bosque repleto de criaturas fabulosas. Un despliegue de imaginaci\u00f3n fascinante. \u00a1Ah! Volver\u00e9 a hablar de Kosm\u00f3polis, que se celebra en el CCCB de Barcelona del 22 al 26 de octubre, porque a este ineludible festival de literatura amplificada van algunos nombres brutales del noveno arte, en colaboraci\u00f3n con C\u00f3mic Barcelona: Chris Ware, Art Spiegelman, Charles Burns, Keum Suk Gendry-Kim, Max, Mar\u00eda Medem, Ana Galva\u00f1&#8230; \u00a1Ah\u00ed estar\u00e9 moderando una de las nutritivas charlas! \u00a1Aplausos!<\/p>\n<p class=\"v-p\">\u00a1Nos leemos en un mes! \u00a1SALUD Y VI\u00d1ETAS!<\/p>\n","protected":false},"excerpt":{"rendered":"&#8216;Vi\u00f1etarama&#8217; es una newsletter cultural, y gutural, con el c\u00f3mic como columna vertebral que est\u00e1 escrita por el&hellip;\n","protected":false},"author":2,"featured_media":20028,"comment_status":"","ping_status":"","sticky":false,"template":"","format":"standard","meta":{"footnotes":""},"categories":[172],"tags":[13849,224,146,147,25,24,3978,225,1358,23],"class_list":{"0":"post-128277","1":"post","2":"type-post","3":"status-publish","4":"format-standard","5":"has-post-thumbnail","7":"category-libros","8":"tag-aviles","9":"tag-books","10":"tag-entertainment","11":"tag-entretenimiento","12":"tag-es","13":"tag-espana","14":"tag-getxo","15":"tag-libros","16":"tag-pamplona","17":"tag-spain"},"share_on_mastodon":{"url":"","error":""},"_links":{"self":[{"href":"https:\/\/www.europesays.com\/es\/wp-json\/wp\/v2\/posts\/128277","targetHints":{"allow":["GET"]}}],"collection":[{"href":"https:\/\/www.europesays.com\/es\/wp-json\/wp\/v2\/posts"}],"about":[{"href":"https:\/\/www.europesays.com\/es\/wp-json\/wp\/v2\/types\/post"}],"author":[{"embeddable":true,"href":"https:\/\/www.europesays.com\/es\/wp-json\/wp\/v2\/users\/2"}],"replies":[{"embeddable":true,"href":"https:\/\/www.europesays.com\/es\/wp-json\/wp\/v2\/comments?post=128277"}],"version-history":[{"count":0,"href":"https:\/\/www.europesays.com\/es\/wp-json\/wp\/v2\/posts\/128277\/revisions"}],"wp:featuredmedia":[{"embeddable":true,"href":"https:\/\/www.europesays.com\/es\/wp-json\/wp\/v2\/media\/20028"}],"wp:attachment":[{"href":"https:\/\/www.europesays.com\/es\/wp-json\/wp\/v2\/media?parent=128277"}],"wp:term":[{"taxonomy":"category","embeddable":true,"href":"https:\/\/www.europesays.com\/es\/wp-json\/wp\/v2\/categories?post=128277"},{"taxonomy":"post_tag","embeddable":true,"href":"https:\/\/www.europesays.com\/es\/wp-json\/wp\/v2\/tags?post=128277"}],"curies":[{"name":"wp","href":"https:\/\/api.w.org\/{rel}","templated":true}]}}