{"id":128278,"date":"2025-09-20T21:56:16","date_gmt":"2025-09-20T21:56:16","guid":{"rendered":"https:\/\/www.europesays.com\/es\/128278\/"},"modified":"2025-09-20T21:56:16","modified_gmt":"2025-09-20T21:56:16","slug":"la-voz-sorprende-en-su-estreno-en-antena-3-con-una-inedita-mecanica-y-el-debut-de-su-nuevo-coach","status":"publish","type":"post","link":"https:\/\/www.europesays.com\/es\/128278\/","title":{"rendered":"&#8216;La Voz&#8217; sorprende en su estreno en Antena 3 con una in\u00e9dita mec\u00e1nica y el debut de su nuevo &#8216;coach&#8217;"},"content":{"rendered":"\n<p> Convertido ya en uno de los grandes cl\u00e1sicos de la televisi\u00f3n, <a href=\"https:\/\/www.elconfidencial.com\/television\/programas-tv\/2025-09-11\/la-voz-fecha-estreno-nueva-temporada-antena3_4206666\/\" target=\"_self\" rel=\"nofollow noopener\">La Voz<\/a> arranc\u00f3 su duod\u00e9cima temporada este viernes, 19 de septiembre, en <a href=\"https:\/\/www.elconfidencial.com\/television\/programas-tv\/2025-09-19\/sonsoles-onega-revelacion-pilar-vidal-companeras-antena-3_4212859\/\" target=\"_self\" rel=\"nofollow noopener\">Antena 3<\/a>, reafirmando su liderazgo en la noche de los viernes. En su estreno, <strong>el talent show musical lider\u00f3 frente a <a href=\"https:\/\/www.elconfidencial.com\/television\/programas-tv\/2025-09-20\/carlo-costanzia-de-viernes-memorias-mar-flores-amparo-justicia_4212992\/\" target=\"_self\" rel=\"nofollow noopener\">\u00a1De viernes!<\/a> <\/strong>con un buen 15,3% de cuota de pantalla y 1.152.000 espectadores en su emisi\u00f3n. <\/p>\n<p> Entre sus novedades, la m\u00e1s visible, el nuevo coach del formato.<strong> <a href=\"https:\/\/www.elconfidencial.com\/television\/programas-tv\/2024-10-26\/mika-asesor-revelacion-debut-la-voz-antena-3-shock_3991257\/\" target=\"_self\" rel=\"nofollow noopener\">Mika<\/a> se sentaba en uno de los ic\u00f3nicos sof\u00e1s giratorios del programa,<\/strong> tras pasar como asesor en la anterior edici\u00f3n, para seleccionar a las voces m\u00e1s especiales y potentes del pa\u00eds. Asimismo, el &#8216;megabloqueo&#8217; y el &#8216;bot\u00f3n del arrepentimiento&#8217; tambi\u00e9n prometen hacer saltar las chispas entre el brit\u00e1nico y Mal\u00fa, Sebasti\u00e1n Yatra y Pablo L\u00f3pez. <\/p>\n<p> No obstante, el programa presentado por Eva Gonz\u00e1lez present\u00f3 una in\u00e9dita mec\u00e1nica que sorprendi\u00f3 tanto a los cantantes como a los coaches. <strong>Bajo el reto de &#8216;llego y canto&#8217;,<\/strong> La Voz escog\u00eda a uno de los aspirantes que no era seleccionado en la fase de castings para subirse al escenario del formato y, sin saberlo, improvisar una actuaci\u00f3n para entrar en el concurso. <\/p>\n<p> El primero que se jug\u00f3 su paso al programa, con los ojos vendados y sin saber que se encontraba en el plat\u00f3 de Antena 3, fue Jonny Vandell, de 21 a\u00f1os. Acompa\u00f1ado por su hermano hasta el set principal de La Voz, el joven no pudo ocultar su emoci\u00f3n <strong>por estar finalmente en las audiciones a ciegas del formato.<\/strong> <\/p>\n<blockquote class=\"twitter-tweet\">\n<p lang=\"es\" dir=\"ltr\">Lo que viene es MUY FUERTE. <br \/>Imaginaos levantaros por la ma\u00f1ana sin tener ni idea de que vais a acabar cantando en directo en el escenario de <a href=\"https:\/\/twitter.com\/hashtag\/LaVozEstreno?src=hash&amp;ref_src=twsrc%5Etfw\" rel=\"nofollow noopener\" target=\"_blank\">#LaVozEstreno<\/a>. Pues as\u00ed es el \u00abllego y canto\u00bb. \u00bfOs atrever\u00edais?<\/p>\n<p>Directo \u25b6\ufe0f <a href=\"https:\/\/t.co\/y3TEIjIo0b\" rel=\"nofollow\">https:\/\/t.co\/y3TEIjIo0b<\/a> <a href=\"https:\/\/t.co\/yOiFTc9Pqg\" rel=\"nofollow\">pic.twitter.com\/yOiFTc9Pqg<\/a><\/p>\n<p>\u2014 La Voz (@LaVozAntena3) <a href=\"https:\/\/twitter.com\/LaVozAntena3\/status\/1969143610256842935?ref_src=twsrc%5Etfw\" rel=\"nofollow noopener\" target=\"_blank\">September 19, 2025<\/a><\/p><\/blockquote>\n<p> Despu\u00e9s de que Eva Gonz\u00e1lez le explicase la mec\u00e1nica de &#8216;llego y canto&#8217;, Jonny opt\u00f3 por interpretar la canci\u00f3n Yellow de Coldplay, acompa\u00f1ado de una guitarra. Para su sorpresa,<strong> los cuatro coaches decid\u00edan girarse para contar con su voz<\/strong> para sus equipos, decant\u00e1ndose finalmente por Sebasti\u00e1n Yatra. <\/p>\n<p>              <img decoding=\"async\" class=\"inTextNews__img\" alt=\"Foto: dardo-hormiguero-malu-la-voz-1qrt\" src=\"https:\/\/www.europesays.com\/es\/wp-content\/uploads\/2025\/09\/f.elconfidencial.com\/original\/130\/fbf\/66e\/130fbf66e4f67df53e3eb100d4bc074a.png\"  \/>     <\/p>\n<p>TE PUEDE INTERESAR<\/p>\n<p>      <a class=\"inTextNews__title\" href=\"https:\/\/www.elconfidencial.com\/television\/programas-tv\/2025-09-11\/dardo-hormiguero-malu-la-voz-1qrt_4206851\/\" onclick=\"window.ECCO.emit(&#039;amplitude&#039;, { dataEventName: &#039;click_related_article_module&#039;, data: { related_article_url: &#039;https:\/\/www.elconfidencial.com\/television\/programas-tv\/2025-09-11\/dardo-hormiguero-malu-la-voz-1qrt_4206851\/&#039;, related_article_author: &#039;Laura Lezama&#039;, related_article_section: &#039;programas-tv&#039; } })\" rel=\"nofollow noopener\" target=\"_blank\"> \u00abComo se ponen &#8216;jartibles&#8217; e intensos&#8230;\u00bb: el dardo de Mal\u00fa a sus compa\u00f1eros en la nueva temporada de &#8216;La voz&#8217; <\/a>   <\/p>\n<p>    El Confidencial   <\/p>\n<p> \u00abCuando saliste, no s\u00e9 si ya te conoc\u00edan de antes o pensaban que eras el hombre m\u00e1s guapo del mundo, \u00bfqu\u00e9 pas\u00f3?\u00bb, espet\u00f3 el colombiano, preguntando por los aplausos que se escucharon antes de que comenzase a cantar. <strong>\u00abEsto es un artista conocido\u00bb,<\/strong> lleg\u00f3 a comentar tambi\u00e9n Mal\u00fa, que tampoco comprendi\u00f3 la reacci\u00f3n inicial del p\u00fablico a su entrada. <\/p>\n<p> Convertido ya en uno de los grandes cl\u00e1sicos de la televisi\u00f3n, <a href=\"https:\/\/www.elconfidencial.com\/television\/programas-tv\/2025-09-11\/la-voz-fecha-estreno-nueva-temporada-antena3_4206666\/\" target=\"_self\" rel=\"nofollow noopener\">La Voz<\/a> arranc\u00f3 su duod\u00e9cima temporada este viernes, 19 de septiembre, en <a href=\"https:\/\/www.elconfidencial.com\/television\/programas-tv\/2025-09-19\/sonsoles-onega-revelacion-pilar-vidal-companeras-antena-3_4212859\/\" target=\"_self\" rel=\"nofollow noopener\">Antena 3<\/a>, reafirmando su liderazgo en la noche de los viernes. En su estreno, <strong>el talent show musical lider\u00f3 frente a <a href=\"https:\/\/www.elconfidencial.com\/television\/programas-tv\/2025-09-20\/carlo-costanzia-de-viernes-memorias-mar-flores-amparo-justicia_4212992\/\" target=\"_self\" rel=\"nofollow noopener\">\u00a1De viernes!<\/a> <\/strong>con un buen 15,3% de cuota de pantalla y 1.152.000 espectadores en su emisi\u00f3n. <\/p>\n<p>              <script async src=\"https:\/\/platform.twitter.com\/widgets.js\" charset=\"utf-8\"><\/script><\/p>\n","protected":false},"excerpt":{"rendered":"Convertido ya en uno de los grandes cl\u00e1sicos de la televisi\u00f3n, La Voz arranc\u00f3 su duod\u00e9cima temporada este&hellip;\n","protected":false},"author":2,"featured_media":128279,"comment_status":"","ping_status":"","sticky":false,"template":"","format":"standard","meta":{"footnotes":""},"categories":[171],"tags":[146,147,25,24,23,214],"class_list":{"0":"post-128278","1":"post","2":"type-post","3":"status-publish","4":"format-standard","5":"has-post-thumbnail","7":"category-tv","8":"tag-entertainment","9":"tag-entretenimiento","10":"tag-es","11":"tag-espana","12":"tag-spain","13":"tag-tv"},"share_on_mastodon":{"url":"","error":""},"_links":{"self":[{"href":"https:\/\/www.europesays.com\/es\/wp-json\/wp\/v2\/posts\/128278","targetHints":{"allow":["GET"]}}],"collection":[{"href":"https:\/\/www.europesays.com\/es\/wp-json\/wp\/v2\/posts"}],"about":[{"href":"https:\/\/www.europesays.com\/es\/wp-json\/wp\/v2\/types\/post"}],"author":[{"embeddable":true,"href":"https:\/\/www.europesays.com\/es\/wp-json\/wp\/v2\/users\/2"}],"replies":[{"embeddable":true,"href":"https:\/\/www.europesays.com\/es\/wp-json\/wp\/v2\/comments?post=128278"}],"version-history":[{"count":0,"href":"https:\/\/www.europesays.com\/es\/wp-json\/wp\/v2\/posts\/128278\/revisions"}],"wp:featuredmedia":[{"embeddable":true,"href":"https:\/\/www.europesays.com\/es\/wp-json\/wp\/v2\/media\/128279"}],"wp:attachment":[{"href":"https:\/\/www.europesays.com\/es\/wp-json\/wp\/v2\/media?parent=128278"}],"wp:term":[{"taxonomy":"category","embeddable":true,"href":"https:\/\/www.europesays.com\/es\/wp-json\/wp\/v2\/categories?post=128278"},{"taxonomy":"post_tag","embeddable":true,"href":"https:\/\/www.europesays.com\/es\/wp-json\/wp\/v2\/tags?post=128278"}],"curies":[{"name":"wp","href":"https:\/\/api.w.org\/{rel}","templated":true}]}}