{"id":128309,"date":"2025-09-20T22:15:07","date_gmt":"2025-09-20T22:15:07","guid":{"rendered":"https:\/\/www.europesays.com\/es\/128309\/"},"modified":"2025-09-20T22:15:07","modified_gmt":"2025-09-20T22:15:07","slug":"sporting-resumen-resultado-y-goles","status":"publish","type":"post","link":"https:\/\/www.europesays.com\/es\/128309\/","title":{"rendered":"Sporting: resumen, resultado y goles"},"content":{"rendered":"<p> \u00daltima hora y resultado del Almer\u00eda &#8211; Sporting<\/p>\n<p class=\"ue-c-article__paragraph \"><strong>\u00a1MUY BUENAS TARDES A TODOS!<\/strong> Bienvenidos al directo de este atractivo duelo entre <strong>Almer\u00eda y Sporting de Gij\u00f3n<\/strong>, correspondiente a una nueva jornada de <strong>LaLiga Hypermotion<\/strong>, donde ambos equipos llegan necesitados de puntos y con la mirada puesta en los puestos altos de la clasificaci\u00f3n. El <strong>UD Almer\u00eda Stadium<\/strong> ser\u00e1 el escenario de un choque lleno de urgencias, tensi\u00f3n y emoci\u00f3n, con dos conjuntos que no atraviesan su mejor momento y que buscar\u00e1n reencontrarse con la victoria. <strong>\u00a1A partir de las 21:00 horas, el bal\u00f3n comenzar\u00e1 a rodar en tierras almerienses!<\/strong><\/p>\n<p class=\"ue-c-article__paragraph \">El <strong>Almer\u00eda<\/strong>, dirigido por <strong>Rubi<\/strong>, todav\u00eda no ha conseguido celebrar una victoria en casa esta temporada y suma ya <strong>tres jornadas consecutivas sin conocer el triunfo<\/strong>. Con solo <strong>cinco puntos<\/strong> en su casillero, los rojiblancos afrontan este partido con la presi\u00f3n de no fallar ante su gente, en un estadio que a\u00fan espera celebrar su primer triunfo del curso. Eso s\u00ed, el t\u00e9cnico almeriense podr\u00e1 contar pr\u00e1cticamente con <strong>toda su plantilla por primera vez en la temporada<\/strong>: recupera a <strong>Baba y Soko<\/strong>, mientras que <strong>Chumi ser\u00e1 la \u00fanica baja confirmada<\/strong>. La duda reside ahora en c\u00f3mo Rubi armar\u00e1 un once que necesita ganar confianza y recuperar la identidad de juego que lo llev\u00f3 a ilusionar en tramos pasados.<\/p>\n<p class=\"ue-c-article__paragraph \">Enfrente estar\u00e1 el <strong>Sporting de Gij\u00f3n<\/strong>, otro de los aspirantes al ascenso que tampoco pasa por su mejor momento. Los de <strong>Asier Garitano<\/strong> acumulan <strong>dos derrotas consecutivas<\/strong> y llegan al sur con el objetivo de frenar la ca\u00edda y sumar de tres en un estadio en el que hist\u00f3ricamente han alternado resultados. Con bajas sensibles como las de <strong>Eric Curbelo, Mamadou Loum, Jes\u00fas Bernal y Amadou Matar<\/strong>, el t\u00e9cnico vasco podr\u00eda repetir el bloque que compiti\u00f3 ante el Burgos, apostando por la solidez defensiva y la velocidad por bandas con <strong>Dubasin <\/strong>y <strong>Gaspar Campos<\/strong> como principales amenazas. <strong>Juan Otero<\/strong> apunta nuevamente a liderar el ataque.<\/p>\n<p class=\"ue-c-article__paragraph \"><strong>Almer\u00eda y Sporting se juegan mucho m\u00e1s que tres puntos<\/strong>: se juegan el estado an\u00edmico, la credibilidad de sus proyectos y el impulso necesario para engancharse a la lucha por el ascenso. Ser\u00e1 un partido de alta tensi\u00f3n, de duelos intensos y con mucho en juego en cada bal\u00f3n dividido.<\/p>\n<p class=\"ue-c-article__paragraph \"><strong>\u00a1No te lo puedes perder! Desde MARCA.com te llevaremos la mejor previa, el an\u00e1lisis detallado y la narraci\u00f3n minuto a minuto de este apasionante Almer\u00eda vs Sporting. \u00a1ARRANCAMOS!<\/strong><\/p>\n","protected":false},"excerpt":{"rendered":"\u00daltima hora y resultado del Almer\u00eda &#8211; Sporting \u00a1MUY BUENAS TARDES A TODOS! Bienvenidos al directo de este&hellip;\n","protected":false},"author":2,"featured_media":128310,"comment_status":"","ping_status":"","sticky":false,"template":"","format":"standard","meta":{"footnotes":""},"categories":[268],"tags":[168,25,24,280,282,281,23,167],"class_list":{"0":"post-128309","1":"post","2":"type-post","3":"status-publish","4":"format-standard","5":"has-post-thumbnail","7":"category-futbol","8":"tag-deportes","9":"tag-es","10":"tag-espana","11":"tag-football","12":"tag-futbol","13":"tag-soccer","14":"tag-spain","15":"tag-sports"},"share_on_mastodon":{"url":"","error":""},"_links":{"self":[{"href":"https:\/\/www.europesays.com\/es\/wp-json\/wp\/v2\/posts\/128309","targetHints":{"allow":["GET"]}}],"collection":[{"href":"https:\/\/www.europesays.com\/es\/wp-json\/wp\/v2\/posts"}],"about":[{"href":"https:\/\/www.europesays.com\/es\/wp-json\/wp\/v2\/types\/post"}],"author":[{"embeddable":true,"href":"https:\/\/www.europesays.com\/es\/wp-json\/wp\/v2\/users\/2"}],"replies":[{"embeddable":true,"href":"https:\/\/www.europesays.com\/es\/wp-json\/wp\/v2\/comments?post=128309"}],"version-history":[{"count":0,"href":"https:\/\/www.europesays.com\/es\/wp-json\/wp\/v2\/posts\/128309\/revisions"}],"wp:featuredmedia":[{"embeddable":true,"href":"https:\/\/www.europesays.com\/es\/wp-json\/wp\/v2\/media\/128310"}],"wp:attachment":[{"href":"https:\/\/www.europesays.com\/es\/wp-json\/wp\/v2\/media?parent=128309"}],"wp:term":[{"taxonomy":"category","embeddable":true,"href":"https:\/\/www.europesays.com\/es\/wp-json\/wp\/v2\/categories?post=128309"},{"taxonomy":"post_tag","embeddable":true,"href":"https:\/\/www.europesays.com\/es\/wp-json\/wp\/v2\/tags?post=128309"}],"curies":[{"name":"wp","href":"https:\/\/api.w.org\/{rel}","templated":true}]}}