{"id":128318,"date":"2025-09-20T22:21:10","date_gmt":"2025-09-20T22:21:10","guid":{"rendered":"https:\/\/www.europesays.com\/es\/128318\/"},"modified":"2025-09-20T22:21:10","modified_gmt":"2025-09-20T22:21:10","slug":"el-dia-que-fast-furious-6-convirtio-tenerife-en-escenario-de-su-persecucion-mas-famosa","status":"publish","type":"post","link":"https:\/\/www.europesays.com\/es\/128318\/","title":{"rendered":"El d\u00eda que &#8216;Fast &#038; Furious 6&#8217; convirti\u00f3 Tenerife en escenario de su persecuci\u00f3n m\u00e1s famosa"},"content":{"rendered":"<p> La conocida pel\u00edcula <strong><a href=\"https:\/\/www.diariodeavisos.com\/2012\/09\/coches-fast-furious-6-en-boxes-tenerife\/\" rel=\"nofollow noopener\" target=\"_blank\">Fast &amp; Furious 6<\/a><\/strong> se estren\u00f3 en 2013, pero m\u00e1s de una d\u00e9cada despu\u00e9s siguen siendo recordadas las espectaculares secuencias grabadas en <strong>Tenerife<\/strong>.<\/p>\n<p>La producci\u00f3n de la sexta entrega de la saga viaj\u00f3 a distintos puntos del mundo entre julio y diciembre de 2012. En octubre, parte del rodaje se traslad\u00f3 a <strong>Canarias<\/strong>, despu\u00e9s de que la productora descartara Marsella (Francia), atra\u00edda por los incentivos fiscales que les supon\u00edan un ahorro estimado de <strong>20 millones de d\u00f3lares<\/strong>.<\/p>\n<p>Una autopista en obras como escenario<\/p>\n<p>La escena m\u00e1s destacada de Fast &amp; Furious 6 en la Isla se grab\u00f3 en la <strong>TF-1, en Adeje<\/strong>, en dos tramos de autopista en construcci\u00f3n de 5 y 10 kil\u00f3metros, respectivamente. <\/p>\n<p>En este punto se recre\u00f3 el asalto a un convoy militar por parte del personaje de Owen Shaw y su equipo, que desencadenaba una persecuci\u00f3n a gran velocidad encabezada por Dom (Vin Diesel), Brian (Paul Walker) y el resto del grupo.<\/p>\n<p>El rodaje incluy\u00f3 un<strong> tanque dise\u00f1ado espec\u00edficamente para la secuencia<\/strong>, fabricado en una versi\u00f3n ligera con torretas m\u00f3viles. Este veh\u00edculo alcanzaba los <strong>113 kil\u00f3metros por hora<\/strong> y disparaba p\u00f3lvora negra mientras destru\u00eda coches reales, lo que permiti\u00f3 registrar las im\u00e1genes sin necesidad de efectos visuales a\u00f1adidos para los aplastamientos.<\/p>\n<p>Otras localizaciones de Tenerife en \u2018Fast &amp; Furious 6\u2019 <\/p>\n<p>Adem\u00e1s de Adeje, la grabaci\u00f3n de Fast &amp; Furious 6 se extendi\u00f3 a municipios como <strong>Gu\u00eda de Isora, Santiago del Teide, San Juan de la Rambla, Garachico, Icod de los Vinos<\/strong> y <strong>Buenavista del Norte<\/strong>.<\/p>\n<p>En este \u00faltimo, el tramo entre Buenavista y Punta de Teno <strong>(carretera TF-445<\/strong>) fue utilizado para rodar escenas de persecuci\u00f3n junto a la costa. El t\u00fanel de <strong>Punta de Teno<\/strong> y el entorno de Garachico tambi\u00e9n sirvieron como escenarios para distintas secuencias.<\/p>\n<p>En el norte de la Isla, varias carreteras y paisajes fueron adaptados para representar otras localizaciones de la trama, mientras que el equipo t\u00e9cnico aprovech\u00f3 que algunos tramos se encontraban cerrados al tr\u00e1fico para rodar con libertad y seguridad.<\/p>\n<p>Seg\u00fan Tenerife Film Commission y fuentes locales, el rodaje de Fast &amp; Furious 6 incluy\u00f3 una <strong>finca platanera <\/strong>pr\u00f3xima a San Juan de la Rambla,<strong> conocida como \u201cLas Ca\u00f1as\u201d<\/strong>, que fue acondicionada para representar la casa de Brian O\u2019Connor (Paul Walker) en la pel\u00edcula. <\/p>\n<p>En paralelo, <strong>Garachico<\/strong> se utiliz\u00f3 como punto de apoyo log\u00edstico y escenario para distintos planos de la producci\u00f3n Fast &amp; Furious 6.<\/p>\n<p>El salto convertido en meme<\/p>\n<p>La \u00fanica parte rodada con efectos digitales fue el salto en el que <strong>Dom rescata a Letty (Michelle Rodr\u00edguez)<\/strong> en pleno aire desde su Dodge Daytona. <\/p>\n<p>La inverosimilitud de la escena la convirti\u00f3 en un <strong>meme viral<\/strong>, sobre todo a ra\u00edz de un sketch de la webserie peruana Los cin\u00e9filos, en el que el actor Manuel Gold protagoniza un fragmento titulado \u201cEl peor d\u00eda de mi vida\u201d.<\/p>\n<p>En este v\u00eddeo, el personaje de Gold se queja tras comprar una copia de la pel\u00edcula con subt\u00edtulos y doblaje en castellano, dando lugar a una interpretaci\u00f3n que se difundi\u00f3 ampliamente en redes sociales y termin\u00f3 asoci\u00e1ndose para siempre a esta c\u00e9lebre secuencia de la saga dirigida por Justin Lin.<\/p>\n","protected":false},"excerpt":{"rendered":"La conocida pel\u00edcula Fast &amp; Furious 6 se estren\u00f3 en 2013, pero m\u00e1s de una d\u00e9cada despu\u00e9s siguen&hellip;\n","protected":false},"author":2,"featured_media":128319,"comment_status":"","ping_status":"","sticky":false,"template":"","format":"standard","meta":{"footnotes":""},"categories":[169],"tags":[177,146,147,25,24,176,175,23],"class_list":{"0":"post-128318","1":"post","2":"type-post","3":"status-publish","4":"format-standard","5":"has-post-thumbnail","7":"category-cine","8":"tag-cine","9":"tag-entertainment","10":"tag-entretenimiento","11":"tag-es","12":"tag-espana","13":"tag-film","14":"tag-movies","15":"tag-spain"},"share_on_mastodon":{"url":"","error":""},"_links":{"self":[{"href":"https:\/\/www.europesays.com\/es\/wp-json\/wp\/v2\/posts\/128318","targetHints":{"allow":["GET"]}}],"collection":[{"href":"https:\/\/www.europesays.com\/es\/wp-json\/wp\/v2\/posts"}],"about":[{"href":"https:\/\/www.europesays.com\/es\/wp-json\/wp\/v2\/types\/post"}],"author":[{"embeddable":true,"href":"https:\/\/www.europesays.com\/es\/wp-json\/wp\/v2\/users\/2"}],"replies":[{"embeddable":true,"href":"https:\/\/www.europesays.com\/es\/wp-json\/wp\/v2\/comments?post=128318"}],"version-history":[{"count":0,"href":"https:\/\/www.europesays.com\/es\/wp-json\/wp\/v2\/posts\/128318\/revisions"}],"wp:featuredmedia":[{"embeddable":true,"href":"https:\/\/www.europesays.com\/es\/wp-json\/wp\/v2\/media\/128319"}],"wp:attachment":[{"href":"https:\/\/www.europesays.com\/es\/wp-json\/wp\/v2\/media?parent=128318"}],"wp:term":[{"taxonomy":"category","embeddable":true,"href":"https:\/\/www.europesays.com\/es\/wp-json\/wp\/v2\/categories?post=128318"},{"taxonomy":"post_tag","embeddable":true,"href":"https:\/\/www.europesays.com\/es\/wp-json\/wp\/v2\/tags?post=128318"}],"curies":[{"name":"wp","href":"https:\/\/api.w.org\/{rel}","templated":true}]}}