{"id":128335,"date":"2025-09-20T22:34:10","date_gmt":"2025-09-20T22:34:10","guid":{"rendered":"https:\/\/www.europesays.com\/es\/128335\/"},"modified":"2025-09-20T22:34:10","modified_gmt":"2025-09-20T22:34:10","slug":"zverev-es-un-lastre-para-europa-y-de-minaur-iguala-la-laver-cup","status":"publish","type":"post","link":"https:\/\/www.europesays.com\/es\/128335\/","title":{"rendered":"Zverev es un lastre para Europa y De Mi\u00f1aur iguala la Laver Cup"},"content":{"rendered":"<p data-mrf-recirculation=\"Links P\u00e1rrafos\" class=\"ue-c-article__paragraph paragraph\"><strong>Alexander Zverev,<\/strong>\u00a0n\u00famero tres del ranking ATP, <strong>no ha respondido a la confianza de Yannick Noah, el capit\u00e1n europeo de la Laver Cup<\/strong>. El alem\u00e1n, en su sexta participaci\u00f3n en el torneo entre un combinado de Europa y del Resto del Mundo, <strong>cedi\u00f3 con estr\u00e9pito ante Alex de Mi\u00f1aur, el octavo de las listas, por 6-1 y 6-4.<\/strong><\/p>\n<p data-mrf-recirculation=\"Links P\u00e1rrafos\" class=\"ue-c-article__paragraph paragraph\"><strong>Ni rastro en el Chase Center de San Francisco del Zverev que tiene el r\u00e9cord de puntos en la competici\u00f3n, con un total de 21<\/strong>. Se le escap\u00f3 su tercer individual de los nueve disputados.\u00a0<\/p>\n<p data-mrf-recirculation=\"Links P\u00e1rrafos\" class=\"ue-c-article__paragraph paragraph\">De Mi\u00f1aur,<strong> a pesar de haber llegado desde Sidney, donde fue uno de los se\u00f1alados en el traspi\u00e9 de Australia en el playoff de la Copa Davis frente a B\u00e9lgica<\/strong>, mostr\u00f3 m\u00e1s chispa y m\u00e1s ganas de ganar que su v\u00edctima. Su capit\u00e1n Andre Agassi alucin\u00f3 con su rapidez de piernas. Era la quinta victoria ante un &#8216;top3&#8217; mundial.\u00a0<\/p>\n<p data-mrf-recirculation=\"Links P\u00e1rrafos\" class=\"ue-c-article__paragraph paragraph\">Una volea larga de Sascha en el s\u00e9ptimo juego del segundo set significaba la rotura de Alex y <strong>parec\u00eda acelerar el desenlace ante la alegr\u00eda de la grada, que se ha puesto en el papel de animar a los jugadores vestidos de rojo<\/strong>. El australiano perdi\u00f3 el saque inmediatamente despu\u00e9s, pero supo sentenciar.<\/p>\n<p><img decoding=\"async\" width=\"1333\" height=\"2000\" class=\"ue-c-article__image lazyload\" alt=\"Zverev intenta llegar a una pelota.\" loading=\"lazy\" src=\"https:\/\/www.europesays.com\/es\/wp-content\/uploads\/2025\/09\/68cf1d2fc24b1.jpeg\"\/><\/p>\n<p>Zverev intenta llegar a una pelota.JOHN G. MABANGLO<\/p>\n<p>M\u00e1xima igualdad<\/p>\n<p data-mrf-recirculation=\"Links P\u00e1rrafos\" class=\"ue-c-article__paragraph paragraph\">La consecuencia inmediata de la derrota de Zverev\u00a0<strong>es que el marcador de la Laver Cup 2025 se iguala a tres puntos<\/strong>. Faltan tres partidos por disputarse en la segunda jornada y cada uno de ellos vale dos puntos m\u00e1s: <strong>Holger Rune ante Fran Cer\u00fandolo, Carlos Alcaraz con Taylor Fritz y Casper Ruud y otra vez Rune ante De Mi\u00f1aur y Alex Michelsen<\/strong>.\u00a0<\/p>\n","protected":false},"excerpt":{"rendered":"Alexander Zverev,\u00a0n\u00famero tres del ranking ATP, no ha respondido a la confianza de Yannick Noah, el capit\u00e1n europeo&hellip;\n","protected":false},"author":2,"featured_media":128336,"comment_status":"","ping_status":"","sticky":false,"template":"","format":"standard","meta":{"footnotes":""},"categories":[274],"tags":[168,25,24,23,167,327,326],"class_list":{"0":"post-128335","1":"post","2":"type-post","3":"status-publish","4":"format-standard","5":"has-post-thumbnail","7":"category-tenis","8":"tag-deportes","9":"tag-es","10":"tag-espana","11":"tag-spain","12":"tag-sports","13":"tag-tenis","14":"tag-tennis"},"share_on_mastodon":{"url":"","error":""},"_links":{"self":[{"href":"https:\/\/www.europesays.com\/es\/wp-json\/wp\/v2\/posts\/128335","targetHints":{"allow":["GET"]}}],"collection":[{"href":"https:\/\/www.europesays.com\/es\/wp-json\/wp\/v2\/posts"}],"about":[{"href":"https:\/\/www.europesays.com\/es\/wp-json\/wp\/v2\/types\/post"}],"author":[{"embeddable":true,"href":"https:\/\/www.europesays.com\/es\/wp-json\/wp\/v2\/users\/2"}],"replies":[{"embeddable":true,"href":"https:\/\/www.europesays.com\/es\/wp-json\/wp\/v2\/comments?post=128335"}],"version-history":[{"count":0,"href":"https:\/\/www.europesays.com\/es\/wp-json\/wp\/v2\/posts\/128335\/revisions"}],"wp:featuredmedia":[{"embeddable":true,"href":"https:\/\/www.europesays.com\/es\/wp-json\/wp\/v2\/media\/128336"}],"wp:attachment":[{"href":"https:\/\/www.europesays.com\/es\/wp-json\/wp\/v2\/media?parent=128335"}],"wp:term":[{"taxonomy":"category","embeddable":true,"href":"https:\/\/www.europesays.com\/es\/wp-json\/wp\/v2\/categories?post=128335"},{"taxonomy":"post_tag","embeddable":true,"href":"https:\/\/www.europesays.com\/es\/wp-json\/wp\/v2\/tags?post=128335"}],"curies":[{"name":"wp","href":"https:\/\/api.w.org\/{rel}","templated":true}]}}