{"id":128344,"date":"2025-09-20T22:39:09","date_gmt":"2025-09-20T22:39:09","guid":{"rendered":"https:\/\/www.europesays.com\/es\/128344\/"},"modified":"2025-09-20T22:39:09","modified_gmt":"2025-09-20T22:39:09","slug":"estaban-tirandose-de-los-pelos","status":"publish","type":"post","link":"https:\/\/www.europesays.com\/es\/128344\/","title":{"rendered":"Estaban tir\u00e1ndose de los pelos"},"content":{"rendered":"<p class=\"c-paragraph\">El pasado s\u00e1bado, <b>Laura Matamoros y Mar Torres protagonizaron un fuerte enfrentamiento<\/b> mientras disfrutaban de un concierto en un festival de m\u00fasica electr\u00f3nica. Un confidente ha desvelado para\u00a0\u00a1Vaya fama!\u00a0lo ocurrido entre las influencers.<\/p>\n<p class=\"c-paragraph\">Seg\u00fan la persona an\u00f3nima, el suceso se produjo el pasado fin de semana en el\u00a0<b>Grooves Festival\u00a0en la Aut\u00f3noma<\/b>. Laura Matamoros y Mar Torres se encontraban muy cerca <b>disfrutando del concierto con sus respectivos amigos.\u00a0<\/b><\/p>\n<p class=\"c-paragraph\">\u00abLaura fue a saludar a Mar y en ese momento <b>empez\u00f3 a decirle que era una falsa y que no entend\u00eda por qu\u00e9 se acercaba a saludarla si la odiaba\u00bb<\/b>, desvela el confidente en los mensajes con el programa de Telecinco.<\/p>\n<p class=\"c-paragraph\">Seg\u00fan el testigo, <b>Matamoros le dijo &#8216;vete a tomar por culo&#8217; y \u00abMar se fue a por ella\u00bb<\/b>. \u00abLa verdad es que fue todo rapid\u00edsimo, pero de repente estaban pele\u00e1ndose heavy, <b>tir\u00e1ndose del pelo\u00bb<\/b>, cuenta el confidente, que asegura que <b>\u00abtuvieron que meterse como ocho o diez personas a separarlas\u00bb.<\/b><\/p>\n<p class=\"c-paragraph\">\u00abLaura acab\u00f3 con una calva en la cabeza y la otra no se qued\u00f3 calva pero <b>las extensiones que llevaba terminaron tiradas por el suelo.<\/b> Con lo pij\u00edsimas que parecen, <b>no nos esper\u00e1bamos verlas como dos pandilleras\u00bb,<\/b> concluye el testigo de forma an\u00f3nima.\u00a0<\/p>\n","protected":false},"excerpt":{"rendered":"El pasado s\u00e1bado, Laura Matamoros y Mar Torres protagonizaron un fuerte enfrentamiento mientras disfrutaban de un concierto en&hellip;\n","protected":false},"author":2,"featured_media":128345,"comment_status":"","ping_status":"","sticky":false,"template":"","format":"standard","meta":{"footnotes":""},"categories":[174],"tags":[255,24296,146,160,147,25,24,256,5514,3459,15185,23],"class_list":{"0":"post-128344","1":"post","2":"type-post","3":"status-publish","4":"format-standard","5":"has-post-thumbnail","7":"category-famosos","8":"tag-celebrities","9":"tag-enfrentamiento","10":"tag-entertainment","11":"tag-entre","12":"tag-entretenimiento","13":"tag-es","14":"tag-espana","15":"tag-famosos","16":"tag-fuerte","17":"tag-laura","18":"tag-matamoros","19":"tag-spain"},"share_on_mastodon":{"url":"","error":""},"_links":{"self":[{"href":"https:\/\/www.europesays.com\/es\/wp-json\/wp\/v2\/posts\/128344","targetHints":{"allow":["GET"]}}],"collection":[{"href":"https:\/\/www.europesays.com\/es\/wp-json\/wp\/v2\/posts"}],"about":[{"href":"https:\/\/www.europesays.com\/es\/wp-json\/wp\/v2\/types\/post"}],"author":[{"embeddable":true,"href":"https:\/\/www.europesays.com\/es\/wp-json\/wp\/v2\/users\/2"}],"replies":[{"embeddable":true,"href":"https:\/\/www.europesays.com\/es\/wp-json\/wp\/v2\/comments?post=128344"}],"version-history":[{"count":0,"href":"https:\/\/www.europesays.com\/es\/wp-json\/wp\/v2\/posts\/128344\/revisions"}],"wp:featuredmedia":[{"embeddable":true,"href":"https:\/\/www.europesays.com\/es\/wp-json\/wp\/v2\/media\/128345"}],"wp:attachment":[{"href":"https:\/\/www.europesays.com\/es\/wp-json\/wp\/v2\/media?parent=128344"}],"wp:term":[{"taxonomy":"category","embeddable":true,"href":"https:\/\/www.europesays.com\/es\/wp-json\/wp\/v2\/categories?post=128344"},{"taxonomy":"post_tag","embeddable":true,"href":"https:\/\/www.europesays.com\/es\/wp-json\/wp\/v2\/tags?post=128344"}],"curies":[{"name":"wp","href":"https:\/\/api.w.org\/{rel}","templated":true}]}}