{"id":128350,"date":"2025-09-20T22:42:12","date_gmt":"2025-09-20T22:42:12","guid":{"rendered":"https:\/\/www.europesays.com\/es\/128350\/"},"modified":"2025-09-20T22:42:12","modified_gmt":"2025-09-20T22:42:12","slug":"no-me-faltes-el-respeto-2","status":"publish","type":"post","link":"https:\/\/www.europesays.com\/es\/128350\/","title":{"rendered":"No me faltes el respeto"},"content":{"rendered":"<p>Despu\u00e9s de ser el <a href=\"https:\/\/eltelevisero.huffingtonpost.es\/2025\/09\/supervivientes-expulsa-a-kike-calleja-de-forma-directa-y-lo-que-hace-antes-de-irse-siembra-la-polemica\/\" data-type=\"link\" data-id=\"https:\/\/eltelevisero.huffingtonpost.es\/2025\/09\/supervivientes-expulsa-a-kike-calleja-de-forma-directa-y-lo-que-hace-antes-de-irse-siembra-la-polemica\/\" rel=\"nofollow noopener\" target=\"_blank\">primer expulsado de &#8216;Supervivientes All Stars&#8217;<\/a>, Kike Calleja ha vuelto a los plat\u00f3s de televisi\u00f3n y este s\u00e1bado se reencontraba con sus compa\u00f1eros de &#8216;Fiesta&#8217;. Ha sido entonces cuando el colaborador se ha enfrentado con Miguel Frigenti por las cr\u00edticas que le ha hecho sobre todo a su mujer. <\/p>\n<p>\u00abMejor te ir\u00eda en tu vida si tuvieras un amigo como yo que no te hace la pelota como estos. Yo de todas formas quiero decir una cosa. Si Telecinco hace en el futuro Supervivientes All Fracasados que obviamente te llamar\u00e1n, yo me comprometo y que quede aqu\u00ed claro, que yo de manera gratuita me voy a las galas a defenderte para evitar que salgas el primero\u00bb, empezaba diciendo Miguel Frigenti. <\/p>\n<p>Tras escuchar a su compa\u00f1ero y ver el v\u00eddeo de las cr\u00edticas que ha recibido, Kike Calleja no se quedaba callado. \u00ab<strong>Me pareces\u00a0un odiador profesional, yo nunca te he tenido como buena persona porque has traicionado a todos tus amigos<\/strong>. Te voy a decir que cuando has hablado de mi defensora, de mi mujer, yo te pedir\u00eda que los dardos a m\u00ed,\u00a0a mi mujer la dejamos a un lado\u00bb, empezaba pidi\u00e9ndole. <\/p>\n<p>\u00abCuando tu novio te tuvo que defender de cosas indefendibles, que adem\u00e1s le faltabas el respeto en los realitys, al rev\u00e9s le tuvimos que defender a \u00e9l de ti\u00bb, a\u00f1ad\u00eda Kike Calleja al respecto antes de darle donde m\u00e1s le pod\u00eda doler a su compa\u00f1ero. \u00abDices que yo no valgo como concursante de\u00a0realities, pero t<strong>\u00fa no vales como colaborador del coraz\u00f3n porque nunca traes una pu\u00f1etera exclusiva.\u00a0Tienes veneno en la sangre y muchos complejos<\/strong>\u00ab, sentenciaba. <\/p>\n<p>Miguel Frigenti le para los pies a Kike Calleja en &#8216;Fiesta&#8217; <\/p>\n<p><img loading=\"lazy\" decoding=\"async\" width=\"1200\" height=\"675\" src=\"data:image\/svg+xml,%3Csvg%20xmlns=\" http:=\"\" alt=\"\" class=\"wp-image-896040\" data-lazy- data-lazy- data-lazy-src=\"https:\/\/www.europesays.com\/es\/wp-content\/uploads\/2025\/09\/fiesta-20s-min.jpg\"\/><\/p>\n<p>Unas palabras que provocaban un estruendoso aplauso del p\u00fablico de &#8216;Fiesta&#8217;. \u00ab<strong>Yo s\u00e9 perfectamente que qui\u00e9n dice verdades pierde amistades. Yo soy una persona sincera, que comento de manera honesta.<\/strong> Yo no valgo para hablar de la casa Real, y t\u00fa no vales para hacer realitys\u00bb, se defend\u00eda <a href=\"https:\/\/eltelevisero.huffingtonpost.es\/2025\/09\/alexia-rivas-y-miguel-frigenti-desmontan-la-estrategia-de-alejandro-albala-en-supervivientes-all-stars\/\" data-type=\"link\" data-id=\"https:\/\/eltelevisero.huffingtonpost.es\/2025\/09\/alexia-rivas-y-miguel-frigenti-desmontan-la-estrategia-de-alejandro-albala-en-supervivientes-all-stars\/\" rel=\"nofollow noopener\" target=\"_blank\">Miguel Frigenti.<\/a> \u00ab<strong>Por algo me han llevado a mi y no a ti porque a lo mejor no te quieren porque no das el juego que iba a dar yo\u00bb<\/strong>, le espetaba Kike a su compa\u00f1ero. <\/p>\n<p>\u00abSi me han llamado o no es algo que se queda para m\u00ed. Y luego me parece muy sucio compa\u00f1ero, que vas de bueno, pero aqu\u00ed estamos para comentar tu reality, el m\u00edo ya acab\u00f3 y mi novio lo hizo de manera impoluta. Yo no tir\u00e9 ning\u00fan dardo a tu defensora, dije que estaba enfadada\u00bb, a\u00f1ad\u00eda Frigenti. \u00ab\u00bfSabes por qu\u00e9 est\u00e1 enfadada? por gente como t\u00fa que <strong>solo dec\u00eds maldades porque en tu cuerpo solo te corre el veneno<\/strong>\u00ab, insist\u00eda. <\/p>\n<p>\u00ab\u00bfTienes alg\u00fan complejo? Porque como dices que yo me he quejado de gordito y tal. Yo me he quedado porque luego hay gente que verdaderamente sufre esos comentarios\u00bb, le recriminaba Kike Calleja. \u00abYo no tengo ning\u00fan complejo y no voy a entrar en tu juego. Yo fui la primera persona que\u00a0censur\u00e9 a Noel por llamarte gordito, as\u00ed que no te pases de listo. Yo comento\u00a0realities\u00a0y he comentado coraz\u00f3n durante cinco a\u00f1os, as\u00ed que<strong> te pido por favor que\u00a0no me faltes al respeto meti\u00e9ndote con mi trabajo<\/strong>\u00ab, conclu\u00eda Firgenti. <\/p>\n","protected":false},"excerpt":{"rendered":"Despu\u00e9s de ser el primer expulsado de &#8216;Supervivientes All Stars&#8217;, Kike Calleja ha vuelto a los plat\u00f3s de&hellip;\n","protected":false},"author":2,"featured_media":128351,"comment_status":"","ping_status":"","sticky":false,"template":"","format":"standard","meta":{"footnotes":""},"categories":[171],"tags":[146,147,25,24,23,214],"class_list":{"0":"post-128350","1":"post","2":"type-post","3":"status-publish","4":"format-standard","5":"has-post-thumbnail","7":"category-tv","8":"tag-entertainment","9":"tag-entretenimiento","10":"tag-es","11":"tag-espana","12":"tag-spain","13":"tag-tv"},"share_on_mastodon":{"url":"","error":""},"_links":{"self":[{"href":"https:\/\/www.europesays.com\/es\/wp-json\/wp\/v2\/posts\/128350","targetHints":{"allow":["GET"]}}],"collection":[{"href":"https:\/\/www.europesays.com\/es\/wp-json\/wp\/v2\/posts"}],"about":[{"href":"https:\/\/www.europesays.com\/es\/wp-json\/wp\/v2\/types\/post"}],"author":[{"embeddable":true,"href":"https:\/\/www.europesays.com\/es\/wp-json\/wp\/v2\/users\/2"}],"replies":[{"embeddable":true,"href":"https:\/\/www.europesays.com\/es\/wp-json\/wp\/v2\/comments?post=128350"}],"version-history":[{"count":0,"href":"https:\/\/www.europesays.com\/es\/wp-json\/wp\/v2\/posts\/128350\/revisions"}],"wp:featuredmedia":[{"embeddable":true,"href":"https:\/\/www.europesays.com\/es\/wp-json\/wp\/v2\/media\/128351"}],"wp:attachment":[{"href":"https:\/\/www.europesays.com\/es\/wp-json\/wp\/v2\/media?parent=128350"}],"wp:term":[{"taxonomy":"category","embeddable":true,"href":"https:\/\/www.europesays.com\/es\/wp-json\/wp\/v2\/categories?post=128350"},{"taxonomy":"post_tag","embeddable":true,"href":"https:\/\/www.europesays.com\/es\/wp-json\/wp\/v2\/tags?post=128350"}],"curies":[{"name":"wp","href":"https:\/\/api.w.org\/{rel}","templated":true}]}}