{"id":128363,"date":"2025-09-20T22:51:22","date_gmt":"2025-09-20T22:51:22","guid":{"rendered":"https:\/\/www.europesays.com\/es\/128363\/"},"modified":"2025-09-20T22:51:22","modified_gmt":"2025-09-20T22:51:22","slug":"fuerte-tormenta-en-zaragoza-y-granizo-en-algunos-pueblos-de-teruel-aragon-en-alerta","status":"publish","type":"post","link":"https:\/\/www.europesays.com\/es\/128363\/","title":{"rendered":"Fuerte tormenta en Zaragoza y granizo en algunos pueblos de Teruel: Arag\u00f3n, en alerta"},"content":{"rendered":"<p class=\"paragraph\">A primera hora de la noche de este s\u00e1bado<a href=\"https:\/\/www.heraldo.es\/multimedia\/videos\/aragon\/zaragoza\/fuerte-tormenta-en-zaragoza-este-sabado-20-de-septiembre\/\" title=\"Fuerte tormenta en Zaragoza este s\u00e1bado, 20 de septiembre\" rel=\"nofollow noopener\" target=\"_blank\"> un<b> fuerte aguacero<\/b> acompa\u00f1ado de<b> rel\u00e1mpagos y truenos<\/b> sorprend\u00eda a los zaragozanos.<\/a> Una <b>intensa cortina de agua <\/b>comenzaba a caer sobre las 22.00, sin rebajar su intensidad durante m\u00e1s de media hora, pero sin que se registraran incidencias de importancia en la ciudad.<\/p>\n<p class=\"paragraph\">Algunos <b>usuarios de la red social X<\/b> compartieron v\u00eddeos de la tromba de agua, que se dejaba notar en el aumento del caudal del r\u00edo Huerva o en algunas calles y parques inundados por la lluvia.<\/p>\n<p class=\"paragraph\">Adem\u00e1s, durante la tarde, algunos pueblos de la provincia de Teruel se vieron afectados por tormentas acompa\u00f1adas de <b>granizo, como ocurri\u00f3 en Castellote o\u00a0Abenfigo, en el Maestrazgo.<\/b><\/p>\n<p class=\"paragraph\">En la localidad de <a href=\"https:\/\/www.heraldo.es\/tags\/lugares\/mas_las_matas.html\" title=\"Mas de las Matas\" rel=\"nofollow noopener\" target=\"_blank\">Mas de las Matas<\/a> una\u00a0fuerte granizada ti\u00f1\u00f3 de blanco las calles, debido al tama\u00f1o de las los granizos que sorprendieron a los vecinos despu\u00e9s de que una lluvia intensa empezara a caer a partir de las 19.00, seg\u00fan el peri\u00f3dico La Comarca.<\/p>\n<p class=\"paragraph\">A unos pocos kil\u00f3metros, en <b>Castellote<\/b>, el granizo empez\u00f3 a caer a partir de las 19.45. Seg\u00fan los vecinos la tormenta dur\u00f3 entre media hora y 45 minutos. \u00abHan ca\u00eddo piedras peque\u00f1itas y piedras grandes mezcladas con agua, durante mucho rato\u00bb, ha explicado Andrea Puca. <b>\u00abHubo un momento que ya la calle estaba blanca\u00bb<\/b>, ha asegurado. En esta localidad no se han registrado da\u00f1os materiales, pero los campos se han visto afectados.<\/p>\n<p class=\"paragraph\">A primera hora de la ma\u00f1ana<b> el Ayuntamiento de la localidad ya hab\u00eda avisado a sus vecinos<\/b>, a trav\u00e9s de las redes sociales. El Consistorio solicitaba a los vecinos que \u201cante lo que pueda pasar, como siempre, desde el Ayuntamiento <b>os pedimos prudencia y precauci\u00f3n\u201d.<\/b><\/p>\n<p>En alerta<\/p>\n<p class=\"paragraph\">El Gobierno de Arag\u00f3n hab\u00eda activado desde las 12.00 el Plan Especial de Protecci\u00f3n Civil de Fen\u00f3menos Meteorol\u00f3gicos Adversos en fase de alerta debido <a href=\"https:\/\/www.heraldo.es\/noticias\/aragon\/2025\/09\/19\/activadas-alertas-naranja-lluvias-tormentas-pirineo-cinco-villas-1855367.html\" title=\"Activadas las alertas naranja por lluvias y tormentas en el Pirineo y las Cinco Villas\" rel=\"nofollow noopener\" target=\"_blank\">ante la posibilidad de que se registrasen precipitaciones de hasta 30 litros por metro cuadrado<\/a> en una hora y tormentas\u00a0 acompa\u00f1adas de granizo de grandes dimensiones y rachas muy fuertes de viento.<\/p>\n<p class=\"paragraph\">La Aemet preve\u00eda para este s\u00e1bado inestabilidad en la Pen\u00ednsula debido al <a href=\"https:\/\/www.heraldo.es\/noticias\/aragon\/2025\/09\/18\/llega-chorro-polar-espana-aragon-comunidades-mas-actividad-tormentosa-1854899.html\" title=\"Llega un chorro polar a Espa\u00f1a: &quot;Arag\u00f3n ser\u00e1 una de las comunidades con m\u00e1s actividad tormentosa&quot;\" rel=\"nofollow noopener\" target=\"_blank\">acercamiento de una vaguada<\/a> y a la entrada de un frente atl\u00e1ntico por el noroeste. As\u00ed, se esperaba que se oscurecieran los cielos de oeste a este y hubiera precipitaciones en la mitad norte y en las sierras del este, que pod\u00edan ser localmente fuertes y persistentes en el Cant\u00e1brico y el Pirineo occidental, donde se esperan que sean incluso muy fuertes.<\/p>\n<p class=\"paragraph\">En Arag\u00f3n, los avisos meteorol\u00f3gicos pod\u00edan materializarse a partir de las 14.00 y se prolongar\u00edan hasta la media noche en el <b>Pirineo oscense, las Cinco Villas, el Bajo Arag\u00f3n de Teruel y la zona norte de G\u00fadar y Maestrazgo<\/b>, donde se esperaban hasta 30 litros por metro cuadrado, con posibles tormentas que dejasen tambi\u00e9n granizo grande y rachas muy fuertes de viento. Preocupaba especialmente el Pirineo, donde pueden llegar a producirse tormentas que dejen hasta 60 litros en 12 horas y no hay que descartar intensidades localmente muy fuertes, y las Cinco Villas, donde pueden caer hasta 50 litros por metro cuadrado en ese periodo de 12 horas, seg\u00fan advierte Aemet.<\/p>\n<p class=\"paragraph\">Adem\u00e1s, en el centro y sur de Huesca las lluvias pueden dejar acumulados de hasta 20 litros por metro cuadrado en una hora. Quince en la Ib\u00e9rica zaragozana y la ribera del Ebro, aunque para estas zonas tambi\u00e9n se previene de posibles tormentas con granizo y viento muy fuerte a lo largo de la tarde. Misma predicci\u00f3n para las zonas de <b>Albarrac\u00edn, Jiloca y Teruel.<\/b><\/p>\n<p class=\"paragraph\">Para el domingo 21, la previsi\u00f3n de la Aemet se ci\u00f1e a la provincia de Huesca con aviso nivel amarillo por lluvias y tormentas en el Pirineo y, en la provincia de Zaragoza, el mismo nivel de aviso es para la comarca de Cinco Villas. La previsi\u00f3n de lluvias y tormentas es entre las 00.00 horas y las 18.00 horas.<\/p>\n<p>La CHE advierte de posibles crecidas s\u00fabitas en cauces y barrancos<\/p>\n<p class=\"paragraph\">La Confederaci\u00f3n Hidrogr\u00e1fica del Ebro intensifica la vigilancia y recuerda la posibilidad de crecidas s\u00fabitas importantes de car\u00e1cter local en barrancos y cauces menores en estas \u00e1reas.\u00a0Las comunidades aut\u00f3nomas en las pueden producirse las lluvias y crecidas torrenciales son las siguientes: Pa\u00eds Vasco (\u00c1lava), Castilla y Le\u00f3n (Burgos y Soria), La Rioja, Navarra y Arag\u00f3n (Huesca, Zaragoza y Teruel), durante la tarde y noche de la jornada de hoy s\u00e1bado 20\/09 y que se prolongar\u00e1 en la mitad este de la cuenca tambi\u00e9n durante la madrugada del 21.<\/p>\n<p class=\"paragraph\"><b> Desde la CHE se recomienda a los ciudadanos siempre seguir las recomendaciones de los servicios de protecci\u00f3n civil,<\/b> estar atentos a la evoluci\u00f3n de los datos meteorol\u00f3gicos e hidrol\u00f3gicos en la Agencia Estatal de Meteorolog\u00eda www.aemet.es y en el SAIH Ebro www.saihebro.com , as\u00ed como en la web www.chebro.es y en @CH_Ebro.<\/p>\n","protected":false},"excerpt":{"rendered":"A primera hora de la noche de este s\u00e1bado un fuerte aguacero acompa\u00f1ado de rel\u00e1mpagos y truenos sorprend\u00eda&hellip;\n","protected":false},"author":2,"featured_media":128364,"comment_status":"","ping_status":"","sticky":false,"template":"","format":"standard","meta":{"footnotes":""},"categories":[8],"tags":[3830,4499,17,18,25,24,13,14,21091,11,19,20,41429,9,10,15,16,23,12,8091,21,22],"class_list":{"0":"post-128363","1":"post","2":"type-post","3":"status-publish","4":"format-standard","5":"has-post-thumbnail","7":"category-espana","8":"tag-alerta","9":"tag-aragon","10":"tag-breaking-news","11":"tag-breakingnews","12":"tag-es","13":"tag-espana","14":"tag-featured-news","15":"tag-featurednews","16":"tag-granizo","17":"tag-headlines","18":"tag-latest-news","19":"tag-latestnews","20":"tag-llover","21":"tag-news","22":"tag-noticias","23":"tag-noticias-destacadas","24":"tag-noticiasdestacadas","25":"tag-spain","26":"tag-titulares","27":"tag-tormentas","28":"tag-ultimas-noticias","29":"tag-ultimasnoticias"},"share_on_mastodon":{"url":"","error":""},"_links":{"self":[{"href":"https:\/\/www.europesays.com\/es\/wp-json\/wp\/v2\/posts\/128363","targetHints":{"allow":["GET"]}}],"collection":[{"href":"https:\/\/www.europesays.com\/es\/wp-json\/wp\/v2\/posts"}],"about":[{"href":"https:\/\/www.europesays.com\/es\/wp-json\/wp\/v2\/types\/post"}],"author":[{"embeddable":true,"href":"https:\/\/www.europesays.com\/es\/wp-json\/wp\/v2\/users\/2"}],"replies":[{"embeddable":true,"href":"https:\/\/www.europesays.com\/es\/wp-json\/wp\/v2\/comments?post=128363"}],"version-history":[{"count":0,"href":"https:\/\/www.europesays.com\/es\/wp-json\/wp\/v2\/posts\/128363\/revisions"}],"wp:featuredmedia":[{"embeddable":true,"href":"https:\/\/www.europesays.com\/es\/wp-json\/wp\/v2\/media\/128364"}],"wp:attachment":[{"href":"https:\/\/www.europesays.com\/es\/wp-json\/wp\/v2\/media?parent=128363"}],"wp:term":[{"taxonomy":"category","embeddable":true,"href":"https:\/\/www.europesays.com\/es\/wp-json\/wp\/v2\/categories?post=128363"},{"taxonomy":"post_tag","embeddable":true,"href":"https:\/\/www.europesays.com\/es\/wp-json\/wp\/v2\/tags?post=128363"}],"curies":[{"name":"wp","href":"https:\/\/api.w.org\/{rel}","templated":true}]}}