{"id":128365,"date":"2025-09-20T22:52:08","date_gmt":"2025-09-20T22:52:08","guid":{"rendered":"https:\/\/www.europesays.com\/es\/128365\/"},"modified":"2025-09-20T22:52:08","modified_gmt":"2025-09-20T22:52:08","slug":"sevilla-este-sevilla-tiene-alma-1-2","status":"publish","type":"post","link":"https:\/\/www.europesays.com\/es\/128365\/","title":{"rendered":"Sevilla: Este Sevilla tiene alma (1-2)"},"content":{"rendered":"<p style=\"\">La segunda victoria de la temporada lleg\u00f3 en Mendizorroza, y en la jornada 5. Tres puntos extra en el casillero del <strong>Sevilla FC<\/strong>, que servir\u00e1n de red de supervivencia para el tramo liguero que se viene. Una victoria trabajada por todos y cada uno  &#8230; de los jugadores que pisaron el terreno de juego, y que s\u00f3lo emborron\u00f3 Marcao con el penalti que provoc\u00f3 en la primera mitad del encuentro. <\/p>\n<p class=\"voc-p\" style=\"\"><strong>Siete puntos de quince posibles<\/strong>. El resultado del trabajo de un equipo al que se le cataloga como inferior al del a\u00f1o pasado, pero que se ha reinventado apoy\u00e1ndose en el bloque y con un gran <strong>Rub\u00e9n Vargas<\/strong> capitaneando el ataque con muchos destellos de calidad. Y lo m\u00e1s importante, en esta ocasi\u00f3n, al grupo no se le vio temblar o pasar apuros. Al contrario, se pudo ver a un Sevilla con las ideas claras tanto con bal\u00f3n como sin \u00e9l. <\/p>\n<p class=\"voc-p\" style=\"\">Mat\u00edas Almeyda se present\u00f3 en Vitoria consciente de que s\u00f3lo los tres puntos mantendr\u00edan el estado de convivencia ideal en la que, aparentemente, vive el <strong>Sevilla FC<\/strong>. Para ello, sac\u00f3 un once en el que destac\u00f3 la presencia de <strong>Odysseas Vlachodimos<\/strong>. El portero griego debut\u00f3 como sevillista en <strong>Mendizorroza<\/strong> tras el mal partido de Nyland ante el Elche. <\/p>\n<p class=\"voc-p\" style=\"\">Vlachodimos no disputaba un partido oficial desde el pasado<strong> 17 de noviembre de 2024<\/strong> con su selecci\u00f3n, mientras que, a nivel de clubes, se remonta al 1 de octubre del mismo. Esto no fue un impedimento para que el meta firmara un partido decente, moviendo bien el bal\u00f3n con los pies y sin correr riesgos.<\/p>\n<p class=\"voc-p\" style=\"\">El duelo arranc\u00f3 pasado de revoluciones, con exceso de contacto y con la sensaci\u00f3n de que Marcao, capit\u00e1n del equipo, pod\u00eda meter en un l\u00edo a los suyos. A los tres minutos, derrib\u00f3 innecesariamente a Carlos Vicente con un placaje m\u00e1s apropiado del f\u00fatbol americano y no vio la amarilla de milagro. <\/p>\n<p class=\"voc-p\" style=\"\">Los de Almeyda salieron con hambre de gol y la primera ocasi\u00f3n la tuvo <strong>Alfon<\/strong> tras recibir un buen pase de Isaac, pero Sivera supo interceptar con solvencia al albacete\u00f1o, aunque el esf\u00e9rico sigui\u00f3 pase\u00e1ndose por el \u00e1rea peque\u00f1a y se march\u00f3 fuera por muy poco. El Sevilla empez\u00f3 a someter a su rival y a mandar sobre el c\u00e9sped de Mendizorroza. Una inercia que <strong>Rub\u00e9n Vargas<\/strong> aprovech\u00f3 y, tras recuperar la pelota en el centro del campo, corri\u00f3, regate\u00f3 y casi se desequilibr\u00f3, pero nadie pudo evitar el zurdazo con el que mand\u00f3 el bal\u00f3n a la escuadra de Sivera.<strong> Golazo del suizo<\/strong>, que vuelve a reivindicarse como el mejor del equipo. Tercer partido en el que el Sevilla consigue adelantarse primero. Logro desbloqueado.<\/p>\n<p class=\"voc-p\" style=\"\">No obstante, la alegr\u00eda fue ef\u00edmera, ya que inmediatamente despu\u00e9s del gol, Alfon pidi\u00f3 el cambio tras lesionarse en el tobillo, probablemente, en la jugada del despeje del meta babazorro.<strong> Alexis S\u00e1nchez tuvo que entrar por el albacete\u00f1o<\/strong> y, unos segundos despu\u00e9s de su entrada, <strong>Marcao<\/strong> consum\u00f3 lo que todos tem\u00edan. El central brasile\u00f1o, en un intento de interceptar a Carlos Vicente,<strong> lo derrib\u00f3 sin bal\u00f3n dentro del \u00e1rea sevillista<\/strong>. Pena m\u00e1xima y vuelta a la casilla de salida tras materializarla Carlos Vicente.<\/p>\n<p class=\"voc-title\">Alexis S\u00e1nchez sali\u00f3 por Alfon en el minuto 12 y result\u00f3 ser el MVP del partido <\/p>\n<p class=\"voc-p\" style=\"\">Le sent\u00f3 bien el gol a los de Coudet, que tuvo acercamientos peligrosos, pero no dio la impresi\u00f3n que estuviera metiendo en demasiados apuros al Sevilla. Poco a poco, los de Almeyda volvieron a encontrarle la espalda al Alav\u00e9s y a causarle problemas a la defensa rival. L\u00e1stima del<strong> gol en fuera de juego de Vargas<\/strong>, que aprovech\u00f3 un pase filtrado excelso de Marcao, pero el suizo estaba levemente adelantado y el tanto no subi\u00f3 al marcador. <\/p>\n<p class=\"voc-p\" style=\"\">Los \u00faltimos minutos de la primera mitad se desarrollaron entre la impotencia ofensiva del conjunto local y la sensaci\u00f3n de que al Sevilla se le estaba agotando la gasolina y que el cambio de Marcao se terciaba obligatorio durante el descanso. <\/p>\n<ul class=\"voc-list\">\n<li class=\"voc-list__item\">\n<strong>Deportivo Alav\u00e9s<\/strong><br \/>\nSivera; Johnny, Garc\u00e9s, Tenaglia, Diarr\u00e1 (Youssef, min. 71); Blanco, Denis Su\u00e1rez (Rebbach, min.71); Ale\u00f1\u00e1 (Iba\u00f1ez, min. 58), Guridi (Toni Mart\u00ednez, min. 58), Carlos Vicente; y Lucas Boy\u00e9 (Mariano, min. 71).\n<\/li>\n<li class=\"voc-list__item\">\n<strong>Sevilla FC<\/strong><br \/>\nVlachodimos; Carmona (Juanlu, min. 86), Azpilicueta, Nianzou (Gudelj, min.75), Marcao, Suazo; Mendy, Agoum\u00e9; Alfon (Alexis S\u00e1nchez, min. 12), Vargas (Akor, min. 74) e Isaac Romero (Peque, min. 86).\n<\/li>\n<li class=\"voc-list__item\">\n<strong>Goles<\/strong><br \/>\n0-1, m. 9 : Rub\u00e9n Vargas; 1-1, m.17: Carlos Vicente (p.); 1-2, m. 66: Alexis S\u00e1nchez.\n<\/li>\n<li class=\"voc-list__item\">\n<strong>\u00c1rbitro<\/strong><br \/>\nIosu Galech (Comit\u00e9 Navarro). Amonest\u00f3 a los visitantes Vargas, Nianzou, Mendy, Suazo, Vlachodimos, Peque y Azpilicueta y a los locales Coudet y Blanco.\n<\/li>\n<\/ul>\n<p class=\"voc-p\" style=\"\">Algo que no ocurri\u00f3 y los mismos once hombres salieron tras el intermedio por el lado del Sevilla. Sali\u00f3 enchufado el equipo, sacando el bal\u00f3n jugado con peligro y rondando el \u00e1rea rival. Se pudo ver a los pupilos de Almeyda jugando el bal\u00f3n con m\u00e1s inteligencia y con la pareja conformada por <strong>Agoum\u00e9 y Mendy<\/strong> muy bien compenetrada, recuperando balones y repartiendo juego.<\/p>\n<p class=\"voc-p\" style=\"\">Muy cerquita estuvo Carmona, al borde del minuto 57, cuando recibi\u00f3 el bal\u00f3n en el \u00e1rea peque\u00f1a, pero tard\u00f3 demasiado en reaccionar y mand\u00f3 el cuero a las manos de Sivera.<strong> Especial menci\u00f3n al visue\u00f1o<\/strong>, que volvi\u00f3 a la titularidad tras no tener minutos ante el Elche y gener\u00f3 mucho peligro por la banda derecha junto a Vargas.<\/p>\n<p class=\"voc-p\" style=\"\">El recital de intentonas sigui\u00f3 y, lo que parec\u00eda cuesti\u00f3n de tiempo, ocurri\u00f3 en el minuto 66. Alexis S\u00e1nchez marcar\u00eda su primer gol como sevillista, en una jugada iniciada magistralmente por Vargas. <strong>Carmona coloc\u00f3 el bal\u00f3n a Alexis<\/strong> en la frontal y el chileno no dud\u00f3. El Sevilla volv\u00eda ponerse por delante en el marcador y Almeyda movi\u00f3 fichas, pensando en el partido intersemanal del pr\u00f3ximo martes. <\/p>\n<p class=\"voc-p\" style=\"\">Corr\u00eda el crono por Mendizorroza y el cuadro hispalense se puso el traje defensivo con algunas jugadas para perder tiempo y desconectar a los de Coudet. El Alav\u00e9s lo intentaba insistentemente, pero la labor defensiva sevillista atajaba cualquier atisbo de peligro. Tanto es as\u00ed, que Vlachodimos apenas tuvo que intervenir durante el encuentro, un cabezazo de Garc\u00e9s en el descuento y poco m\u00e1s.<\/p>\n","protected":false},"excerpt":{"rendered":"La segunda victoria de la temporada lleg\u00f3 en Mendizorroza, y en la jornada 5. Tres puntos extra en&hellip;\n","protected":false},"author":2,"featured_media":128366,"comment_status":"","ping_status":"","sticky":false,"template":"","format":"standard","meta":{"footnotes":""},"categories":[5],"tags":[1334,17,18,25,24,13,14,11,19,20,9,10,15,16,1171,23,12,21,22],"class_list":{"0":"post-128365","1":"post","2":"type-post","3":"status-publish","4":"format-standard","5":"has-post-thumbnail","7":"category-titulares","8":"tag-alaves","9":"tag-breaking-news","10":"tag-breakingnews","11":"tag-es","12":"tag-espana","13":"tag-featured-news","14":"tag-featurednews","15":"tag-headlines","16":"tag-latest-news","17":"tag-latestnews","18":"tag-news","19":"tag-noticias","20":"tag-noticias-destacadas","21":"tag-noticiasdestacadas","22":"tag-sevilla","23":"tag-spain","24":"tag-titulares","25":"tag-ultimas-noticias","26":"tag-ultimasnoticias"},"share_on_mastodon":{"url":"","error":""},"_links":{"self":[{"href":"https:\/\/www.europesays.com\/es\/wp-json\/wp\/v2\/posts\/128365","targetHints":{"allow":["GET"]}}],"collection":[{"href":"https:\/\/www.europesays.com\/es\/wp-json\/wp\/v2\/posts"}],"about":[{"href":"https:\/\/www.europesays.com\/es\/wp-json\/wp\/v2\/types\/post"}],"author":[{"embeddable":true,"href":"https:\/\/www.europesays.com\/es\/wp-json\/wp\/v2\/users\/2"}],"replies":[{"embeddable":true,"href":"https:\/\/www.europesays.com\/es\/wp-json\/wp\/v2\/comments?post=128365"}],"version-history":[{"count":0,"href":"https:\/\/www.europesays.com\/es\/wp-json\/wp\/v2\/posts\/128365\/revisions"}],"wp:featuredmedia":[{"embeddable":true,"href":"https:\/\/www.europesays.com\/es\/wp-json\/wp\/v2\/media\/128366"}],"wp:attachment":[{"href":"https:\/\/www.europesays.com\/es\/wp-json\/wp\/v2\/media?parent=128365"}],"wp:term":[{"taxonomy":"category","embeddable":true,"href":"https:\/\/www.europesays.com\/es\/wp-json\/wp\/v2\/categories?post=128365"},{"taxonomy":"post_tag","embeddable":true,"href":"https:\/\/www.europesays.com\/es\/wp-json\/wp\/v2\/tags?post=128365"}],"curies":[{"name":"wp","href":"https:\/\/api.w.org\/{rel}","templated":true}]}}