{"id":128379,"date":"2025-09-20T23:01:13","date_gmt":"2025-09-20T23:01:13","guid":{"rendered":"https:\/\/www.europesays.com\/es\/128379\/"},"modified":"2025-09-20T23:01:13","modified_gmt":"2025-09-20T23:01:13","slug":"avs-benfica-en-directo-el-debut-de-mourinho-diario-as","status":"publish","type":"post","link":"https:\/\/www.europesays.com\/es\/128379\/","title":{"rendered":"AVS &#8211; Benfica, en directo: el debut de Mourinho &#8211; Diario AS"},"content":{"rendered":"<ol>\n<li><a href=\"https:\/\/news.google.com\/rss\/articles\/CBMid0FVX3lxTE50bnkzMV90Wlk3RVhaWjJ2OFNKZlZLcS1pZEM4dDBHcXpManJyT21Xc05qZmJpQ1NaTXViT3E1dUtOSTJCT0xTc0JVcTJ0NkMzTmdjem5oczlTSXNiNUZMYWxwd2FMdEhjbkpmbHA4QTdzTGEtWlQw0gGLAUFVX3lxTFBrYXJ1cHdydlJxOTVSYWdRdWFOMzVWSXQ4UjBURDNoWVhfa24ydzFmZnVNWU5HdkFWZV9Sa1htUnJDamdpdE9paDFFRGFoMjBCTkF1Mmo4cktnMGtqLWRMQUNDM0p0cjY1WU9PWElkOU5McjBzWWdSczdrVG8za2pyX0tTUE1NZWtDMEk?oc=5\" target=\"_blank\" rel=\"nofollow noopener\">AVS &#8211; Benfica, en directo: el debut de Mourinho<\/a>&nbsp;&nbsp;Diario AS<\/li>\n<li><a href=\"https:\/\/news.google.com\/rss\/articles\/CBMiekFVX3lxTE9pWlNjdW01NkhMQ3Z3bE9IVG5rTHRXRmk3MGhjMUtmZzF3dk1zUDE4ZVlqaklSb0VWXzhmRkRydDQyeTdwZFF0SUdoNDZUbUdlT1UxMGtzbl9iNXlvLS1FNzVHX2l6X1hXQ1pwMFNVMmxmUVpSQXBPWDdR?oc=5\" target=\"_blank\" rel=\"nofollow noopener\">Las \u00e1guilas vuelan con Mourinho<\/a>&nbsp;&nbsp;Diario AS<\/li>\n<li><a href=\"https:\/\/news.google.com\/rss\/articles\/CBMitAFBVV95cUxQaW5RY0Q0eFcyNGJNRkJTRTVmZVgtQzQzVjBlTXdta2szRkJmTkF6T2FzaGxxSzA1NTJHeVFKNGY2TmRkbFpaVFRTWjR3MEhlSjRETmswRTc1NEs5Nkh1a3BLMGI3NFVDU05lUWxIWWJqbW8xMHVGU1ZlV3lMTmtCTWJySGpiRWdhWHhLWUt5ZEhpeDZreXFTWnhDbnJHRXMyUm9UYVFfSFgwVzkwR2g5azRIam_SAbQBQVVfeXFMT2RWaHUwQ0FMa3ljTnBNaUJjdUVpMlVLZnJ6U3dNeDl3bE8ycU5YNXRMYlNOMkJkaDhsNjFETFI0aUlXQmNaMkNzTnRNSUpWc3J1ekVjRXJCUkhUcm8yU1d5N0cyV0J4aHhqZldrbnpLZTJDbmVRclBXTWt5MENUMXZqVk0tNmFRYk9tRWo1dmI1dVlvekFsZ1JqVXJoZm9SYXVJdDNjQXhSYWFBMDY5TTdjcDhF?oc=5\" target=\"_blank\" rel=\"nofollow noopener\">Mourinho debuta con goleada&#8230; y ya hay pol\u00e9mica por su contrato<\/a>&nbsp;&nbsp;MARCA<\/li>\n<li><a href=\"https:\/\/news.google.com\/rss\/articles\/CBMiwgFBVV95cUxPUEVaWFhoeVZKSVd4VWZJdFJJbWJXbnRQYnpCNHdVcVdMWHNlX0hLbmttbF9uUllZR08tcFI4NWFTbW5fM2haMDNJZ2FFOHBPT2Z4ZWROZmJLZ0N1REEwRThYWVFJQy1fT0pxLWFjM04taWUxWVNpdm1DaUhsUHUxMUpDdDUzMm1NZGhsX2RqUUlqbC0yT0hpTlVXOHBuRDZxUlgwLVlPUHRSNExUZkNBMmNjZjVBVWlwNGQ4MlVOclc4Z9IBwgFBVV95cUxQNjRLSlVsbzYxbzVLRE1rdjVwWGxlVDR6UGhWZU1sNGVQWGNyS1JfRW9TQXJqUWc1eU1vV0ZreFRPc1pnWTA0TXc4MzhyMVZxbVV0QkpmSXBsZWhGRmFMT2xneDVrUGZweTNISmlBSEttRVdSZVpEX2ZERG1TQUdWOGRERVlDSjFEdzNCY3J2ZFBvcmZ0Qm5CRFFHOENpQ1RPUks3RkdYME16T2Z2bFpqcXZ5ZXZidGJpR3BicTRneEpkQQ?oc=5\" target=\"_blank\" rel=\"nofollow noopener\">AVS &#8211; Benfica en directo<\/a>&nbsp;&nbsp;El Mundo<\/li>\n<li><a href=\"https:\/\/news.google.com\/rss\/articles\/CBMiwgFBVV95cUxON3N2dU1jU0RKSHgzUUhpc1d3MmxMLVBTMGJhUkVKUWhqMTFPTDA3Mll0ajE0ajVBTlNDM05YVTdJT0Rpd2FpY3JRVEptNFNwS1d1OUNuRXhKS3FSTG1qUGFyVzk0VjFCdktxLTdfSzY5YmRXaHJEc083REN3ZFdjM1lWcWNaR2M4XzZEaHd3NjAwZG15MjBHam0zbGhpQVFLMzNVVWUycjhhdVR2RFBscnAyTklDenhiclNySjFmTXhiZw?oc=5\" target=\"_blank\" rel=\"nofollow noopener\">Jos\u00e9 Mourinho cierra el c\u00edrculo en el Benfica: un regreso, una traici\u00f3n y otro sue\u00f1o en Portugal<\/a>&nbsp;&nbsp;El Confidencial<\/li>\n<\/ol>\n","protected":false},"excerpt":{"rendered":"AVS &#8211; Benfica, en directo: el debut de Mourinho&nbsp;&nbsp;Diario AS Las \u00e1guilas vuelan con Mourinho&nbsp;&nbsp;Diario AS Mourinho debuta&hellip;\n","protected":false},"author":2,"featured_media":128380,"comment_status":"","ping_status":"","sticky":false,"template":"","format":"standard","meta":{"footnotes":""},"categories":[268],"tags":[168,25,24,280,282,281,23,167],"class_list":{"0":"post-128379","1":"post","2":"type-post","3":"status-publish","4":"format-standard","5":"has-post-thumbnail","7":"category-futbol","8":"tag-deportes","9":"tag-es","10":"tag-espana","11":"tag-football","12":"tag-futbol","13":"tag-soccer","14":"tag-spain","15":"tag-sports"},"share_on_mastodon":{"url":"","error":""},"_links":{"self":[{"href":"https:\/\/www.europesays.com\/es\/wp-json\/wp\/v2\/posts\/128379","targetHints":{"allow":["GET"]}}],"collection":[{"href":"https:\/\/www.europesays.com\/es\/wp-json\/wp\/v2\/posts"}],"about":[{"href":"https:\/\/www.europesays.com\/es\/wp-json\/wp\/v2\/types\/post"}],"author":[{"embeddable":true,"href":"https:\/\/www.europesays.com\/es\/wp-json\/wp\/v2\/users\/2"}],"replies":[{"embeddable":true,"href":"https:\/\/www.europesays.com\/es\/wp-json\/wp\/v2\/comments?post=128379"}],"version-history":[{"count":0,"href":"https:\/\/www.europesays.com\/es\/wp-json\/wp\/v2\/posts\/128379\/revisions"}],"wp:featuredmedia":[{"embeddable":true,"href":"https:\/\/www.europesays.com\/es\/wp-json\/wp\/v2\/media\/128380"}],"wp:attachment":[{"href":"https:\/\/www.europesays.com\/es\/wp-json\/wp\/v2\/media?parent=128379"}],"wp:term":[{"taxonomy":"category","embeddable":true,"href":"https:\/\/www.europesays.com\/es\/wp-json\/wp\/v2\/categories?post=128379"},{"taxonomy":"post_tag","embeddable":true,"href":"https:\/\/www.europesays.com\/es\/wp-json\/wp\/v2\/tags?post=128379"}],"curies":[{"name":"wp","href":"https:\/\/api.w.org\/{rel}","templated":true}]}}