{"id":128411,"date":"2025-09-20T23:20:11","date_gmt":"2025-09-20T23:20:11","guid":{"rendered":"https:\/\/www.europesays.com\/es\/128411\/"},"modified":"2025-09-20T23:20:11","modified_gmt":"2025-09-20T23:20:11","slug":"exito-en-barcelona-accura-teia-del-circuito-rpt","status":"publish","type":"post","link":"https:\/\/www.europesays.com\/es\/128411\/","title":{"rendered":"\u00c9xito en Barcelona Accura &#8211; Tei\u00e1 del Circuito RPT"},"content":{"rendered":"<p data-mrf-recirculation=\"Links P\u00e1rrafos\" class=\"ue-c-article__paragraph paragraph ue-c-article--first-letter-highlighted\">Las magn\u00edficas instalaciones del<strong> Club de Tennis Barcelona TEI\u00c0 &#8211; \u00c1ccura<\/strong> (TEIA Sport &amp; Wellness) acogieron una nueva prueba del Circuito con todas las categor\u00edas del tenis juvenil: <strong>Sub12, Sub14, Sub16 y Sub18<\/strong>, correspondiente al <strong>Circuito Nacional RPT &#8211; MARCA Challenge by Wilson<\/strong>, el Circuito Juvenil m\u00e1s longevo del Tenis Espa\u00f1ol, que este a\u00f1o celebra su <strong>trig\u00e9simo<\/strong> aniversario, organizado por el <strong>Registro Profesional de Tenis<\/strong> con el apoyo de la Real Federaci\u00f3n <strong>Espa\u00f1ola <\/strong>de Tenis y de la Federaci\u00f3n <strong>Catalana <\/strong>de Tenis.<\/p>\n<p><img decoding=\"async\" width=\"1600\" height=\"1200\" class=\"ue-c-article__image lazyload\" alt=\"-\" loading=\"lazy\" src=\"https:\/\/www.europesays.com\/es\/wp-content\/uploads\/2025\/09\/68cf19795c5e6.jpeg\"\/><\/p>\n<p>&#8211;<\/p>\n<p data-mrf-recirculation=\"Links P\u00e1rrafos\" class=\"ue-c-article__paragraph paragraph\">La prueba del Club de Tennis Barcelona TEI\u00c0 &#8211; \u00c1ccura estuvo bajo la direcci\u00f3n de <strong>Tony Navarr<\/strong>o, junto a <strong>Jordi Marg\u00f3 y Sergio Troncoso<\/strong>, que actuaron de jueces \u00e1rbitros, coordinando a los ceca de<strong> 200  jugador<\/strong>es de toda la geograf\u00eda espa\u00f1ola. Un a\u00f1o m\u00e1s todos los entrenadores y jugadores se beneficiaron de la hospitalidad del Restaurante <strong>\u201cVila Taliano\u201d<\/strong>. En la entrega de premios estuvieron presentes Jose Luis <strong>Negro<\/strong>, Presidente del Club de Tennis Barcelona  Accura &#8211; TEI\u00c0, Abel <strong>Ballesteros <\/strong>de Ayuntamiento de TEIA y Luis <strong>Mediero<\/strong>, Fundador y Director del Circuito. Los resultados han sido los siguientes:<\/p>\n<p data-mrf-recirculation=\"Links P\u00e1rrafos\" class=\"ue-c-article__paragraph paragraph\"><strong>Categor\u00eda Challenge Alev\u00edn U12:<\/strong><\/p>\n<p><img decoding=\"async\" width=\"1600\" height=\"1199\" class=\"ue-c-article__image lazyload\" alt=\",\" loading=\"lazy\" src=\"https:\/\/www.europesays.com\/es\/wp-content\/uploads\/2025\/09\/68cf19967cfbf.jpeg\"\/><\/p>\n<p>,<\/p>\n<p data-mrf-recirculation=\"Links P\u00e1rrafos\" class=\"ue-c-article__paragraph paragraph\">Final Masculina Sub12: Eric Xue gana a Eric Bartroli (2) por 6\/1 6\/1.<\/p>\n<p data-mrf-recirculation=\"Links P\u00e1rrafos\" class=\"ue-c-article__paragraph paragraph\">Final Femenina Sub12: Cristina Ruiz (1) gana a Mar\u00eda Serrat (2) por 6\/2 6\/3.<\/p>\n<p data-mrf-recirculation=\"Links P\u00e1rrafos\" class=\"ue-c-article__paragraph paragraph\"><strong>Categor\u00eda Challenge Infantil U14:<\/strong><\/p>\n<p><img decoding=\"async\" width=\"1600\" height=\"1199\" class=\"ue-c-article__image lazyload\" alt=\".\" loading=\"lazy\" src=\"https:\/\/www.europesays.com\/es\/wp-content\/uploads\/2025\/09\/68cf19ae70ce6.jpeg\"\/><\/p>\n<p>.<\/p>\n<p data-mrf-recirculation=\"Links P\u00e1rrafos\" class=\"ue-c-article__paragraph paragraph\">Final Masculina Sub14: Iv\u00e1n Villas (2) gana a Marc Villarroya (1) por 6\/2 6\/3.<\/p>\n<p data-mrf-recirculation=\"Links P\u00e1rrafos\" class=\"ue-c-article__paragraph paragraph\">Final Femenina Sub14: Victoria Adaeze gana a Carlota G\u00f3mez (1) por 6\/4 6\/1.<\/p>\n<p data-mrf-recirculation=\"Links P\u00e1rrafos\" class=\"ue-c-article__paragraph paragraph\"><strong>Categor\u00eda J\u00f3venes Promesas U16:<\/strong><\/p>\n<p><img decoding=\"async\" width=\"1600\" height=\"1199\" class=\"ue-c-article__image lazyload\" alt=\".\" loading=\"lazy\" src=\"https:\/\/www.europesays.com\/es\/wp-content\/uploads\/2025\/09\/68cf19c34274d.jpeg\"\/><\/p>\n<p>.<\/p>\n<p data-mrf-recirculation=\"Links P\u00e1rrafos\" class=\"ue-c-article__paragraph paragraph\">Final Masculina Sub16: Filip Urbanos gana a Pablo S\u00e1nchez (8) por 6\/1 6\/3.<\/p>\n<p data-mrf-recirculation=\"Links P\u00e1rrafos\" class=\"ue-c-article__paragraph paragraph\">Final Masculina Sub16: Nayara Sanjuan (1) gana a Laia Pinsach (3) por WO lesi\u00f3n.<\/p>\n<p data-mrf-recirculation=\"Links P\u00e1rrafos\" class=\"ue-c-article__paragraph paragraph\"><strong>Categor\u00eda Junior Cup U18<\/strong><\/p>\n<p><img decoding=\"async\" width=\"1600\" height=\"1199\" class=\"ue-c-article__image lazyload\" alt=\".\" loading=\"lazy\" src=\"https:\/\/www.europesays.com\/es\/wp-content\/uploads\/2025\/09\/68cf19d792b4e.jpeg\"\/><\/p>\n<p>.<\/p>\n<p data-mrf-recirculation=\"Links P\u00e1rrafos\" class=\"ue-c-article__paragraph paragraph\"><strong>Final Masculina Sub18: <\/strong>M\u00e1ximo L\u00f3pez (1) gana  a Benjam\u00edn P\u00e9rez por 6\/2 6\/1.<\/p>\n<p data-mrf-recirculation=\"Links P\u00e1rrafos\" class=\"ue-c-article__paragraph paragraph\"><strong>Final Femenina <\/strong>Sub18: Mar\u00eda Palacios (2)  gana a Marta Lorente (3) por 6\/2 6\/0.<\/p>\n<p data-mrf-recirculation=\"Links P\u00e1rrafos\" class=\"ue-c-article__paragraph paragraph\">Adem\u00e1s, coincidiendo con las rondas finales del torneo, se organizaron unos <strong>cursos <\/strong>de formaci\u00f3n y certificaci\u00f3n profesional para <strong>entrenadores<\/strong> de tenis del <strong>Registro Profesional de Tenis<\/strong>,\u00a0 impartidos por Luis Mediero. Las titulaciones del RPT se encuentran avaladas y reconocidas por la Real Federaci\u00f3n Espa\u00f1ola de Tenis.<\/p>\n<p><img decoding=\"async\" width=\"1164\" height=\"1600\" class=\"ue-c-article__image lazyload\" alt=\".\" loading=\"lazy\" src=\"https:\/\/www.europesays.com\/es\/wp-content\/uploads\/2025\/09\/68cf19ee04d11.jpeg\"\/><\/p>\n<p>.<\/p>\n<p data-mrf-recirculation=\"Links P\u00e1rrafos\" class=\"ue-c-article__paragraph paragraph\">El <strong>Registro Profesional de Tenis &#8211; RPT<\/strong> es el m\u00e1s antiguo y mayor promotor del <strong>Tenis Juvenil en Espa\u00f1a<\/strong>, organizando desde 1995 el <strong>Circuito Nacional RPT &#8211; MARCA by Wilson<\/strong>, que en su 30\u00b0 edici\u00f3n tendr\u00e1 <strong>32 semanas de competici\u00f3n<\/strong> con <strong>83 pruebas <\/strong>por toda la geograf\u00eda espa\u00f1ola, con el apoyo de la <strong>Real Federaci\u00f3n Espa\u00f1ola de Tenis<\/strong>, y la colaboraci\u00f3n de <strong>Tennis-Point, NH hotels, NutriSport, HdI, ICI Sports University y APE deporte.<\/strong> Este a\u00f1o se estima que participen\u00a0en el Circuito m\u00e1s de 6.000 jugadores.<\/p>\n<p data-mrf-recirculation=\"Links P\u00e1rrafos\" class=\"ue-c-article__paragraph paragraph\">Consulta el calendario 2025 en la nueva web: <a href=\"https:\/\/torneos.icisports.org\/\" target=\"_blank\" rel=\"nofollow noopener\">torneos.icisports.org<\/a><\/p>\n","protected":false},"excerpt":{"rendered":"Las magn\u00edficas instalaciones del Club de Tennis Barcelona TEI\u00c0 &#8211; \u00c1ccura (TEIA Sport &amp; Wellness) acogieron una nueva&hellip;\n","protected":false},"author":2,"featured_media":128412,"comment_status":"","ping_status":"","sticky":false,"template":"","format":"standard","meta":{"footnotes":""},"categories":[274],"tags":[168,25,24,23,167,327,326],"class_list":{"0":"post-128411","1":"post","2":"type-post","3":"status-publish","4":"format-standard","5":"has-post-thumbnail","7":"category-tenis","8":"tag-deportes","9":"tag-es","10":"tag-espana","11":"tag-spain","12":"tag-sports","13":"tag-tenis","14":"tag-tennis"},"share_on_mastodon":{"url":"","error":""},"_links":{"self":[{"href":"https:\/\/www.europesays.com\/es\/wp-json\/wp\/v2\/posts\/128411","targetHints":{"allow":["GET"]}}],"collection":[{"href":"https:\/\/www.europesays.com\/es\/wp-json\/wp\/v2\/posts"}],"about":[{"href":"https:\/\/www.europesays.com\/es\/wp-json\/wp\/v2\/types\/post"}],"author":[{"embeddable":true,"href":"https:\/\/www.europesays.com\/es\/wp-json\/wp\/v2\/users\/2"}],"replies":[{"embeddable":true,"href":"https:\/\/www.europesays.com\/es\/wp-json\/wp\/v2\/comments?post=128411"}],"version-history":[{"count":0,"href":"https:\/\/www.europesays.com\/es\/wp-json\/wp\/v2\/posts\/128411\/revisions"}],"wp:featuredmedia":[{"embeddable":true,"href":"https:\/\/www.europesays.com\/es\/wp-json\/wp\/v2\/media\/128412"}],"wp:attachment":[{"href":"https:\/\/www.europesays.com\/es\/wp-json\/wp\/v2\/media?parent=128411"}],"wp:term":[{"taxonomy":"category","embeddable":true,"href":"https:\/\/www.europesays.com\/es\/wp-json\/wp\/v2\/categories?post=128411"},{"taxonomy":"post_tag","embeddable":true,"href":"https:\/\/www.europesays.com\/es\/wp-json\/wp\/v2\/tags?post=128411"}],"curies":[{"name":"wp","href":"https:\/\/api.w.org\/{rel}","templated":true}]}}