{"id":128413,"date":"2025-09-20T23:21:17","date_gmt":"2025-09-20T23:21:17","guid":{"rendered":"https:\/\/www.europesays.com\/es\/128413\/"},"modified":"2025-09-20T23:21:17","modified_gmt":"2025-09-20T23:21:17","slug":"egan-bernal-respondio-al-interes-que-desperto-en-el-visma-lease-a-bike-de-jonas-vingegaard-estoy-muy-bien-en-este-equipo","status":"publish","type":"post","link":"https:\/\/www.europesays.com\/es\/128413\/","title":{"rendered":"Egan Bernal respondi\u00f3 al inter\u00e9s que despert\u00f3 en el Visma Lease a Bike, de Jonas Vingegaard: \u201cEstoy muy bien en este equipo\u201d"},"content":{"rendered":"<p><img alt=\"Egan Bernal encabeza la delegaci\u00f3n\" class=\"global-image\" decoding=\"async\" fetchpriority=\"high\" height=\"576\" loading=\"eager\" src=\"https:\/\/www.europesays.com\/es\/wp-content\/uploads\/2025\/09\/1758410475_301_Z3GMUR6Z6FHUBBCE5G43AVV6RA.jpeg\" width=\"1024\"\/>Egan Bernal encabeza la delegaci\u00f3n colombiana que disputar\u00e1 el Mundial de Ciclismo de Ruta en Ruanda &#8211; cr\u00e9dito Fedeciclismo<\/p>\n<p class=\"paragraph\">El reciente inter\u00e9s del Visma Lease a Bike por incorporar a Egan Bernal ha generado una oleada de especulaciones en el mundo del ciclismo internacional.<\/p>\n<p class=\"paragraph\">La noticia cobr\u00f3 fuerza luego de que el periodista Beppe Conti, de RAI Italia, asegurara que el colombiano, ganador tanto del Tour de Francia 2019 y el Giro de Italia 2021, ya habr\u00eda alcanzado un acuerdo con la escuadra neerlandesa.<\/p>\n<p class=\"paragraph\"><b>Ahora puede seguirnos en<\/b><a rel=\"noopener nofollow\" href=\"https:\/\/www.facebook.com\/infobaecolombia\" target=\"_blank\"><b> <\/b><b>Facebook<\/b><\/a><b> y en nuestro<\/b><a rel=\"noopener nofollow\" href=\"https:\/\/whatsapp.com\/channel\/0029Va4oNEALikgEL4Y8mb2K\" target=\"_blank\"><b> <\/b><b>WhatsApp Channel<\/b><\/a><\/p>\n<p><img alt=\"Egan Bernal habl\u00f3 sobre el\" class=\"global-image\" decoding=\"async\" fetchpriority=\"low\" height=\"2789\" loading=\"lazy\" src=\"https:\/\/www.europesays.com\/es\/wp-content\/uploads\/2025\/09\/3YH4JLR62VD5FONYXK7XE3CKPE.JPG\" width=\"4584\"\/>Egan Bernal habl\u00f3 sobre el supuesto inter\u00e9s del Visma Lease a Bike de ficharlo-cr\u00e9dito Bruna Casas\/REUTERS<\/p>\n<p class=\"paragraph\">En charla con Caracol Sports, el 19 de septiembre de 2025, el ciclista nacido en Zipaquir\u00e1, de 28 a\u00f1os, abord\u00f3 directamente la informaci\u00f3n sobre su supuesto traspaso y explic\u00f3 que mantiene una relaci\u00f3n de respeto y admiraci\u00f3n mutua con Jonas Vingegaard, l\u00edder del Visma Lease a Bike. <\/p>\n<p class=\"paragraph\"><b>\u201cCon Jonas Vingegaard hablamos y nos tenemos un gran respeto y admiraci\u00f3n. Lo admiro como deportista y como persona. Adem\u00e1s, sabemos que el Visma Lease a Bike es, juepucha, un muy buen equipo, pero tengo contrato hasta el siguiente a\u00f1o (2026) con INEOS Grenadiers y me siento bien\u201d, dijo.<\/b><\/p>\n<p class=\"paragraph\">El colombiano, que se consolid\u00f3 como uno de los l\u00edderes del conjunto brit\u00e1nico, subray\u00f3 el valor de la estabilidad y el respaldo que ha recibido desde su llegada a Ineos Grenadiers.<\/p>\n<p class=\"paragraph\"><b>\u201cEstoy muy bien en este equipo, es un lugar donde me tratan bien y siempre lo han hecho. Adem\u00e1s, es una escuadra que me ha dado much\u00edsimo, estoy ac\u00e1 desde 2018. <\/b>Me apoyaron durante todo el proceso de recuperaci\u00f3n, me siento como en casa y me han tratado bien\u201d, expres\u00f3 Bernal en la misma entrevista.<\/p>\n<p class=\"paragraph\">La permanencia del \u2018escarabajo\u2019 en el equipo brit\u00e1nico parece estar asegurada, al menos hasta el final de su contrato. El propio ciclista detall\u00f3 la solidez de los lazos construidos durante su trayectoria en la escuadra.<\/p>\n<p class=\"paragraph\">\u201c<b>Ya son ocho a\u00f1os de estar compartiendo con las mismas personas, por lo tanto, se crean v\u00ednculos muy fuertes. Lo cierto de todo es que hasta el siguiente a\u00f1o estar\u00e9 en INEOS. <\/b>Despu\u00e9s, a partir de ese momento, se pueden abrir diferentes opciones, pero que, por el momento, no se est\u00e1n contemplando porque seguir\u00e9 en donde estoy\u201d, declar\u00f3 a Caracol Sports.<\/p>\n<p><img alt=\"Egan Bernal demostr\u00f3 su admiraci\u00f3n\" class=\"global-image\" decoding=\"async\" fetchpriority=\"low\" height=\"3453\" loading=\"lazy\" src=\"https:\/\/www.europesays.com\/es\/wp-content\/uploads\/2025\/09\/TPFTL6SOKBFYTJS3EVAN7Q7ZXE.JPG\" width=\"5180\"\/>Egan Bernal demostr\u00f3 su admiraci\u00f3n por Jonas Vingegaard-cr\u00e9dito Bruna Casas\/REUTERS<\/p>\n<p class=\"paragraph\">A pesar de los rumores, Egan Bernal no ocult\u00f3 su admiraci\u00f3n por el equipo rival y, en particular, por Vingegaard. <\/p>\n<p class=\"paragraph\">\u201c<b>\u00c9l es uno de los ciclistas m\u00e1s fuertes en la historia, un corredor con el que cualquiera quisiera compartir equipo. Es muy buena persona, me gusta su car\u00e1cter y como corredor me parece bueno<\/b>\u201d, puntualiz\u00f3 el colombiano, que ocup\u00f3 el puesto 17 en la Vuelta a Espa\u00f1a 2025 y logr\u00f3 una victoria de etapa tras imponerse a Mikel Landa en el esprint.<\/p>\n<p class=\"paragraph\">En cuanto a sus pr\u00f3ximos objetivos, Bernal dej\u00f3 claro que su enfoque inmediato est\u00e1 en representar a Colombia en el Mundial y en disputar el Giro de Lombard\u00eda para cerrar la temporada.<\/p>\n<p class=\"paragraph\"><b> \u201cTengo contrato con INEOS hasta el 2026. Respeto y admiro a otros equipos como el caso del Visma, pero por ahora estoy enfocado en el Mundial, donde representar\u00e9 a Colombia, y en el Giro de Lombard\u00eda para cerrar bien la temporada<\/b>\u201d, concluy\u00f3.<\/p>\n<ul data-icon=\"\u2b24\" class=\"list\">\n<li data-icon=\"\u2b24\">Contrarreloj individual \u00e9lite femenina (31 kil\u00f3metros) &#8211; 3:10 a. m. <\/li>\n<li data-icon=\"\u2b24\">Contrarreloj individual \u00e9lite masculina (41 kil\u00f3metros) &#8211; 5:45 a. m.<\/li>\n<\/ul>\n<ul data-icon=\"\u2b24\" class=\"list\">\n<li data-icon=\"\u2b24\">Contrarreloj individual Sub-23 femenina (23 kil\u00f3metros) -3:35 a. m. <\/li>\n<li data-icon=\"\u2b24\">Contrarreloj individual Sub-23 masculino (31 kil\u00f3metros) &#8211; 4:35 a. m. <\/li>\n<\/ul>\n<ul data-icon=\"\u2b24\" class=\"list\">\n<li data-icon=\"\u2b24\">Contrarreloj individual junior femenina (18 kil\u00f3metros) &#8211; 3:45 a. m. <\/li>\n<li data-icon=\"\u2b24\">Contrarreloj individual junior masculina (23 kil\u00f3metros) &#8211; 7:00 a. m.<\/li>\n<\/ul>\n<ul data-icon=\"\u2b24\" class=\"list\">\n<li data-icon=\"\u2b24\">Contrarreloj por equipos mixtos (42 kil\u00f3metros) &#8211; 5:30 a. m. <\/li>\n<\/ul>\n<ul data-icon=\"\u2b24\" class=\"list\">\n<li data-icon=\"\u2b24\">Carrera en ruta Sub-23 femenina (119 kil\u00f3metros) &#8211; 4:05 a. m. <\/li>\n<\/ul>\n<ul data-icon=\"\u2b24\" class=\"list\">\n<li data-icon=\"\u2b24\">Carrera en ruta junior masculina (119 kil\u00f3metros) &#8211; 1:00 a. m. <\/li>\n<li data-icon=\"\u2b24\">Carrera en ruta Sub-23 masculina (165 kil\u00f3metros) &#8211; 5:00 a. m. <\/li>\n<\/ul>\n<ul data-icon=\"\u2b24\" class=\"list\">\n<li data-icon=\"\u2b24\">Carrera en ruta junior femenina (75 kil\u00f3metros) &#8211; 1:20 a. m. <\/li>\n<li data-icon=\"\u2b24\">Carrera en ruta \u00e9lite femenina (165 kil\u00f3metros) &#8211; 5:05 a. m. <\/li>\n<\/ul>\n<ul data-icon=\"\u2b24\" class=\"list\">\n<li data-icon=\"\u2b24\">Carrera en ruta \u00e9lite masculina (267,5 kil\u00f3metros) &#8211; 2:45 a. m. <\/li>\n<\/ul>\n","protected":false},"excerpt":{"rendered":"Egan Bernal encabeza la delegaci\u00f3n colombiana que disputar\u00e1 el Mundial de Ciclismo de Ruta en Ruanda &#8211; cr\u00e9dito&hellip;\n","protected":false},"author":2,"featured_media":128414,"comment_status":"","ping_status":"","sticky":false,"template":"","format":"standard","meta":{"footnotes":""},"categories":[273],"tags":[313,312,168,25,24,406,40073,23,3020,167],"class_list":{"0":"post-128413","1":"post","2":"type-post","3":"status-publish","4":"format-standard","5":"has-post-thumbnail","7":"category-ciclismo","8":"tag-ciclismo","9":"tag-cycling","10":"tag-deportes","11":"tag-es","12":"tag-espana","13":"tag-europe","14":"tag-figueres","15":"tag-spain","16":"tag-sport","17":"tag-sports"},"share_on_mastodon":{"url":"","error":""},"_links":{"self":[{"href":"https:\/\/www.europesays.com\/es\/wp-json\/wp\/v2\/posts\/128413","targetHints":{"allow":["GET"]}}],"collection":[{"href":"https:\/\/www.europesays.com\/es\/wp-json\/wp\/v2\/posts"}],"about":[{"href":"https:\/\/www.europesays.com\/es\/wp-json\/wp\/v2\/types\/post"}],"author":[{"embeddable":true,"href":"https:\/\/www.europesays.com\/es\/wp-json\/wp\/v2\/users\/2"}],"replies":[{"embeddable":true,"href":"https:\/\/www.europesays.com\/es\/wp-json\/wp\/v2\/comments?post=128413"}],"version-history":[{"count":0,"href":"https:\/\/www.europesays.com\/es\/wp-json\/wp\/v2\/posts\/128413\/revisions"}],"wp:featuredmedia":[{"embeddable":true,"href":"https:\/\/www.europesays.com\/es\/wp-json\/wp\/v2\/media\/128414"}],"wp:attachment":[{"href":"https:\/\/www.europesays.com\/es\/wp-json\/wp\/v2\/media?parent=128413"}],"wp:term":[{"taxonomy":"category","embeddable":true,"href":"https:\/\/www.europesays.com\/es\/wp-json\/wp\/v2\/categories?post=128413"},{"taxonomy":"post_tag","embeddable":true,"href":"https:\/\/www.europesays.com\/es\/wp-json\/wp\/v2\/tags?post=128413"}],"curies":[{"name":"wp","href":"https:\/\/api.w.org\/{rel}","templated":true}]}}