{"id":128417,"date":"2025-09-20T23:26:23","date_gmt":"2025-09-20T23:26:23","guid":{"rendered":"https:\/\/www.europesays.com\/es\/128417\/"},"modified":"2025-09-20T23:26:23","modified_gmt":"2025-09-20T23:26:23","slug":"el-sorolla-que-duerme-en-un-rincon-de-la-alhambra","status":"publish","type":"post","link":"https:\/\/www.europesays.com\/es\/128417\/","title":{"rendered":"El Sorolla que duerme en un rinc\u00f3n de la Alhambra"},"content":{"rendered":"<p><a class=\"v-mdl-ath__fig-a\" href=\"https:\/\/www.ideal.es\/autor\/jorge-pastor-400.html\" title=\"Jorge Pastor\" rel=\"nofollow noopener\" target=\"_blank\"><br \/>\n<img decoding=\"async\" class=\"v-mdl-ath__img\" src=\"https:\/\/www.europesays.com\/es\/wp-content\/uploads\/2025\/08\/autor-400-foto-4.jpeg\" alt=\"Jorge Pastor\"\/><br \/>\n<\/a><\/p>\n<p class=\"v-mdl-ath__p v-mdl-ath__p--6\">\nViernes, 19 de septiembre 2025<\/p>\n<p>| Actualizado 20\/09\/2025 11:42h.<\/p>\n<p class=\"v-p\">Met\u00e1monos en la diab\u00f3lica c\u00e1psula del tiempo, esa que nos permite viajar desde el Pleistoceno hasta este preciso momento en que usted est\u00e1 leyendo este reportaje. Septiembre de 2025. Decenas de turistas, c\u00e1mara en ristre, aguardan su turno para fotografiar uno de los rincones m\u00e1s bellos de la Alhambra, el Mirador de Lindaraja, con sus dos preciosos balcones gemelos enmarcados en un arco apuntado con moc\u00e1rabes colgantes. Y traslad\u00e9monos ahora ciento diecis\u00e9is a\u00f1os atr\u00e1s, hasta noviembre de 1909. Un hombre con rasgos fuertes y f\u00edsico vigoroso retrata en el Mirador de Lindaraja, con el \u00fanico murmullo del agua, el jard\u00edn de Daraxa con su fuente del siglo XVI, sus \u00e1rboles puntiagudos y sus setos perfilados con escuadra y cartab\u00f3n.<\/p>\n<p class=\"v-p\">Ese se\u00f1or se llamaba Joaqu\u00edn Sorolla, uno de los pintores espa\u00f1oles m\u00e1s importantes de todos los tiempos. Y esa estampa del Jard\u00edn de Daraxa \u2013tambi\u00e9n conocido como el de los Naranjos\u2013, una de sus grandes obras, ya es propiedad de todos los granadinos. El Patronato de la Alhambra y el Generalife ha tenido la habilidad de comprar este cuadro a la bisnieta del artista valenciano, Blanca Pons-Sorolla Ruiz de la Prada, por un importe de 725.000 euros. \u00abEn una subasta \u2013aclara Rodrigo Ruiz-Jim\u00e9nez, director de la Alhambra\u2013, seguro que nos habr\u00eda costado el doble\u00bb. <\/p>\n<p><img decoding=\"async\" loading=\"lazy\" src=\"https:\/\/www.europesays.com\/es\/wp-content\/uploads\/2025\/09\/imagen_combinada-kKkH-U2302947904496dnB-650x455@Ideal.jpg\" class=\"v-a-img\" width=\"650\" height=\"455\" alt=\"Cuadro de Sorolla y foto con el mismo tiro de c\u00e1mara.\" data-voc-vtm-id=\"in-text-traffic\"\/><\/p>\n<p>Cuadro de Sorolla y foto con el mismo tiro de c\u00e1mara.<\/p>\n<p>JORGE PASTOR<\/p>\n<p><img loading=\"lazy\" decoding=\"async\" src=\"https:\/\/www.europesays.com\/es\/wp-content\/uploads\/2025\/09\/imagen_combinada-kKkH-U2302947904496xNI-1920x1344@Ideal.jpg\" class=\"v-mdl__img-z\" width=\"1920\" height=\"1344\" alt=\"\"\/><\/p>\n<p class=\"v-p\">La cuesti\u00f3n es que este &#8216;Jard\u00edn de Lindaraja&#8217;, que as\u00ed se llama gen\u00e9ricamente la pieza realizada por Sorolla durante su estancia en Granada entre el 21 de noviembre y el 1 de diciembre de 1909, puede ser disfrutada ya gratuitamente por todos los ciudadanos. Est\u00e1 expuesta en un lugar preferente del Museo \u00c1ngel Barrios, dependiente del Museo de la Alhambra, en la calle Real de la Alhambra. Un verdadero deleite. Un verdadero tesoro.<\/p>\n<p class=\"v-p\">Una de las personas que mejor conoce ese \u00f3leo y la figura de Joaqu\u00edn Sorolla (Valencia, 1863-Cercedilla, 1923) es el profesor de la Universidad de Granada, Eduardo Quesada Dorador, que hace unos d\u00edas estuvo con el diario IDEAL en el punto exacto del Mirador de Lindaraja donde Sorolla plant\u00f3 su caballete para plasmar &#8216;Jard\u00edn de Lindaraja&#8217;. Bueno, donde lo puso, para ser m\u00e1s exactos, Tom\u00e1s Murillo, el fiel asistente de Don Joaqu\u00edn, quien le acompa\u00f1aba de ac\u00e1 para all\u00e1 en sus campa\u00f1as pict\u00f3ricas en ciudades tan bellas y evocadoras como Granada. \u00abSorolla, que por entonces ya resid\u00eda en Madrid, no solo se trasladaba con su equipaje, sino que lo hac\u00eda con todos sus b\u00e1rtulos\u00bb, explica Quesada Dorador. No hablamos tan solo de pinceles, aceites, pinturas de tubo o banqueta, sino de los propios lienzos.<\/p>\n<p>Detalles de la obra de Sorolla.<\/p>\n<p>JORGE PASTOR<\/p>\n<p><img decoding=\"async\" loading=\"lazy\" src=\"https:\/\/www.europesays.com\/es\/wp-content\/uploads\/2025\/09\/cuadro_sorolla_alhambra (38)-kKkH--1200x841@Ideal.jpg\" class=\"v-mdl__img-z\" width=\"1200\" height=\"841\" alt=\"Imagen principal - Detalles de la obra de Sorolla. \"\/><\/p>\n<p><img decoding=\"async\" loading=\"lazy\" src=\"https:\/\/www.europesays.com\/es\/wp-content\/uploads\/2025\/09\/cuadro_sorolla_alhambra (39)-kKkH--1200x851@Ideal.jpg\" class=\"v-mdl__img-z\" width=\"1200\" height=\"851\" alt=\"Imagen secundaria 1 - Detalles de la obra de Sorolla. \"\/><\/p>\n<p><img decoding=\"async\" loading=\"lazy\" src=\"https:\/\/www.europesays.com\/es\/wp-content\/uploads\/2025\/09\/cuadro_sorolla_alhambra (26)-kKkH--711x841@Ideal.jpg\" class=\"v-mdl__img-z\" width=\"711\" height=\"841\" alt=\"Imagen secundaria 2 - Detalles de la obra de Sorolla. \"\/><\/p>\n<p class=\"v-p\">No sabemos la fecha exacta en la que Sorolla hizo este &#8216;Jard\u00edn de Lindaraja&#8217; que ya cuelga en una de las paredes del Museo \u00c1ngel Barrios, aunque s\u00ed conocemos que el genio valenciano estuvo en Granada diez d\u00edas, entre el 21 de noviembre y el 1 de diciembre de 1909. Una aclaraci\u00f3n importante. El espectador apreciar\u00e1 que &#8216;Jard\u00edn de Lindaraja&#8217; est\u00e1 firmado por el propio Sorolla en 1910. \u00abNo hay ning\u00fan error \u2013advierte Eduardo Quesada\u2013 sencillamente rubric\u00f3 gen\u00e9ricamente en 1910 todo lo que hab\u00eda hecho entre 1909 y 1910 con motivo de sus muestras de 1911 en los Estados Unidos, en San Luis y Chicago\u00bb.<\/p>\n<p><img decoding=\"async\" loading=\"lazy\" src=\"https:\/\/www.europesays.com\/es\/wp-content\/uploads\/2025\/09\/cuadro_sorolla_alhambra (2)-kKkH-U2302947904496dfF-650x455@Ideal.jpg\" class=\"v-a-img\" width=\"650\" height=\"455\" alt=\"Fotografiando el Jard\u00edn de Lindaraja desde el mismo punto donde lo pint\u00f3 Joaqu\u00edn Sorolla.\" data-voc-vtm-id=\"in-text-traffic\"\/><\/p>\n<p>Fotografiando el Jard\u00edn de Lindaraja desde el mismo punto donde lo pint\u00f3 Joaqu\u00edn Sorolla.<\/p>\n<p>JORGE PASTOR<\/p>\n<p><img loading=\"lazy\" decoding=\"async\" src=\"https:\/\/www.europesays.com\/es\/wp-content\/uploads\/2025\/09\/cuadro_sorolla_alhambra (2).jpg\" class=\"v-mdl__img-z\" width=\"1920\" height=\"1344\" alt=\"\"\/><\/p>\n<p class=\"v-p\">Sorolla arrib\u00f3 en un tren de la Compa\u00f1\u00eda de los Caminos de Hierro del Sur de Espa\u00f1a hasta Granada, un trayecto que tard\u00f3 unas nueve horas en completar. Lleg\u00f3 a la Estaci\u00f3n Sur de Espa\u00f1a, cuyo edificio a\u00fan se conserva junto a la gasolinera de Villarejo. Y desde all\u00ed lo trasladaron hasta el Hotel Washington Irving, heredero del m\u00edtico Hostal de los Siete Suelos. \u00abNo tenemos constancia de la habitaci\u00f3n donde se aloj\u00f3\u00bb, aclara Eduardo Quesada, quien agrega que Sorolla, que hab\u00eda alcanzado ya gran fama, fue tratado como eso, como una &#8216;celebrity&#8217;. El entonces director de la Alhambra, Modesto Cendoya, estuvo muy atento a las necesidades de Sorolla, que durante esa semana y pico se relacion\u00f3 con notables de Granada como el duque San Pedro de Galatino. <\/p>\n<p><img decoding=\"async\" loading=\"lazy\" src=\"https:\/\/www.europesays.com\/es\/wp-content\/uploads\/2025\/09\/cuadro_sorolla_alhambra (9)-kKkH-U23029479044962VC-650x455@Ideal.jpg\" class=\"v-a-img\" width=\"650\" height=\"455\" alt=\"Eduardo Quesada Dorador, profesor de la UGR experto en la vida y obra de Joaqu\u00edn Sorolla.\" data-voc-vtm-id=\"in-text-traffic\"\/><\/p>\n<p>Eduardo Quesada Dorador, profesor de la UGR experto en la vida y obra de Joaqu\u00edn Sorolla.<\/p>\n<p>JORGE PASTOR<\/p>\n<p><img loading=\"lazy\" decoding=\"async\" src=\"https:\/\/www.europesays.com\/es\/wp-content\/uploads\/2025\/09\/cuadro_sorolla_alhambra (9)-kKkH-U2302947904496XcE-1920x1344@Ideal.jpg\" class=\"v-mdl__img-z\" width=\"1920\" height=\"1344\" alt=\"\"\/><\/p>\n<p class=\"v-p\">Tambi\u00e9n pas\u00f3 buenos ratos en la Taberna del Polinario, regentada por Antonio Barrios, un hecho relevante. En ese establecimiento, donde se reun\u00eda la intelectualidad de Granada, reconvertido ahora en el Museo \u00c1ngel Barrios, se ha colocado &#8216;Jard\u00edn de Lindaraja&#8217;. Es decir, un Sorolla retorna donde otrora estuvo Sorolla. Otra raz\u00f3n m\u00e1s para conocer este peque\u00f1o y precioso museo ubicado en la calle Real de la Alhambra dedicado al polifac\u00e9tico m\u00fasico, compositor y escritor de Granada. Hay visitas guiadas sin coste los jueves. <\/p>\n<p>Atracci\u00f3n especial<\/p>\n<p class=\"v-p\">Pero volvamos al Mirador de Lindaraja en noviembre de 1909. Seg\u00fan Eduardo Quesada, Joaqu\u00edn Sorolla sent\u00eda una atracci\u00f3n especial por el Jard\u00edn de Lindaraja, que inmortaliz\u00f3 desde cinco perspectivas. Es decir, hay cinco cuadros con este motivo. \u00abPara Sorolla, Granada ten\u00eda una belleza brav\u00eda que no albergaban otras capitales como Sevilla, y as\u00ed lo trasladaba en las cartas que enviaba a su esposa Clotilde Garc\u00eda del Castillo, que no lo acompa\u00f1\u00f3 en esta ocasi\u00f3n\u00bb, afirma el experto. Estaba ensimismado con Sierra Nevada y tambi\u00e9n con la Alhambra. <\/p>\n<p><img decoding=\"async\" loading=\"lazy\" src=\"https:\/\/www.europesays.com\/es\/wp-content\/uploads\/2025\/09\/cuadro_sorolla_alhambra (10)-kKkH-U2302947904496TnF-650x455@Ideal.jpg\" class=\"v-a-img\" width=\"650\" height=\"455\" alt=\"Detalle de la taza de la fuente del Jard\u00edn de Lindaraja.\" data-voc-vtm-id=\"in-text-traffic\"\/><\/p>\n<p>Detalle de la taza de la fuente del Jard\u00edn de Lindaraja.<\/p>\n<p>JORGE PASTOR<\/p>\n<p><img loading=\"lazy\" decoding=\"async\" src=\"https:\/\/www.europesays.com\/es\/wp-content\/uploads\/2025\/09\/cuadro_sorolla_alhambra (10)-kKkH-U23029479044963xE-1920x1344@Ideal.jpg\" class=\"v-mdl__img-z\" width=\"1920\" height=\"1344\" alt=\"\"\/><\/p>\n<p class=\"v-p\">En total, hay 47 obras sorollianas de tema granadino. Todos paisajes. Tan solo en dos de ellas salen personas, de una manera muy difuminada. Y \u00fanicamente una de ellas, una visi\u00f3n del Patio de los Arrayanes, fue acometida por encargo. Un encargo de Thomas Fortune Ryan, una magnate de Estados Unidos que quer\u00eda poseer un &#8216;Crist\u00f3bal Col\u00f3n&#8217; \u2013as\u00ed se conoc\u00edan las escenas de localizaciones donde en alg\u00fan momento estuvo el descubridor de Am\u00e9rica, que fue recibido por los Reyes Cat\u00f3licos en el Sal\u00f3n de Embajadores\u2013.<\/p>\n<p><img decoding=\"async\" loading=\"lazy\" src=\"https:\/\/www.europesays.com\/es\/wp-content\/uploads\/2025\/09\/cuadro_sorolla_alhambra (7)-kKkH-U23029479044969WH-650x455@Ideal.jpg\" class=\"v-a-img\" width=\"650\" height=\"455\" alt=\"Arcos y balc\u00f3n que aparecen en la obra de Sorolla.\" data-voc-vtm-id=\"in-text-traffic\"\/><\/p>\n<p>Arcos y balc\u00f3n que aparecen en la obra de Sorolla.<\/p>\n<p>JORGE PASTOR<\/p>\n<p><img loading=\"lazy\" decoding=\"async\" src=\"https:\/\/www.europesays.com\/es\/wp-content\/uploads\/2025\/09\/cuadro_sorolla_alhambra (7)-kKkH-U2302947904496sAB-1920x1344@Ideal.jpg\" class=\"v-mdl__img-z\" width=\"1920\" height=\"1344\" alt=\"\"\/><\/p>\n<p class=\"v-p\">&#8216;El Jard\u00edn de Lindaraja&#8217;, que ya obra en poder de la Alhambra, se realiz\u00f3 en un d\u00eda, del tir\u00f3n. Lo hizo desde una posici\u00f3n ligeramente elevada, desde el Mirador de Lindaraja. Si comparamos con la actualidad, a\u00fan se conservan muchos elementos. L\u00f3gicamente las arcadas y las ventanas, pero tambi\u00e9n elementos naturales como un cipr\u00e9s centenario. La fuente es una r\u00e9plica de la que existi\u00f3. El dise\u00f1o de los parterres, delimitados por boj, tambi\u00e9n es parecido.<\/p>\n<p><img decoding=\"async\" loading=\"lazy\" src=\"https:\/\/www.europesays.com\/es\/wp-content\/uploads\/2025\/09\/cuadro_sorolla_alhambra (3).jpg\" class=\"v-a-img\" width=\"650\" height=\"455\" alt=\"Arcos gemelos del Mirador de Lindaraja.\" data-voc-vtm-id=\"in-text-traffic\"\/><\/p>\n<p>Arcos gemelos del Mirador de Lindaraja.<\/p>\n<p>JORGE PASTOR<\/p>\n<p><img loading=\"lazy\" decoding=\"async\" src=\"https:\/\/www.europesays.com\/es\/wp-content\/uploads\/2025\/09\/cuadro_sorolla_alhambra (3).jpg\" class=\"v-mdl__img-z\" width=\"1920\" height=\"1344\" alt=\"\"\/><\/p>\n<p class=\"v-p\">Respecto a la hora en que Sorolla recre\u00f3 &#8216;Jard\u00edn de Lindaraja&#8217;, Eduardo Quesada aboga por \u00abpasadas las dos de la tarde\u00bb, por la forma en la que el sol incide por la parte de la derecha. Cuando Sorolla lo termin\u00f3, Tom\u00e1s Murillo lo llev\u00f3 a una habitaci\u00f3n de la Alhambra para terminar de secarlo y, posteriormente, introducirlo en una caja de madera a medida para facturaci\u00f3n ferroviaria hasta Madrid. Dos a\u00f1os despu\u00e9s se pudo ver en Chicago y San Luis.<\/p>\n<p><img decoding=\"async\" loading=\"lazy\" src=\"https:\/\/www.europesays.com\/es\/wp-content\/uploads\/2025\/09\/cuadro_sorolla_alhambra (8).jpg\" class=\"v-a-img\" width=\"650\" height=\"455\" alt=\"Imagen del espacio desde el propio jard\u00edn.\" data-voc-vtm-id=\"in-text-traffic\"\/><\/p>\n<p>Imagen del espacio desde el propio jard\u00edn.<\/p>\n<p>JORGE PASTOR<\/p>\n<p><img loading=\"lazy\" decoding=\"async\" src=\"https:\/\/www.europesays.com\/es\/wp-content\/uploads\/2025\/09\/cuadro_sorolla_alhambra (8).jpg\" class=\"v-mdl__img-z\" width=\"1920\" height=\"1344\" alt=\"\"\/><\/p>\n<p class=\"v-p\">Este Sorolla, que mide 105 por 81 cent\u00edmetros, nunca sali\u00f3 de los descendientes de la familia Sorolla Garc\u00eda del Castillo. Hasta ahora, que ha pasado a titularidad de la Alhambra por 725.000 euros. \u00bfCu\u00e1les son sus grandes singularidades? \u00abEs un instante milagroso de claridad de visi\u00f3n, y que refleja ese axioma de que &#8216;en pintura se trata de saber terminar&#8217;\u00bb, indica Eduardo Quesada. Nos ense\u00f1a, igualmente, esa percepci\u00f3n radiante de la vida que ten\u00eda Sorolla. Tambi\u00e9n la soledad y el intimismo, tan caracter\u00edstico de las estampas de Sorolla en Granada, frente a esa eclosi\u00f3n de vitalidad que representan los ni\u00f1os al borde del reluciente Mediterr\u00e1neo.<\/p>\n<p class=\"v-p\">Sorolla, el Sorolla enamorado de Granada, retorna en todo su esplendor. Ah\u00ed, en un bello rinc\u00f3n de su Alhambra. <\/p>\n<p>Comenta<\/p>\n<p>Reporta un error<\/p>\n<p class=\"v-crt__t\"> L\u00edmite de sesiones alcanzadas<\/p>\n<p class=\"v-crt__p\">El acceso al contenido Premium est\u00e1 abierto por cortes\u00eda del establecimiento donde te encuentras, pero ahora mismo hay demasiados usuarios conectados a las vez.<\/p>\n<p class=\"v-crt__p\">Por favor, int\u00e9ntalo pasados unos minutos.<\/p>\n<p>\nVolver a intentar\n<\/p>\n<p class=\"v-crt__t\">Sesi\u00f3n cerrada<\/p>\n<p class=\"v-crt__p\">Al iniciar sesi\u00f3n desde un dispositivo distinto, por seguridad, se cerr\u00f3 la \u00faltima sesi\u00f3n en este.<\/p>\n<p class=\"v-crt__p\">Para continuar disfrutando de su suscripci\u00f3n digital, inicie sesi\u00f3n en este dispositivo.<\/p>\n<p>\nEste contenido es exclusivo para suscriptores\n<\/p>\n<p class=\"text\">\u00bfTienes una suscripci\u00f3n? <a href=\"https:\/\/secure.ideal.es\/identidad\/inicio#vca=suscribete&amp;vso=ideal&amp;vmc=on&amp;vli=cdn-ce-link-login\" class=\"login\" data-voc-vtm-id=\"comienzoSuscripcionON\" data-voc-vtm-info=\"cdn-ce-link-login\" rel=\"nofollow noopener\" target=\"_blank\">Inicia sesi\u00f3n<\/a><\/p>\n","protected":false},"excerpt":{"rendered":"Viernes, 19 de septiembre 2025 | Actualizado 20\/09\/2025 11:42h. Met\u00e1monos en la diab\u00f3lica c\u00e1psula del tiempo, esa que&hellip;\n","protected":false},"author":2,"featured_media":128418,"comment_status":"","ping_status":"","sticky":false,"template":"","format":"standard","meta":{"footnotes":""},"categories":[173],"tags":[35378,229,233,231,230,232,234,41432,146,147,25,24,9027,471,23],"class_list":{"0":"post-128417","1":"post","2":"type-post","3":"status-publish","4":"format-standard","5":"has-post-thumbnail","7":"category-arte-y-diseno","8":"tag-alhambra","9":"tag-arte","10":"tag-arte-y-diseno","11":"tag-arts","12":"tag-arts-and-design","13":"tag-design","14":"tag-diseno","15":"tag-duerme","16":"tag-entertainment","17":"tag-entretenimiento","18":"tag-es","19":"tag-espana","20":"tag-rincon","21":"tag-sorolla","22":"tag-spain"},"share_on_mastodon":{"url":"","error":""},"_links":{"self":[{"href":"https:\/\/www.europesays.com\/es\/wp-json\/wp\/v2\/posts\/128417","targetHints":{"allow":["GET"]}}],"collection":[{"href":"https:\/\/www.europesays.com\/es\/wp-json\/wp\/v2\/posts"}],"about":[{"href":"https:\/\/www.europesays.com\/es\/wp-json\/wp\/v2\/types\/post"}],"author":[{"embeddable":true,"href":"https:\/\/www.europesays.com\/es\/wp-json\/wp\/v2\/users\/2"}],"replies":[{"embeddable":true,"href":"https:\/\/www.europesays.com\/es\/wp-json\/wp\/v2\/comments?post=128417"}],"version-history":[{"count":0,"href":"https:\/\/www.europesays.com\/es\/wp-json\/wp\/v2\/posts\/128417\/revisions"}],"wp:featuredmedia":[{"embeddable":true,"href":"https:\/\/www.europesays.com\/es\/wp-json\/wp\/v2\/media\/128418"}],"wp:attachment":[{"href":"https:\/\/www.europesays.com\/es\/wp-json\/wp\/v2\/media?parent=128417"}],"wp:term":[{"taxonomy":"category","embeddable":true,"href":"https:\/\/www.europesays.com\/es\/wp-json\/wp\/v2\/categories?post=128417"},{"taxonomy":"post_tag","embeddable":true,"href":"https:\/\/www.europesays.com\/es\/wp-json\/wp\/v2\/tags?post=128417"}],"curies":[{"name":"wp","href":"https:\/\/api.w.org\/{rel}","templated":true}]}}