{"id":128419,"date":"2025-09-20T23:27:39","date_gmt":"2025-09-20T23:27:39","guid":{"rendered":"https:\/\/www.europesays.com\/es\/128419\/"},"modified":"2025-09-20T23:27:39","modified_gmt":"2025-09-20T23:27:39","slug":"la-feria-del-libro-antiguo-y-de-ocasion-celebra-su-39a-edicion","status":"publish","type":"post","link":"https:\/\/www.europesays.com\/es\/128419\/","title":{"rendered":"La Feria del Libro Antiguo y de Ocasi\u00f3n celebra su 39\u00aa edici\u00f3n"},"content":{"rendered":"<p>\n        Otro a\u00f1o m\u00e1s la <strong>plaza de los Celedones de Oro se llena de libros<\/strong> de romance, fantas\u00eda, asesinatos o de viejos cl\u00e1sicos. <strong>La Feria del Libro Antiguo y de Ocasi\u00f3n abri\u00f3 sus puertas hace unos d\u00edas y estar\u00e1 abierto al p\u00fablico hasta el cinco de octubre, con 13 stands se podr\u00e1n visitar de 11.00 a 14.00 y por la tarde de 17.00 a 20.30 horas. <\/strong>\n<\/p>\n<p>            <a href=\"https:\/\/www.noticiasdealava.eus\/gastronomia\/2025\/09\/14\/guia-ferias-septiembre-conocer-degustar-10081547.html\" title=\"Gu\u00eda de ferias en septiembre para conocer y degustar las frutas y verduras de temporada\" class=\"new__media\" rel=\"nofollow noopener\" target=\"_blank\"><\/p>\n<p>                <img alt=\"Gu\u00eda de ferias en septiembre para conocer y degustar las frutas y verduras de temporada\" data-src=\"https:\/\/www.europesays.com\/es\/wp-content\/uploads\/2025\/09\/28a0ecc8-902d-4bec-a6bc-aa617676437f_16-9-aspect-ratio_default_0.jpg\" class=\"lozad\"\/><\/p>\n<p>        <\/a><\/p>\n<p>        <a href=\"https:\/\/www.noticiasdealava.eus\/gastronomia\/2025\/09\/14\/guia-ferias-septiembre-conocer-degustar-10081547.html\" title=\"Gu\u00eda de ferias en septiembre para conocer y degustar las frutas y verduras de temporada\" class=\"new__headline\" rel=\"nofollow noopener\" target=\"_blank\"><br \/>\n            Gu\u00eda de ferias en septiembre para conocer y degustar las frutas y verduras de temporada<br \/>\n        <\/a><\/p>\n<p class=\"article-body__text \">\n        Una feria que organiza la<a href=\"https:\/\/liburuganbara.eus\/\" title=\" C\u00e1mara del Libro\" rel=\"nofollow noopener\" class=\"link copy\" target=\"_blank\"> C\u00e1mara del Libro<\/a> y que desde el Ayuntamiento de Vitoria-Gasteiz, a trav\u00e9s del Departamento de Cultura y de Educaci\u00f3n, se pone en valor. <strong>\u201cPorque los libros en s\u00ed mismo son un valor y el valor real es el de la lectura\u201d, indica Sonia D\u00edaz de Corcuera, concejala de Cultura y Educaci\u00f3n.<\/strong>\n<\/p>\n<p>  Ejemplares especiales<\/p>\n<p class=\"article-body__text \">\n        La feria esconde verdaderas joyas literarias a la espera de ser compradas. <strong>Algunos de los ejemplares pueden estar incluso descatalogados, por ello, est\u00e1 es una gran oportunidad para rescatarlos y darles una segunda oportunidad a un buen precio. <\/strong>Sonia D\u00edaz de Corcuera expresa: <strong>\u201cInvito a todos y todas las gasteiztarras a que se animen, que den una vuelta y que trasteen abriendo esas p\u00e1ginas y, como no, adquieran alg\u00fan ejemplar\u201d.\u00a0<\/strong>\n<\/p>\n<p>        A nivel estatal se publican al a\u00f1o m\u00e1s de 83.000 t\u00edtulos, y que solamente en la Comunidad Aut\u00f3noma Vasca son 3.500 t\u00edtulos, de los cuales un 50% son en euskera<\/p>\n<p>            <a href=\"https:\/\/www.noticiasdealava.eus\/cultura\/2025\/05\/31\/trato-hecho-feria-libro-bilbao-igor-g-vico-9703622.html\" title=\"&#039;Trato hecho&#039; en la Feria del Libro de Bilbao\" class=\"new__media\" rel=\"nofollow noopener\" target=\"_blank\"><\/p>\n<p>                <img alt=\"'Trato hecho' en la Feria del Libro de Bilbao\" data-src=\"https:\/\/www.europesays.com\/es\/wp-content\/uploads\/2025\/09\/d38d83d9-ade7-4891-a499-be6a05f4fad2_16-9-aspect-ratio_default_0.jpg\" class=\"lozad\"\/><\/p>\n<p>        <\/a><\/p>\n<p>        <a href=\"https:\/\/www.noticiasdealava.eus\/cultura\/2025\/05\/31\/trato-hecho-feria-libro-bilbao-igor-g-vico-9703622.html\" title=\"&#039;Trato hecho&#039; en la Feria del Libro de Bilbao\" class=\"new__headline\" rel=\"nofollow noopener\" target=\"_blank\"><br \/>\n            &#8216;Trato hecho&#8217; en la Feria del Libro de Bilbao<br \/>\n        <\/a><\/p>\n<p class=\"article-body__text \">\n        Asier Muniategui, coordinador de las Ferias del Libro de Euskadi, asegura que <strong>como todos los a\u00f1os la feria se celebra con la esperanza de un buen resultado. Y siempre con una oferta muy especial para los ciudadanos.<\/strong> Tambi\u00e9n explica que a <strong>nivel estatal se publican al a\u00f1o m\u00e1s de 83.000 t\u00edtulos<\/strong>, y <strong>3.500 <\/strong>solamente en la<strong> Comunidad Aut\u00f3noma Vasca, de los cuales un 50% son en euskera. <\/strong>\n<\/p>\n<p class=\"article-photo__footer\">\n            Puesto de la feria                    <\/p>\n<p>  Poca vida<\/p>\n<p class=\"article-body__text \">\n        Este volumen de ejemplares genera que la vida del libro sea m\u00e1s corta. <strong>Algunos incluso no llegan a tener hueco en la secci\u00f3n de novedades, pero este tipo de ferias les ofrecen una segunda vida. <\/strong>\n<\/p>\n<p>            <a href=\"https:\/\/www.noticiasdealava.eus\/vivir\/2025\/08\/11\/descubre-primer-libro-impreso-araba-9968862.html\" title=\"Descubre el primer libro que se imprimi\u00f3 en Araba\" class=\"new__media\" rel=\"nofollow noopener\" target=\"_blank\"><\/p>\n<p>                <img alt=\"Descubre el primer libro que se imprimi\u00f3 en Araba\" data-src=\"https:\/\/www.europesays.com\/es\/wp-content\/uploads\/2025\/09\/4dde5ef1-929e-44b3-bf1b-754ad40ff49d_16-9-aspect-ratio_default_0_x892y438.jpg\" class=\"lozad\"\/><\/p>\n<p>        <\/a><\/p>\n<p>        <a href=\"https:\/\/www.noticiasdealava.eus\/vivir\/2025\/08\/11\/descubre-primer-libro-impreso-araba-9968862.html\" title=\"Descubre el primer libro que se imprimi\u00f3 en Araba\" class=\"new__headline\" rel=\"nofollow noopener\" target=\"_blank\"><br \/>\n            Descubre el primer libro que se imprimi\u00f3 en Araba<br \/>\n        <\/a><\/p>\n<p class=\"article-body__text \">\n        <strong>\u201cSon tambi\u00e9n estas ferias del libro de ocasi\u00f3n las que permiten que esos libros de novedades pasen a un segundo mercado, generalmente con un precio entorno al 20 % del valor que ten\u00eda en el mercado y as\u00ed desde un euro en adelante encontramos literatura juvenil, novela, thriller\u201d<\/strong>, indica Muniategui.\n<\/p>\n<p>  Novela<\/p>\n<p class=\"article-body__text \">\n        Asimismo, en este encuentro el g\u00e9nero m\u00e1s solicitado suele ser la novela, y despu\u00e9s los temas divulgativos.<strong> La feria ofrece una selecci\u00f3n variada y diferente para atraer a todos los p\u00fablicos y fomentar la lectura.<\/strong> Adem\u00e1s, cuenta con un espacio privilegiado en pleno centro de la ciudad y con mucha vida diaria, por lo que, todos aquellos que pasen por la plaza podr\u00e1n detenerse a echar un vistazo. <strong>\u201c<\/strong><strong>Vive leyendo,<\/strong><strong> nuestro lema, es lo que queremos; que la gente venga, se divierta y compre los libros o si no ya sabe que tiene las bibliotecas ah\u00ed\u201d<\/strong>, expresa el coordinador.<\/p>\n","protected":false},"excerpt":{"rendered":"Otro a\u00f1o m\u00e1s la plaza de los Celedones de Oro se llena de libros de romance, fantas\u00eda, asesinatos&hellip;\n","protected":false},"author":2,"featured_media":128420,"comment_status":"","ping_status":"","sticky":false,"template":"","format":"standard","meta":{"footnotes":""},"categories":[172],"tags":[22101,224,6951,146,147,25,24,599,1496,225,41433,23],"class_list":{"0":"post-128419","1":"post","2":"type-post","3":"status-publish","4":"format-standard","5":"has-post-thumbnail","7":"category-libros","8":"tag-antiguo","9":"tag-books","10":"tag-celebra","11":"tag-entertainment","12":"tag-entretenimiento","13":"tag-es","14":"tag-espana","15":"tag-feria","16":"tag-libro","17":"tag-libros","18":"tag-ocasion","19":"tag-spain"},"share_on_mastodon":{"url":"","error":""},"_links":{"self":[{"href":"https:\/\/www.europesays.com\/es\/wp-json\/wp\/v2\/posts\/128419","targetHints":{"allow":["GET"]}}],"collection":[{"href":"https:\/\/www.europesays.com\/es\/wp-json\/wp\/v2\/posts"}],"about":[{"href":"https:\/\/www.europesays.com\/es\/wp-json\/wp\/v2\/types\/post"}],"author":[{"embeddable":true,"href":"https:\/\/www.europesays.com\/es\/wp-json\/wp\/v2\/users\/2"}],"replies":[{"embeddable":true,"href":"https:\/\/www.europesays.com\/es\/wp-json\/wp\/v2\/comments?post=128419"}],"version-history":[{"count":0,"href":"https:\/\/www.europesays.com\/es\/wp-json\/wp\/v2\/posts\/128419\/revisions"}],"wp:featuredmedia":[{"embeddable":true,"href":"https:\/\/www.europesays.com\/es\/wp-json\/wp\/v2\/media\/128420"}],"wp:attachment":[{"href":"https:\/\/www.europesays.com\/es\/wp-json\/wp\/v2\/media?parent=128419"}],"wp:term":[{"taxonomy":"category","embeddable":true,"href":"https:\/\/www.europesays.com\/es\/wp-json\/wp\/v2\/categories?post=128419"},{"taxonomy":"post_tag","embeddable":true,"href":"https:\/\/www.europesays.com\/es\/wp-json\/wp\/v2\/tags?post=128419"}],"curies":[{"name":"wp","href":"https:\/\/api.w.org\/{rel}","templated":true}]}}