{"id":128421,"date":"2025-09-20T23:28:08","date_gmt":"2025-09-20T23:28:08","guid":{"rendered":"https:\/\/www.europesays.com\/es\/128421\/"},"modified":"2025-09-20T23:28:08","modified_gmt":"2025-09-20T23:28:08","slug":"asi-suena-la-cancion-de-duc-phuc-ganador-del-festival","status":"publish","type":"post","link":"https:\/\/www.europesays.com\/es\/128421\/","title":{"rendered":"as\u00ed suena la canci\u00f3n de Duc Phuc, ganador del festival"},"content":{"rendered":"<p class=\"c-paragraph\">El representante de Vietnam, Duc Phuc, se ha alzado como ganador este s\u00e1bado en el festival musical internacional de <b>Intervisi\u00f3n<\/b>, la alternativa de valores tradicionales a Eurovisi\u00f3n que impulsa Putin, y en el que el presidente ruso intervino con un discurso inicial grabado.<\/p>\n<p class=\"c-paragraph\">Vietnam ha ganado el concurso y los presentadores han anunciado que <b>Arabia Saud\u00ed ser\u00e1 el anfitri\u00f3n<\/b> de la velada del pr\u00f3ximo a\u00f1o 2026.<\/p>\n<p class=\"c-paragraph\">El vietnamita acumul\u00f3 <b>422 puntos<\/b>, mientras que Kirguist\u00e1n, representado por The Nomad Trio, obtuvo 373 puntos, quedando en segundo puesto, y Dana Al Meer, de parte de Catar, obtuvo 369 en el tercer lugar. Esta es la canci\u00f3n ganadora, titulada\u00a0Ph\u00f9 \u0110\u1ed5ng Thi\u00ean V\u01b0\u01a1ng, que ha aupado a la victoria al representante de Vietnam:<\/p>\n<p class=\"c-paragraph\">La parte de las votaciones ocurri\u00f3 con una <b>notable descoordinaci\u00f3n entre el sonido, el video y la narraci\u00f3n<\/b> de los presentadores en directo. No coincid\u00edan las votaciones del jurado con su imagen.<\/p>\n<p class=\"c-paragraph\">La concursante estadounidense de Intervisi\u00f3n, <b>Vassy<\/b>, <a href=\"https:\/\/www.20minutos.es\/television\/vassy-representante-eeuu-eurovision-putin-se-retira-ultima-hora-por-una-presion-politica-sin-precedentes_6369777_0.html\" title=\"Vassy, la representante de EEUU en el Eurovisi\u00f3n de Putin, se retira a \u00faltima hora por una &quot;presi\u00f3n pol\u00edtica sin precedentes&quot;\" rel=\"nofollow noopener\" target=\"_blank\">cancel\u00f3 su participaci\u00f3n en el \u00faltimo momento por \u00abpresi\u00f3n pol\u00edtica\u00bb<\/a>, as\u00ed lo anunciaron en directo los presentadores del concurso internacional que promueve el Kremlin como alternativa a Eurovisi\u00f3n.<\/p>\n<p class=\"c-paragraph\">\u00abPor razones ajenas a los organizadores y a la delegaci\u00f3n estadounidense, debido a una presi\u00f3n pol\u00edtica sin precedentes del Gobierno australiano, el cantante Vassy (ciudadano estadounidense y australiano) <b>no podr\u00e1 actuar finalmente en el concurso<\/b>\u00ab, informaron los presentadores.<\/p>\n<p>Putin, presente a trav\u00e9s de una pantalla<\/p>\n<p class=\"c-paragraph\">Aunque no cont\u00f3 con su presencia, el festival no pod\u00eda arrancar sin un <b>discurso inicial<\/b> <b>grabado <\/b>en el que el presidente ruso, Vladimir Putin, asegur\u00f3 estar seguro de que Intervisi\u00f3n \u00abser\u00e1 uno de los concursos m\u00e1s conocidos y estimados en todo el mundo\u00bb.<\/p>\n<p class=\"c-paragraph\">\u00abRusia siempre ha sido y sigue siendo un pa\u00eds abierto a la comunicaci\u00f3n y a la cooperaci\u00f3n creativa. <b>Valoramos nuestras tradiciones y respetamos las de los dem\u00e1s<\/b>\u00ab, dijo el mandatario, que anteriormente ha criticado reiteradamente el uso de la lengua nacional en Ucrania, a quien Rusia invadi\u00f3 en 2022 y por lo que fue expulsada del certamen de Eurovisi\u00f3n y sancionada internacionalmente.<\/p>\n<p class=\"c-paragraph\">Quien s\u00ed ha estado presente en el festival ha sido el ministro de Exteriores ruso, <b>Sergu\u00e9i Lavrov<\/b>, quien dio una peque\u00f1a entrevista justo tras finalizar la actuaci\u00f3n de Zulema Iglesias, la representante cubana.<\/p>\n<p class=\"c-paragraph\">El evento cont\u00f3 con la participaci\u00f3n de pa\u00edses como <b>Bielorrusia<\/b>, <b>Serbia<\/b>, Vietnam, Egipto, Emiratos \u00c1rabes, la India, Kazajist\u00e1n, Catar, China, Kenia, Kirguist\u00e1n, Madagascar, Arabia Saud\u00ed, Tayikist\u00e1n, Etiop\u00eda, Uzbekist\u00e1n y Sud\u00e1frica, adem\u00e1s de Rusia.<\/p>\n<p class=\"c-paragraph\">Los pa\u00edses latinoamericanos estuvieron representados por artistas como <b>Omar Acedo<\/b> (Venezuela), <b>Nidia G\u00f3ngora<\/b> (Colombia), Zulema Iglesias Zalazar (Cuba) y el d\u00fao Tais Nader y Luciano Calasanza (Brasil).<\/p>\n","protected":false},"excerpt":{"rendered":"El representante de Vietnam, Duc Phuc, se ha alzado como ganador este s\u00e1bado en el festival musical internacional&hellip;\n","protected":false},"author":2,"featured_media":128422,"comment_status":"","ping_status":"","sticky":false,"template":"","format":"standard","meta":{"footnotes":""},"categories":[171],"tags":[146,147,25,24,24121,4355,41434,10981,23,214,28086],"class_list":{"0":"post-128421","1":"post","2":"type-post","3":"status-publish","4":"format-standard","5":"has-post-thumbnail","7":"category-tv","8":"tag-entertainment","9":"tag-entretenimiento","10":"tag-es","11":"tag-espana","12":"tag-eurovision","13":"tag-gana","14":"tag-intervision","15":"tag-putin","16":"tag-spain","17":"tag-tv","18":"tag-vietnam"},"share_on_mastodon":{"url":"","error":""},"_links":{"self":[{"href":"https:\/\/www.europesays.com\/es\/wp-json\/wp\/v2\/posts\/128421","targetHints":{"allow":["GET"]}}],"collection":[{"href":"https:\/\/www.europesays.com\/es\/wp-json\/wp\/v2\/posts"}],"about":[{"href":"https:\/\/www.europesays.com\/es\/wp-json\/wp\/v2\/types\/post"}],"author":[{"embeddable":true,"href":"https:\/\/www.europesays.com\/es\/wp-json\/wp\/v2\/users\/2"}],"replies":[{"embeddable":true,"href":"https:\/\/www.europesays.com\/es\/wp-json\/wp\/v2\/comments?post=128421"}],"version-history":[{"count":0,"href":"https:\/\/www.europesays.com\/es\/wp-json\/wp\/v2\/posts\/128421\/revisions"}],"wp:featuredmedia":[{"embeddable":true,"href":"https:\/\/www.europesays.com\/es\/wp-json\/wp\/v2\/media\/128422"}],"wp:attachment":[{"href":"https:\/\/www.europesays.com\/es\/wp-json\/wp\/v2\/media?parent=128421"}],"wp:term":[{"taxonomy":"category","embeddable":true,"href":"https:\/\/www.europesays.com\/es\/wp-json\/wp\/v2\/categories?post=128421"},{"taxonomy":"post_tag","embeddable":true,"href":"https:\/\/www.europesays.com\/es\/wp-json\/wp\/v2\/tags?post=128421"}],"curies":[{"name":"wp","href":"https:\/\/api.w.org\/{rel}","templated":true}]}}