{"id":128423,"date":"2025-09-20T23:30:13","date_gmt":"2025-09-20T23:30:13","guid":{"rendered":"https:\/\/www.europesays.com\/es\/128423\/"},"modified":"2025-09-20T23:30:13","modified_gmt":"2025-09-20T23:30:13","slug":"james-gunn-revela-que-ya-tiene-la-lista-con-los-actores-que-podrian-ser-el-proximo-batman-hay-una-gran-estrella-de-cine-que-se-muere-por-darle-vida","status":"publish","type":"post","link":"https:\/\/www.europesays.com\/es\/128423\/","title":{"rendered":"James Gunn revela que ya tiene la lista con los actores que podr\u00edan ser el pr\u00f3ximo Batman: \u201cHay una gran estrella de cine que se muere por darle vida\u201d"},"content":{"rendered":"<p><img alt=\"Imagen de 'Batman: el cruzado\" class=\"global-image\" decoding=\"async\" fetchpriority=\"high\" height=\"1080\" loading=\"eager\" src=\"https:\/\/www.europesays.com\/es\/wp-content\/uploads\/2025\/09\/YNTXWLVOMZHZLC6YVCO5UOCAOI.jfif\" width=\"1440\"\/>Imagen de &#8216;Batman: el cruzado enmascarado&#8217;<\/p>\n<p class=\"paragraph\">El futuro de <b>Batman<\/b> en el universo de <b>DC Studios<\/b> sigue siendo uno de los ejes centrales de la agenda cinematogr\u00e1fica de la compa\u00f1\u00eda, seg\u00fan public\u00f3 The Ringer-Verse tras una reciente entrevista con <b>James Gunn<\/b>. El cineasta y director ejecutivo del estudio ha confirmado que la b\u00fasqueda del actor que encarnar\u00e1 al <a href=\"https:\/\/www.infobae.com\/espana\/cultura\/2025\/09\/10\/cuando-michael-caine-conocio-por-primera-vez-a-christopher-nolan-me-trajo-el-guion-de-batman-y-se-quedo-tomando-el-te-hasta-que-lo-lei-entero\/\" target=\"_blank\" rel=\"noreferrer nofollow noopener\" title=\"https:\/\/www.infobae.com\/espana\/cultura\/2025\/09\/10\/cuando-michael-caine-conocio-por-primera-vez-a-christopher-nolan-me-trajo-el-guion-de-batman-y-se-quedo-tomando-el-te-hasta-que-lo-lei-entero\/\">Caballero Oscuro<\/a> en The Brave and the Bold contin\u00faa sin definiciones, mientras la escritura del guion avanza, aunque a\u00fan no se ha completado.<\/p>\n<p class=\"paragraph\">En enero de 2023, <b>DC Studios<\/b> revel\u00f3 su plan para el llamado Cap\u00edtulo 1: \u201cDioses y Monstruos\u201d dentro del renovado universo f\u00edlmico de la editorial. En ese contexto, una de las mayores apuestas es el relanzamiento de Batman con una propuesta que buscar\u00e1 diferenciarse de otros proyectos en marcha. El filme The Brave and the Bold marcar\u00e1 el debut de una nueva versi\u00f3n del vigilante de Gotham en el cine, coexistiendo con el universo alternativo encabezado por <b>Robert Pattinson<\/b> en <a href=\"https:\/\/www.infobae.com\/espana\/cultura\/2025\/09\/18\/el-director-de-the-batman-da-la-pista-clave-sobre-el-villano-de-la-siguiente-pelicula-no-ha-aparecido-en-ninguna-pelicula\/\" target=\"_blank\" rel=\"noreferrer nofollow noopener\" title=\"https:\/\/www.infobae.com\/espana\/cultura\/2025\/09\/18\/el-director-de-the-batman-da-la-pista-clave-sobre-el-villano-de-la-siguiente-pelicula-no-ha-aparecido-en-ninguna-pelicula\/\">The Batman<\/a>, que permanecer\u00e1 como una propiedad separada bajo la etiqueta \u201cElseworlds\u201d.<\/p>\n<p class=\"paragraph\">Durante la conversaci\u00f3n con The Ringer-Verse, <a href=\"https:\/\/www.infobae.com\/espana\/cultura\/2025\/07\/29\/james-gunn-confirma-que-el-batman-de-robert-pattinson-no-coincidira-con-el-nuevo-superman-ya-veremos-que-hacemos-de-aqui-en-adelante\/\" target=\"_blank\" rel=\"noreferrer nofollow noopener\" title=\"https:\/\/www.infobae.com\/espana\/cultura\/2025\/07\/29\/james-gunn-confirma-que-el-batman-de-robert-pattinson-no-coincidira-con-el-nuevo-superman-ya-veremos-que-hacemos-de-aqui-en-adelante\/\">James Gunn<\/a> reconoci\u00f3 que, aunque el proceso de selecci\u00f3n est\u00e1 en marcha, todav\u00eda no hay una decisi\u00f3n respecto a qui\u00e9n portar\u00e1 el manto de Batman en la nueva etapa del DCU. \u201c\u00bfTengo ideas sobre actores para interpretar a Batman? Por supuesto que las tengo. Hay quienes me gustan. Hay personas en lo alto de la lista, igual que ocurri\u00f3 con Superman. Pero, al igual que con ese papel, las listas pueden cambiar\u201d, afirm\u00f3 Gunn seg\u00fan The Ringer-Verse.<\/p>\n<p class=\"paragraph\">Gunn remarc\u00f3 que, m\u00e1s all\u00e1 de los favoritos personales o de cualquier presi\u00f3n medi\u00e1tica, el procedimiento interno del estudio incluye audiciones exhaustivas, pruebas de pantalla y an\u00e1lisis meticulosos. \u201cEs poco probable que contratemos a alguien solo por ser una estrella como Sylvester Stallone para el papel de Batman. Aunque puede suceder. <b>S\u00e9 de al menos un actor muy famoso que quiere ser <\/b><b>Batman<\/b><b>, y hemos hablado sobre ello<\/b>. Pero no estoy seguro de que sea el indicado,\u201d a\u00f1adi\u00f3 el director, manteniendo en reserva los nombres de los posibles candidatos.<\/p>\n<p><img alt=\"James Gunn en el rodaje\" class=\"global-image\" decoding=\"async\" fetchpriority=\"low\" height=\"2000\" loading=\"lazy\" src=\"https:\/\/www.europesays.com\/es\/wp-content\/uploads\/2025\/09\/R4SIMAHT5ZGRLB6XNHW7KUGBVY.jpg\" width=\"3000\"\/>James Gunn en el rodaje de &#8216;Superman&#8217;<\/p>\n<p class=\"paragraph\">En las \u00faltimas semanas se han multiplicado los rumores sobre int\u00e9rpretes interesados o contactados por el estudio. Seg\u00fan han recogido medios de la industria, <b>Alan Ritchson<\/b>, protagonista de la serie Reacher, admiti\u00f3 en una entrevista reciente haber mantenido conversaciones sobre el personaje con los responsables de DC Studios. No obstante, Gunn se neg\u00f3 a confirmar cualquier v\u00ednculo con actores espec\u00edficos, advirtiendo que las especulaciones pueden estar tanto acertadas como equivocadas.<\/p>\n<p class=\"paragraph\">La pel\u00edcula The Brave and the Bold est\u00e1 llamada a introducir una versi\u00f3n veterana y asentada de Batman, en constante interacci\u00f3n con los miembros de la denominada batifamilia. En esta entrega, destaca tambi\u00e9n la presencia de Damian Wayne, el hijo biol\u00f3gico de Bruce Wayne, quien adoptar\u00e1 el rol de Robin. Esta decisi\u00f3n creativa busca diferenciar la propuesta de la versi\u00f3n encabezada por Pattinson e integrar din\u00e1micas familiares y de legado dentro de la mitolog\u00eda del personaje.<\/p>\n<p class=\"paragraph\">En cuanto al guion, Gunn explic\u00f3 que la elaboraci\u00f3n avanza, aunque el libreto final no est\u00e1 listo. \u201cEl guion no est\u00e1 terminado. Alguien est\u00e1 escribi\u00e9ndolo y me parece muy bueno, pero a\u00fan falta para finalizarlo\u201d, precis\u00f3. La finalizaci\u00f3n del guion se considera un paso cr\u00edtico antes de cerrar el casting y avanzar en otros aspectos de la producci\u00f3n, seg\u00fan las propias palabras del ejecutivo, recogidas por The Ringer-Verse.<\/p>\n<p class=\"paragraph\">De momento, The Brave and the Bold sigue sin fecha concreta de estreno y sin protagonista confirmado, pero <b>DC Studios<\/b>, bajo el liderazgo de <b>James Gunn<\/b>, prioriza este relanzamiento como pieza clave de su estrategia para redefinir el universo cinematogr\u00e1fico superheroico. La expectativa en torno a la selecci\u00f3n definitiva de Batman se mantiene, mientras avanzan tanto la escritura del guion como las negociaciones con potenciales estrellas dispuestas a asumir uno de los papeles m\u00e1s ic\u00f3nicos de Hollywood.<\/p>\n","protected":false},"excerpt":{"rendered":"Imagen de &#8216;Batman: el cruzado enmascarado&#8217; El futuro de Batman en el universo de DC Studios sigue siendo&hellip;\n","protected":false},"author":2,"featured_media":128424,"comment_status":"","ping_status":"","sticky":false,"template":"","format":"standard","meta":{"footnotes":""},"categories":[169],"tags":[177,146,147,25,24,176,175,23],"class_list":{"0":"post-128423","1":"post","2":"type-post","3":"status-publish","4":"format-standard","5":"has-post-thumbnail","7":"category-cine","8":"tag-cine","9":"tag-entertainment","10":"tag-entretenimiento","11":"tag-es","12":"tag-espana","13":"tag-film","14":"tag-movies","15":"tag-spain"},"share_on_mastodon":{"url":"","error":""},"_links":{"self":[{"href":"https:\/\/www.europesays.com\/es\/wp-json\/wp\/v2\/posts\/128423","targetHints":{"allow":["GET"]}}],"collection":[{"href":"https:\/\/www.europesays.com\/es\/wp-json\/wp\/v2\/posts"}],"about":[{"href":"https:\/\/www.europesays.com\/es\/wp-json\/wp\/v2\/types\/post"}],"author":[{"embeddable":true,"href":"https:\/\/www.europesays.com\/es\/wp-json\/wp\/v2\/users\/2"}],"replies":[{"embeddable":true,"href":"https:\/\/www.europesays.com\/es\/wp-json\/wp\/v2\/comments?post=128423"}],"version-history":[{"count":0,"href":"https:\/\/www.europesays.com\/es\/wp-json\/wp\/v2\/posts\/128423\/revisions"}],"wp:featuredmedia":[{"embeddable":true,"href":"https:\/\/www.europesays.com\/es\/wp-json\/wp\/v2\/media\/128424"}],"wp:attachment":[{"href":"https:\/\/www.europesays.com\/es\/wp-json\/wp\/v2\/media?parent=128423"}],"wp:term":[{"taxonomy":"category","embeddable":true,"href":"https:\/\/www.europesays.com\/es\/wp-json\/wp\/v2\/categories?post=128423"},{"taxonomy":"post_tag","embeddable":true,"href":"https:\/\/www.europesays.com\/es\/wp-json\/wp\/v2\/tags?post=128423"}],"curies":[{"name":"wp","href":"https:\/\/api.w.org\/{rel}","templated":true}]}}